{"id":16099,"date":"2021-01-20T13:33:35","date_gmt":"2021-01-20T16:33:35","guid":{"rendered":"https:\/\/justicapotiguar.com.br\/?p=16099"},"modified":"2021-01-20T13:00:05","modified_gmt":"2021-01-20T16:00:05","slug":"mestrado-em-direito-da-ufrn-esta-com-inscricoes-abertas","status":"publish","type":"post","link":"https:\/\/justicapotiguar.com.br\/index.php\/2021\/01\/20\/mestrado-em-direito-da-ufrn-esta-com-inscricoes-abertas\/","title":{"rendered":"Mestrado em Direito da UFRN est\u00e1 com inscri\u00e7\u00f5es abertas"},"content":{"rendered":"\n<figure class=\"wp-block-image size-large\"><img loading=\"lazy\" width=\"600\" height=\"400\" src=\"https:\/\/justicapotiguar.com.br\/wp-content\/uploads\/2019\/08\/UFRN-entrada.png\" alt=\"\" class=\"wp-image-551\" srcset=\"https:\/\/justicapotiguar.com.br\/wp-content\/uploads\/2019\/08\/UFRN-entrada.png 600w, https:\/\/justicapotiguar.com.br\/wp-content\/uploads\/2019\/08\/UFRN-entrada-300x200.png 300w\" sizes=\"(max-width: 600px) 100vw, 600px\" \/><figcaption>Reprodu\u00e7\u00e3o<\/figcaption><\/figure>\n\n\n\n<p>O&nbsp; Programa de P\u00f3s-Gradua\u00e7\u00e3o em Direito (PPGD), do Centro de Ci\u00eancias Sociais Aplicadas (CCSA), da UFRN, est\u00e1 com inscri\u00e7\u00f5es abertas, at\u00e9 o dia 01 de fevereiro, para o curso de&nbsp; Mestrado em Direito. As vagas s\u00e3o para a \u00e1rea de <em>Concentra\u00e7\u00e3o em Constitui\u00e7\u00e3o e Garantia de Direitos<\/em>, com ingresso&nbsp; para o semestre letivo de 2021.1. As inscri\u00e7\u00f5es podem ser feitas atrav\u00e9s do <a href=\"https:\/\/sigaa.ufrn.br\/sigaa\/public\/processo_seletivo\/lista.jsf\" target=\"_blank\" rel=\"noreferrer noopener\">Sigaa<\/a>.<\/p>\n\n\n\n<p>Ser\u00e3o ofertadas um total de 89 vagas de demanda aberta de ampla concorr\u00eancia que ser\u00e3o distribu\u00eddas de acordo com a capacidade de oferta de cada uma das Linhas de Pesquisa e dos projetos a elas vinculados. Ser\u00e3o ofertadas 15 vagas adicionais para capacita\u00e7\u00e3o interna de servidores efetivos ativos do quadro permanente da UFRN.<\/p><div class=\"urubt69f23a1e21d33\" ><!--<a href=\"https:\/\/bit.ly\/3QdrqTZ\" target=\"_blank\">\n<img src=\"https:\/\/justicapotiguar.com.br\/wp-content\/uploads\/2023\/09\/mobile-geral.gif\"\/><a\/>--><\/div><style type=\"text\/css\">\r\n.urubt69f23a1e21d33 {\r\ntext-align: center;\r\n}\r\n@media screen and (min-width: 1201px) {\r\n.urubt69f23a1e21d33 {\r\ndisplay: none;\r\n}\r\n}\r\n@media screen and (min-width: 993px) and (max-width: 1200px) {\r\n.urubt69f23a1e21d33 {\r\ndisplay: none;\r\n}\r\n}\r\n@media screen and (min-width: 769px) and (max-width: 992px) {\r\n.urubt69f23a1e21d33 {\r\ndisplay: none;\r\n}\r\n}\r\n@media screen and (min-width: 768px) and (max-width: 768px) {\r\n.urubt69f23a1e21d33 {\r\ndisplay: block;\r\n}\r\n}\r\n@media screen and (max-width: 767px) {\r\n.urubt69f23a1e21d33 {\r\ndisplay: block;\r\n}\r\n}\r\n<\/style>\r\n<div class=\"zlsqo69f23a1e21d1a\" ><!--<a href=\"https:\/\/bit.ly\/3QdrqTZ\" target=\"_blank\">\n<img src=\"https:\/\/justicapotiguar.com.br\/wp-content\/uploads\/2023\/09\/desktop-geral.gif\"\/><a\/>--><\/div><style type=\"text\/css\">\r\n.zlsqo69f23a1e21d1a {\r\ntext-align: center;\nmargin-bottom: 1em;\r\n}\r\n@media screen and (min-width: 1201px) {\r\n.zlsqo69f23a1e21d1a {\r\ndisplay: block;\r\n}\r\n}\r\n@media screen and (min-width: 993px) and (max-width: 1200px) {\r\n.zlsqo69f23a1e21d1a {\r\ndisplay: block;\r\n}\r\n}\r\n@media screen and (min-width: 769px) and (max-width: 992px) {\r\n.zlsqo69f23a1e21d1a {\r\ndisplay: block;\r\n}\r\n}\r\n@media screen and (min-width: 768px) and (max-width: 768px) {\r\n.zlsqo69f23a1e21d1a {\r\ndisplay: none;\r\n}\r\n}\r\n@media screen and (max-width: 767px) {\r\n.zlsqo69f23a1e21d1a {\r\ndisplay: none;\r\n}\r\n}\r\n<\/style>\r\n\n\n\n\n<p>As etapas de sele\u00e7\u00e3o ser\u00e3o divididas em: homologa\u00e7\u00e3o das inscri\u00e7\u00f5es; prova de conhecimentos jur\u00eddicos; exame de profici\u00eancia em l\u00edngua estrangeira; defesa oral e argui\u00e7\u00e3o do projeto de pesquisa e avalia\u00e7\u00e3o do Curr\u00edculo Lattes. O Cronograma de todas as etapas do processo seletivo do Mestrado em Direito encontra-se no Anexo IV presente no <a href=\"https:\/\/ccsa.ufrn.br\/portal\/wp-content\/uploads\/2021\/01\/Edital01_2021_PPGD.pdf\" target=\"_blank\" rel=\"noreferrer noopener\">EDITAL N\u00ba. 01<\/a>.<\/p>\n\n\n\n<p>A divulga\u00e7\u00e3o do Resultado final est\u00e1 prevista para o dia 26 de maio. O resultado de cada etapa do Processo Seletivo ser\u00e1 inserido como documento PDF e divulgado como not\u00edcia prioritariamente na \u00e1rea do candidato na p\u00e1gina eletr\u00f4nica do Processo Seletivo atrav\u00e9s do <a href=\"https:\/\/sigaa.ufrn.br\/sigaa\/public\/processo_seletivo\/lista.jsf?nivel=S&amp;aba=p-stricto\" target=\"_blank\" rel=\"noreferrer noopener\">Sigaa<\/a>.<\/p>\n","protected":false},"excerpt":{"rendered":"<p>O&nbsp; Programa de P\u00f3s-Gradua\u00e7\u00e3o em Direito (PPGD), do Centro de Ci\u00eancias Sociais Aplicadas (CCSA), da UFRN, est\u00e1 com inscri\u00e7\u00f5es abertas, at\u00e9 o dia 01 de fevereiro, para o curso de&nbsp; Mestrado em Direito. As vagas s\u00e3o para a \u00e1rea de Concentra\u00e7\u00e3o em Constitui\u00e7\u00e3o e Garantia de Direitos, com ingresso&nbsp; para o semestre letivo de 2021.1.<br \/><a class=\"more-link\" href=\"https:\/\/justicapotiguar.com.br\/index.php\/2021\/01\/20\/mestrado-em-direito-da-ufrn-esta-com-inscricoes-abertas\/\">Mais&#8230;<\/a><\/p>\n","protected":false},"author":5,"featured_media":551,"comment_status":"open","ping_status":"open","sticky":false,"template":"","format":"standard","meta":[],"categories":[3],"tags":[],"_links":{"self":[{"href":"https:\/\/justicapotiguar.com.br\/index.php\/wp-json\/wp\/v2\/posts\/16099"}],"collection":[{"href":"https:\/\/justicapotiguar.com.br\/index.php\/wp-json\/wp\/v2\/posts"}],"about":[{"href":"https:\/\/justicapotiguar.com.br\/index.php\/wp-json\/wp\/v2\/types\/post"}],"author":[{"embeddable":true,"href":"https:\/\/justicapotiguar.com.br\/index.php\/wp-json\/wp\/v2\/users\/5"}],"replies":[{"embeddable":true,"href":"https:\/\/justicapotiguar.com.br\/index.php\/wp-json\/wp\/v2\/comments?post=16099"}],"version-history":[{"count":1,"href":"https:\/\/justicapotiguar.com.br\/index.php\/wp-json\/wp\/v2\/posts\/16099\/revisions"}],"predecessor-version":[{"id":16100,"href":"https:\/\/justicapotiguar.com.br\/index.php\/wp-json\/wp\/v2\/posts\/16099\/revisions\/16100"}],"wp:featuredmedia":[{"embeddable":true,"href":"https:\/\/justicapotiguar.com.br\/index.php\/wp-json\/wp\/v2\/media\/551"}],"wp:attachment":[{"href":"https:\/\/justicapotiguar.com.br\/index.php\/wp-json\/wp\/v2\/media?parent=16099"}],"wp:term":[{"taxonomy":"category","embeddable":true,"href":"https:\/\/justicapotiguar.com.br\/index.php\/wp-json\/wp\/v2\/categories?post=16099"},{"taxonomy":"post_tag","embeddable":true,"href":"https:\/\/justicapotiguar.com.br\/index.php\/wp-json\/wp\/v2\/tags?post=16099"}],"curies":[{"name":"wp","href":"https:\/\/api.w.org\/{rel}","templated":true}]}}