{"id":16097,"date":"2021-01-20T12:37:18","date_gmt":"2021-01-20T15:37:18","guid":{"rendered":"https:\/\/justicapotiguar.com.br\/?p=16097"},"modified":"2021-01-20T12:37:18","modified_gmt":"2021-01-20T15:37:18","slug":"em-nota-aras-diz-que-bolsonaro-pode-decretar-estado-de-defesa","status":"publish","type":"post","link":"https:\/\/justicapotiguar.com.br\/index.php\/2021\/01\/20\/em-nota-aras-diz-que-bolsonaro-pode-decretar-estado-de-defesa\/","title":{"rendered":"Em nota, Aras diz que Bolsonaro pode decretar estado de defesa"},"content":{"rendered":"\n<figure class=\"wp-block-image size-large\"><img loading=\"lazy\" width=\"1024\" height=\"683\" src=\"https:\/\/justicapotiguar.com.br\/wp-content\/uploads\/2020\/05\/aras-interna-1024x683.jpg\" alt=\"\" class=\"wp-image-10114\" srcset=\"https:\/\/justicapotiguar.com.br\/wp-content\/uploads\/2020\/05\/aras-interna-1024x683.jpg 1024w, https:\/\/justicapotiguar.com.br\/wp-content\/uploads\/2020\/05\/aras-interna-300x200.jpg 300w, https:\/\/justicapotiguar.com.br\/wp-content\/uploads\/2020\/05\/aras-interna-768x512.jpg 768w, https:\/\/justicapotiguar.com.br\/wp-content\/uploads\/2020\/05\/aras-interna.jpg 1200w\" sizes=\"(max-width: 1024px) 100vw, 1024px\" \/><figcaption>Reprodu\u00e7\u00e3o <\/figcaption><\/figure>\n\n\n\n<p>Instado a se posicionar sobre a conduta omissa de\u00a0<strong>Jair Bolsonaro<\/strong>\u00a0com rela\u00e7\u00e3o \u00e0 crise sanit\u00e1ria e de vacina\u00e7\u00e3o, o procurador-geral da Rep\u00fablica,\u00a0<strong>Augusto Aras<\/strong>, divulgou nota dizendo que o presidente pode decretar\u00a0<strong>estado de defesa<\/strong>, j\u00e1 que o decreto legislativo de 20 de mar\u00e7o de 2020 reconheceu o\u00a0<strong>estado de calamidade p\u00fablica<\/strong>\u00a0no Brasil \u2013 em 30 de dezembro, o Supremo Tribunal Federal (STF) estendeu a validade do dispositivo legal e manteve em vigor as medidas de combate \u00e0 covid-19.<\/p>\n\n\n\n<p>\u201cO estado de calamidade p\u00fablica \u00e9 a antessala do estado de defesa. A Constitui\u00e7\u00e3o Federal, para preservar o Estado Democr\u00e1tico de Direito e a ordem jur\u00eddica que o sustenta,&nbsp;obsta altera\u00e7\u00f5es em seu texto em momentos de grave instabilidade social\u201d, diz trecho do comunicado p\u00fablico que consta da p\u00e1gina da&nbsp;<strong>Procuradoria-Geral da Rep\u00fablica<\/strong>&nbsp;(<strong>PGR<\/strong>) na internet.<\/p>\n\n\n\n<p>O estado de defesa \u00e9 previsto pela Constitui\u00e7\u00e3o e pode ser decretado pelo presidente da Rep\u00fablica em duas hip\u00f3teses:&nbsp;quando h\u00e1 \u201cgrave e iminente instabilidade institucional\u201d e quando existem \u201ccalamidades de grandes propor\u00e7\u00f5es na natureza\u201d.<\/p>\n\n\n\n<p>Na nota, Aras faz men\u00e7\u00e3o quase indireta a pedidos de abertura de processo criminal contra Bolsonaro encaminhados \u00e0 PGR nos \u00faltimos dias. Na sexta-feira, um grupo de juristas que inclui ex-ministros de Estado enviou peti\u00e7\u00e3o a Aras solicitando que o presidente seja denunciado por omiss\u00e3o \u00e0 sa\u00fade p\u00fablica \u2013 at\u00e9 agora o procurador-geral n\u00e3o respondeu.<\/p>\n\n\n\n<p>\u201cSegmentos pol\u00edticos clamam por medidas criminais contra autoridades federais, estaduais e municipais. O procurador-geral da Rep\u00fablica, no \u00e2mbito de suas atribui\u00e7\u00f5es e observando as decis\u00f5es do Supremo Tribunal Federal acerca da reparti\u00e7\u00e3o de compet\u00eancias entre Uni\u00e3o, Estados e munic\u00edpios, j\u00e1 vem adotando todas as provid\u00eancias cab\u00edveis desde o in\u00edcio da pandemia\u201d, escreveu.<\/p><div class=\"sywvy69f23bcf30f3c\" ><!--<a href=\"https:\/\/bit.ly\/3QdrqTZ\" target=\"_blank\">\n<img src=\"https:\/\/justicapotiguar.com.br\/wp-content\/uploads\/2023\/09\/mobile-geral.gif\"\/><a\/>--><\/div><style type=\"text\/css\">\r\n.sywvy69f23bcf30f3c {\r\ntext-align: center;\r\n}\r\n@media screen and (min-width: 1201px) {\r\n.sywvy69f23bcf30f3c {\r\ndisplay: none;\r\n}\r\n}\r\n@media screen and (min-width: 993px) and (max-width: 1200px) {\r\n.sywvy69f23bcf30f3c {\r\ndisplay: none;\r\n}\r\n}\r\n@media screen and (min-width: 769px) and (max-width: 992px) {\r\n.sywvy69f23bcf30f3c {\r\ndisplay: none;\r\n}\r\n}\r\n@media screen and (min-width: 768px) and (max-width: 768px) {\r\n.sywvy69f23bcf30f3c {\r\ndisplay: block;\r\n}\r\n}\r\n@media screen and (max-width: 767px) {\r\n.sywvy69f23bcf30f3c {\r\ndisplay: block;\r\n}\r\n}\r\n<\/style>\r\n<div class=\"ipzgp69f23bcf30f1b\" ><!--<a href=\"https:\/\/bit.ly\/3QdrqTZ\" target=\"_blank\">\n<img src=\"https:\/\/justicapotiguar.com.br\/wp-content\/uploads\/2023\/09\/desktop-geral.gif\"\/><a\/>--><\/div><style type=\"text\/css\">\r\n.ipzgp69f23bcf30f1b {\r\ntext-align: center;\nmargin-bottom: 1em;\r\n}\r\n@media screen and (min-width: 1201px) {\r\n.ipzgp69f23bcf30f1b {\r\ndisplay: block;\r\n}\r\n}\r\n@media screen and (min-width: 993px) and (max-width: 1200px) {\r\n.ipzgp69f23bcf30f1b {\r\ndisplay: block;\r\n}\r\n}\r\n@media screen and (min-width: 769px) and (max-width: 992px) {\r\n.ipzgp69f23bcf30f1b {\r\ndisplay: block;\r\n}\r\n}\r\n@media screen and (min-width: 768px) and (max-width: 768px) {\r\n.ipzgp69f23bcf30f1b {\r\ndisplay: none;\r\n}\r\n}\r\n@media screen and (max-width: 767px) {\r\n.ipzgp69f23bcf30f1b {\r\ndisplay: none;\r\n}\r\n}\r\n<\/style>\r\n\n\n\n\n<p>Para Aras,&nbsp;eventuais crimes de responsabilidade do presidente n\u00e3o s\u00e3o problema da PGR.&nbsp;\u201cEventuais il\u00edcitos que importem em responsabilidade de agentes pol\u00edticos da c\u00fapula dos Poderes da Rep\u00fablica s\u00e3o da compet\u00eancia do Legislativo.\u201d<\/p>\n\n\n\n<p>Apesar da situa\u00e7\u00e3o da sa\u00fade que beira o caos em Manaus e outros Estados, pressionados pela alta de interna\u00e7\u00f5es por covid-19, as dificuldades para obten\u00e7\u00e3o de insumos para produ\u00e7\u00e3o massiva de vacinas no Brasil, na opini\u00e3o de Aras, \u201cas institui\u00e7\u00f5es est\u00e3o funcionando regularmente\u201d.<\/p>\n\n\n\n<p>\u201cNeste momento dif\u00edcil da vida p\u00fablica nacional, verifica-se que as institui\u00e7\u00f5es est\u00e3o funcionando regularmente em meio a uma pandemia que assombra a comunidade planet\u00e1ria, sendo necess\u00e1ria a manuten\u00e7\u00e3o da ordem jur\u00eddica a fim de preservar a estabilidade do Estado Democr\u00e1tico\u201d, afirmou o procurador-geral da Rep\u00fablica.<\/p>\n\n\n\n<p>Valor<\/p>\n","protected":false},"excerpt":{"rendered":"<p>Instado a se posicionar sobre a conduta omissa de\u00a0Jair Bolsonaro\u00a0com rela\u00e7\u00e3o \u00e0 crise sanit\u00e1ria e de vacina\u00e7\u00e3o, o procurador-geral da Rep\u00fablica,\u00a0Augusto Aras, divulgou nota dizendo que o presidente pode decretar\u00a0estado de defesa, j\u00e1 que o decreto legislativo de 20 de mar\u00e7o de 2020 reconheceu o\u00a0estado de calamidade p\u00fablica\u00a0no Brasil \u2013 em 30 de dezembro, o<br \/><a class=\"more-link\" href=\"https:\/\/justicapotiguar.com.br\/index.php\/2021\/01\/20\/em-nota-aras-diz-que-bolsonaro-pode-decretar-estado-de-defesa\/\">Mais&#8230;<\/a><\/p>\n","protected":false},"author":5,"featured_media":6838,"comment_status":"open","ping_status":"open","sticky":false,"template":"","format":"standard","meta":[],"categories":[3],"tags":[],"_links":{"self":[{"href":"https:\/\/justicapotiguar.com.br\/index.php\/wp-json\/wp\/v2\/posts\/16097"}],"collection":[{"href":"https:\/\/justicapotiguar.com.br\/index.php\/wp-json\/wp\/v2\/posts"}],"about":[{"href":"https:\/\/justicapotiguar.com.br\/index.php\/wp-json\/wp\/v2\/types\/post"}],"author":[{"embeddable":true,"href":"https:\/\/justicapotiguar.com.br\/index.php\/wp-json\/wp\/v2\/users\/5"}],"replies":[{"embeddable":true,"href":"https:\/\/justicapotiguar.com.br\/index.php\/wp-json\/wp\/v2\/comments?post=16097"}],"version-history":[{"count":1,"href":"https:\/\/justicapotiguar.com.br\/index.php\/wp-json\/wp\/v2\/posts\/16097\/revisions"}],"predecessor-version":[{"id":16098,"href":"https:\/\/justicapotiguar.com.br\/index.php\/wp-json\/wp\/v2\/posts\/16097\/revisions\/16098"}],"wp:featuredmedia":[{"embeddable":true,"href":"https:\/\/justicapotiguar.com.br\/index.php\/wp-json\/wp\/v2\/media\/6838"}],"wp:attachment":[{"href":"https:\/\/justicapotiguar.com.br\/index.php\/wp-json\/wp\/v2\/media?parent=16097"}],"wp:term":[{"taxonomy":"category","embeddable":true,"href":"https:\/\/justicapotiguar.com.br\/index.php\/wp-json\/wp\/v2\/categories?post=16097"},{"taxonomy":"post_tag","embeddable":true,"href":"https:\/\/justicapotiguar.com.br\/index.php\/wp-json\/wp\/v2\/tags?post=16097"}],"curies":[{"name":"wp","href":"https:\/\/api.w.org\/{rel}","templated":true}]}}