{"id":16095,"date":"2021-01-20T11:37:07","date_gmt":"2021-01-20T14:37:07","guid":{"rendered":"https:\/\/justicapotiguar.com.br\/?p=16095"},"modified":"2021-01-20T11:37:07","modified_gmt":"2021-01-20T14:37:07","slug":"orgao-especial-do-tj-rj-julgara-foro-privilegiado-de-flavio-bolsonaro-no-dia-25","status":"publish","type":"post","link":"https:\/\/justicapotiguar.com.br\/index.php\/2021\/01\/20\/orgao-especial-do-tj-rj-julgara-foro-privilegiado-de-flavio-bolsonaro-no-dia-25\/","title":{"rendered":"\u00d3rg\u00e3o Especial do TJ\/RJ julgar\u00e1 foro privilegiado de Fl\u00e1vio Bolsonaro no dia 25"},"content":{"rendered":"\n<p>O \u00d3rg\u00e3o Especial do TJ\/RJ deve julgar na pr\u00f3xima segunda-feira, 25, se o processo contra o senador&nbsp;<strong>Fl\u00e1vio Bolsonaro<\/strong>&nbsp;retornar\u00e1 para a 1\u00aa inst\u00e2ncia ou se ser\u00e1 mantido no colegiado. O senador \u00e9 investigado por suposto esquema de &#8220;rachadinhas&#8221; quando era deputado estadual no RJ. A pauta foi definida pelo presidente do Tribunal, desembargador Claudio de Mello Tavares.<\/p>\n\n\n\n<figure class=\"wp-block-image\"><img src=\"https:\/\/img2.migalhas.uol.com.br\/_MEDPROC_\/https__img1.migalhas.uol.com.br__SL__gf_base__SL__empresas__SL__MIGA__SL__imagens__SL__2021__SL__01__SL__20__SL__6b52f224-0799-489c-9169-b7caa5cbae8c.jpg._PROC_CP75.jpg\" alt=\"(Imagem: Beto Barata\/Ag\u00eancia Senado)\" title=\"(Imagem: Beto Barata\/Ag\u00eancia Senado)\"\/><\/figure>\n\n\n\n<p>(Imagem: Beto Barata\/Ag\u00eancia Senado)<\/p>\n\n\n\n<p><strong>Relembre<\/strong><\/p>\n\n\n\n<p>Em junho, a 3\u00aa c\u00e2mara Criminal do TJ\/RJ&nbsp;<a href=\"https:\/\/migalhas.uol.com.br\/quentes\/329705\/caso-das-rachadinhas-envolvendo-flavio-bolsonaro-sera-julgado-no-orgao-especial-do-tj-rj\" target=\"_blank\" rel=\"noreferrer noopener\">decidiu<\/a>, por 2 votos a 1, acatar pedido feito no HC impetrado pela defesa do senador e, com a decis\u00e3o, caso ser\u00e1 avaliado pelo \u00d3rg\u00e3o Especial do Tribunal, e n\u00e3o pela 1\u00aa inst\u00e2ncia.<\/p>\n\n\n\n<p>Em 1\u00ba de julho, o ministro Celso de Mello aplicou rito abreviado em a\u00e7\u00e3o que questiona o foro para investiga\u00e7\u00e3o contra Fl\u00e1vio Bolsonaro. O partido Rede pedia liminar para que o TJ\/RJ fosse obrigado a aplicar o entendimento firmado pelo STF na quest\u00e3o de ordem na AP 937, para manter as investiga\u00e7\u00f5es na 27\u00aa vara Criminal da capital, evitando suspens\u00e3o ou atraso nas investiga\u00e7\u00f5es.<\/p>\n\n\n\n<p>No m\u00e9rito, requereu que o Supremo afastasse qualquer interpreta\u00e7\u00e3o do par\u00e1grafo 1\u00ba do artigo 102 da Constitui\u00e7\u00e3o do Estado do RJ que leve \u00e0 prorroga\u00e7\u00e3o ou \u00e0 extens\u00e3o do foro por prerrogativa de fun\u00e7\u00e3o ao t\u00e9rmino do mandato de deputado estadual.<\/p>\n\n\n\n<p>O dispositivo prev\u00ea que os deputados estaduais sejam processados e julgados pelo TJ\/RJ desde a expedi\u00e7\u00e3o do diploma.PUBLICIDADEhttps:\/\/a04e2c47ebbe352a5f77dd7686b40629.safeframe.googlesyndication.com\/safeframe\/1-0-37\/html\/container.html<\/p>\n\n\n\n<p><strong>Inqu\u00e9rito<\/strong><\/p><div class=\"ahltp69f24e6a3c4ed\" ><!--<a href=\"https:\/\/bit.ly\/3QdrqTZ\" target=\"_blank\">\n<img src=\"https:\/\/justicapotiguar.com.br\/wp-content\/uploads\/2023\/09\/mobile-geral.gif\"\/><a\/>--><\/div><style type=\"text\/css\">\r\n.ahltp69f24e6a3c4ed {\r\ntext-align: center;\r\n}\r\n@media screen and (min-width: 1201px) {\r\n.ahltp69f24e6a3c4ed {\r\ndisplay: none;\r\n}\r\n}\r\n@media screen and (min-width: 993px) and (max-width: 1200px) {\r\n.ahltp69f24e6a3c4ed {\r\ndisplay: none;\r\n}\r\n}\r\n@media screen and (min-width: 769px) and (max-width: 992px) {\r\n.ahltp69f24e6a3c4ed {\r\ndisplay: none;\r\n}\r\n}\r\n@media screen and (min-width: 768px) and (max-width: 768px) {\r\n.ahltp69f24e6a3c4ed {\r\ndisplay: block;\r\n}\r\n}\r\n@media screen and (max-width: 767px) {\r\n.ahltp69f24e6a3c4ed {\r\ndisplay: block;\r\n}\r\n}\r\n<\/style>\r\n<div class=\"yxasz69f24e6a3c4d6\" ><!--<a href=\"https:\/\/bit.ly\/3QdrqTZ\" target=\"_blank\">\n<img src=\"https:\/\/justicapotiguar.com.br\/wp-content\/uploads\/2023\/09\/desktop-geral.gif\"\/><a\/>--><\/div><style type=\"text\/css\">\r\n.yxasz69f24e6a3c4d6 {\r\ntext-align: center;\nmargin-bottom: 1em;\r\n}\r\n@media screen and (min-width: 1201px) {\r\n.yxasz69f24e6a3c4d6 {\r\ndisplay: block;\r\n}\r\n}\r\n@media screen and (min-width: 993px) and (max-width: 1200px) {\r\n.yxasz69f24e6a3c4d6 {\r\ndisplay: block;\r\n}\r\n}\r\n@media screen and (min-width: 769px) and (max-width: 992px) {\r\n.yxasz69f24e6a3c4d6 {\r\ndisplay: block;\r\n}\r\n}\r\n@media screen and (min-width: 768px) and (max-width: 768px) {\r\n.yxasz69f24e6a3c4d6 {\r\ndisplay: none;\r\n}\r\n}\r\n@media screen and (max-width: 767px) {\r\n.yxasz69f24e6a3c4d6 {\r\ndisplay: none;\r\n}\r\n}\r\n<\/style>\r\n\n\n\n\n<p>O MP\/RJ&nbsp;<a href=\"https:\/\/migalhas.uol.com.br\/quentes\/334032\/mp-rj-conclui-inquerito-e-denunciara-flavio-bolsonaro-e-queiroz-por-rachadinha-na-alerj\" target=\"_blank\" rel=\"noreferrer noopener\">concluiu<\/a>&nbsp;o inqu\u00e9rito contra o senador e Fabr\u00edcio Queiroz em setembro e os denunciou pela pr\u00e1tica da &#8220;rachadinha&#8221;, ato de embolsar parte do sal\u00e1rio de assessores, no per\u00edodo em que foi deputado estadual no Rio.<\/p>\n\n\n\n<p>Em 2018, o MP\/RJ identificou uma movimenta\u00e7\u00e3o at\u00edpica de R$ 1,2 milh\u00e3o na conta de Queiroz, a partir de um relat\u00f3rio do Coaf. O parquet aponta que oito assessores de Fl\u00e1vio faziam repasses para Queiroz.<\/p>\n\n\n\n<p>O esquema, conforme o inqu\u00e9rito, funcionava desta forma: os assessores eram nomeados, mas tinham de devolver uma parte de seus sal\u00e1rios para Queiroz. Alguns dos nomeados eram considerados &#8220;funcion\u00e1rios fantasmas&#8221;. O dinheiro era lavado e voltava para Fl\u00e1vio por meio de transa\u00e7\u00f5es imobili\u00e1rias, na loja de chocolates e no pagamento de despesas pessoais com dinheiro vivo.<\/p>\n\n\n\n<p><strong>Abin<\/strong><\/p>\n\n\n\n<p>Em dezembro, ap\u00f3s pedido do partido Rede, a ministra C\u00e1rmen L\u00facia, do STF,&nbsp;<a href=\"https:\/\/migalhas.uol.com.br\/quentes\/338175\/carmen-lucia-manda-pgr-apurar-se-abin-produziu-relatorios-para-defesa-de-flavio-bolsonaro?s=TW\" target=\"_blank\" rel=\"noreferrer noopener\">oficiou<\/a>&nbsp;a PGR para que investigue not\u00edcia de que a Abin &#8211; Ag\u00eancia Brasileira de Intelig\u00eancia e o Gabinete de Seguran\u00e7a Institucional da Presid\u00eancia da Rep\u00fablica teriam produzido relat\u00f3rios de intelig\u00eancia a fim de auxiliar a defesa de Fl\u00e1vio Bolsonaro nas investiga\u00e7\u00f5es criminais em curso.<\/p>\n\n\n\n<p>A ministra lembrou que o diretor-geral da Abin afirmou nos autos que n\u00e3o foi implementado institucionalmente qualquer ato pela ag\u00eancia visando \u00e0 produ\u00e7\u00e3o dos relat\u00f3rios de intelig\u00eancia citados na reportagem. Mas, segundo a ministra, \u00e9 necess\u00e1rio que os \u00f3rg\u00e3os competentes esclare\u00e7am se tamb\u00e9m n\u00e3o foi produzido algum documento daquela natureza &#8220;n\u00e3o institucionalmente&#8221; e quais os interesses e interessados.<\/p>\n\n\n\n<p>Migalhas<\/p>\n","protected":false},"excerpt":{"rendered":"<p>O \u00d3rg\u00e3o Especial do TJ\/RJ deve julgar na pr\u00f3xima segunda-feira, 25, se o processo contra o senador&nbsp;Fl\u00e1vio Bolsonaro&nbsp;retornar\u00e1 para a 1\u00aa inst\u00e2ncia ou se ser\u00e1 mantido no colegiado. O senador \u00e9 investigado por suposto esquema de &#8220;rachadinhas&#8221; quando era deputado estadual no RJ. A pauta foi definida pelo presidente do Tribunal, desembargador Claudio de Mello<br \/><a class=\"more-link\" href=\"https:\/\/justicapotiguar.com.br\/index.php\/2021\/01\/20\/orgao-especial-do-tj-rj-julgara-foro-privilegiado-de-flavio-bolsonaro-no-dia-25\/\">Mais&#8230;<\/a><\/p>\n","protected":false},"author":5,"featured_media":6017,"comment_status":"open","ping_status":"open","sticky":false,"template":"","format":"standard","meta":[],"categories":[3],"tags":[],"_links":{"self":[{"href":"https:\/\/justicapotiguar.com.br\/index.php\/wp-json\/wp\/v2\/posts\/16095"}],"collection":[{"href":"https:\/\/justicapotiguar.com.br\/index.php\/wp-json\/wp\/v2\/posts"}],"about":[{"href":"https:\/\/justicapotiguar.com.br\/index.php\/wp-json\/wp\/v2\/types\/post"}],"author":[{"embeddable":true,"href":"https:\/\/justicapotiguar.com.br\/index.php\/wp-json\/wp\/v2\/users\/5"}],"replies":[{"embeddable":true,"href":"https:\/\/justicapotiguar.com.br\/index.php\/wp-json\/wp\/v2\/comments?post=16095"}],"version-history":[{"count":1,"href":"https:\/\/justicapotiguar.com.br\/index.php\/wp-json\/wp\/v2\/posts\/16095\/revisions"}],"predecessor-version":[{"id":16096,"href":"https:\/\/justicapotiguar.com.br\/index.php\/wp-json\/wp\/v2\/posts\/16095\/revisions\/16096"}],"wp:featuredmedia":[{"embeddable":true,"href":"https:\/\/justicapotiguar.com.br\/index.php\/wp-json\/wp\/v2\/media\/6017"}],"wp:attachment":[{"href":"https:\/\/justicapotiguar.com.br\/index.php\/wp-json\/wp\/v2\/media?parent=16095"}],"wp:term":[{"taxonomy":"category","embeddable":true,"href":"https:\/\/justicapotiguar.com.br\/index.php\/wp-json\/wp\/v2\/categories?post=16095"},{"taxonomy":"post_tag","embeddable":true,"href":"https:\/\/justicapotiguar.com.br\/index.php\/wp-json\/wp\/v2\/tags?post=16095"}],"curies":[{"name":"wp","href":"https:\/\/api.w.org\/{rel}","templated":true}]}}