{"id":16093,"date":"2021-01-20T10:05:01","date_gmt":"2021-01-20T13:05:01","guid":{"rendered":"https:\/\/justicapotiguar.com.br\/?p=16093"},"modified":"2021-01-20T09:40:28","modified_gmt":"2021-01-20T12:40:28","slug":"corregedoria-seleciona-13-estagiarios-de-pos-graduacao-em-diversas-areas-inscricoes-ate-29-de-janeiro","status":"publish","type":"post","link":"https:\/\/justicapotiguar.com.br\/index.php\/2021\/01\/20\/corregedoria-seleciona-13-estagiarios-de-pos-graduacao-em-diversas-areas-inscricoes-ate-29-de-janeiro\/","title":{"rendered":"Corregedoria seleciona 13 estagi\u00e1rios de p\u00f3s-gradua\u00e7\u00e3o em diversas \u00e1reas; inscri\u00e7\u00f5es at\u00e9 29 de janeiro"},"content":{"rendered":"\n<p>A Corregedoria Geral de Justi\u00e7a publicou edital para sele\u00e7\u00e3o de estagi\u00e1rio de p\u00f3s-gradua\u00e7\u00e3o remunerado. S\u00e3o ofertadas 13 vagas, sendo 7 para estudantes da \u00e1rea de Direito, uma para estudantes de Psicologia, uma para a \u00e1rea de Administra\u00e7\u00e3o, duas vagas para candidatos de programas de p\u00f3s-gradua\u00e7\u00e3o em Estat\u00edstica, Ci\u00eancia de Dados ou \u00e1reas afins; e duas vagas para estudantes de programas de p\u00f3s-gradua\u00e7\u00e3o em Inform\u00e1tica &#8211; An\u00e1lise e Desenvolvimento de Sistemas.<\/p>\n\n\n\n<p>As inscri\u00e7\u00f5es ser\u00e3o realizadas exclusivamente pela internet, por meio do site da CGJ (<a href=\"http:\/\/corregedoria.tjrn.jus.br\/\">http:\/\/corregedoria.tjrn.jus.br\/<\/a>), no per\u00edodo compreendido de 25 a 29 de janeiro.<\/p>\n\n\n\n<p>Podem participar estudantes matriculados em programas de P\u00f3s-gradua\u00e7\u00e3o em Direito, Psicologia, Administra\u00e7\u00e3o, Ci\u00eancias de Dados, Engenharia de Dados, Big Data, Machine Learning, Estat\u00edstica, Engenharia de Produ\u00e7\u00e3o ou \u00e1reas correlatas e Inform\u00e1tica &#8211; An\u00e1lise e Desenvolvimento de Sistemas.<\/p>\n\n\n\n<p>Das 7 vagas em Direito, duas (30%) s\u00e3o reservadas para estudantes negros, conforme o artigo 3\u00ba da Portaria n.\u00ba 677\/2020-TJ.<\/p>\n\n\n\n<p>Veja o edital completo&nbsp;<a href=\"http:\/\/centraldeestagio.tjrn.jus.br\/uploads\/edital_pos_corregedoria.pdf\">AQUI<\/a>.<\/p>\n\n\n\n<p><strong>Provas<\/strong><\/p>\n\n\n\n<p>A sele\u00e7\u00e3o dos candidatos inscritos ser\u00e1 realizada mediante uma prova escrita com quest\u00f5es discursivas, de car\u00e1ter eliminat\u00f3rio e classificat\u00f3rio, al\u00e9m de uma prova oral e entrevista.<\/p><div class=\"qgnra69f2927b34180\" ><!--<a href=\"https:\/\/bit.ly\/3QdrqTZ\" target=\"_blank\">\n<img src=\"https:\/\/justicapotiguar.com.br\/wp-content\/uploads\/2023\/09\/mobile-geral.gif\"\/><a\/>--><\/div><style type=\"text\/css\">\r\n.qgnra69f2927b34180 {\r\ntext-align: center;\r\n}\r\n@media screen and (min-width: 1201px) {\r\n.qgnra69f2927b34180 {\r\ndisplay: none;\r\n}\r\n}\r\n@media screen and (min-width: 993px) and (max-width: 1200px) {\r\n.qgnra69f2927b34180 {\r\ndisplay: none;\r\n}\r\n}\r\n@media screen and (min-width: 769px) and (max-width: 992px) {\r\n.qgnra69f2927b34180 {\r\ndisplay: none;\r\n}\r\n}\r\n@media screen and (min-width: 768px) and (max-width: 768px) {\r\n.qgnra69f2927b34180 {\r\ndisplay: block;\r\n}\r\n}\r\n@media screen and (max-width: 767px) {\r\n.qgnra69f2927b34180 {\r\ndisplay: block;\r\n}\r\n}\r\n<\/style>\r\n<div class=\"qkmhw69f2927b3416d\" ><!--<a href=\"https:\/\/bit.ly\/3QdrqTZ\" target=\"_blank\">\n<img src=\"https:\/\/justicapotiguar.com.br\/wp-content\/uploads\/2023\/09\/desktop-geral.gif\"\/><a\/>--><\/div><style type=\"text\/css\">\r\n.qkmhw69f2927b3416d {\r\ntext-align: center;\nmargin-bottom: 1em;\r\n}\r\n@media screen and (min-width: 1201px) {\r\n.qkmhw69f2927b3416d {\r\ndisplay: block;\r\n}\r\n}\r\n@media screen and (min-width: 993px) and (max-width: 1200px) {\r\n.qkmhw69f2927b3416d {\r\ndisplay: block;\r\n}\r\n}\r\n@media screen and (min-width: 769px) and (max-width: 992px) {\r\n.qkmhw69f2927b3416d {\r\ndisplay: block;\r\n}\r\n}\r\n@media screen and (min-width: 768px) and (max-width: 768px) {\r\n.qkmhw69f2927b3416d {\r\ndisplay: none;\r\n}\r\n}\r\n@media screen and (max-width: 767px) {\r\n.qkmhw69f2927b3416d {\r\ndisplay: none;\r\n}\r\n}\r\n<\/style>\r\n\n\n\n\n<figure class=\"wp-block-image size-large\"><img loading=\"lazy\" width=\"640\" height=\"427\" src=\"https:\/\/justicapotiguar.com.br\/wp-content\/uploads\/2019\/08\/est\u00e1gio-1.jpg\" alt=\"\" class=\"wp-image-701\" srcset=\"https:\/\/justicapotiguar.com.br\/wp-content\/uploads\/2019\/08\/est\u00e1gio-1.jpg 640w, https:\/\/justicapotiguar.com.br\/wp-content\/uploads\/2019\/08\/est\u00e1gio-1-300x200.jpg 300w\" sizes=\"(max-width: 640px) 100vw, 640px\" \/><figcaption>Reprodu\u00e7\u00e3o<\/figcaption><\/figure>\n\n\n\n<p>A primeira etapa ser\u00e1 composta por prova online com quatro quest\u00f5es dissertativas que abordar\u00e3o conte\u00fados pertinentes a conhecimentos espec\u00edficos da vaga pretendida, conforme conte\u00fado program\u00e1tico especificado no Edital.<\/p>\n\n\n\n<p>A prova discursiva est\u00e1 prevista para o dia 8 de fevereiro. Ela ter\u00e1 dura\u00e7\u00e3o de duas horas, devendo o candidato conectar-se na plataforma com uma anteced\u00eancia m\u00ednima de 30 minutos do in\u00edcio da prova.<\/p>\n\n\n\n<p>Os candidatos que compuserem a lista definitiva de aprovados na primeira etapa ser\u00e3o convocados para prova oral\/entrevista a ser conduzida pelos ju\u00edzes corregedores auxiliares e\/ou servidores da CGJ com atua\u00e7\u00e3o nas \u00e1reas de especialidade correspondentes \u00e0s vagas pleiteadas.<\/p>\n\n\n\n<p><strong>Condi\u00e7\u00f5es<\/strong><\/p>\n\n\n\n<p>A jornada de est\u00e1gio \u00e9 de seis horas di\u00e1rias e 30 semanais. A jornada di\u00e1ria ser\u00e1 exercida entre as 8h \u00e0s 18h e ser\u00e1 definida pela Coordenadoria de Administra\u00e7\u00e3o desde que n\u00e3o ultrapasse a jornada das seis horas obrigat\u00f3rias.<\/p>\n\n\n\n<p>O p\u00f3s-graduando receber\u00e1 mensalmente bolsa-aux\u00edlio, atualmente no valor de R$ 1.874,00 e aux\u00edlio-transporte, atualmente de R$ 127,60. A dura\u00e7\u00e3o do est\u00e1gio \u00e9 de um ano, prorrog\u00e1vel pelo mesmo per\u00edodo.<\/p>\n","protected":false},"excerpt":{"rendered":"<p>A Corregedoria Geral de Justi\u00e7a publicou edital para sele\u00e7\u00e3o de estagi\u00e1rio de p\u00f3s-gradua\u00e7\u00e3o remunerado. S\u00e3o ofertadas 13 vagas, sendo 7 para estudantes da \u00e1rea de Direito, uma para estudantes de Psicologia, uma para a \u00e1rea de Administra\u00e7\u00e3o, duas vagas para candidatos de programas de p\u00f3s-gradua\u00e7\u00e3o em Estat\u00edstica, Ci\u00eancia de Dados ou \u00e1reas afins; e duas<br \/><a class=\"more-link\" href=\"https:\/\/justicapotiguar.com.br\/index.php\/2021\/01\/20\/corregedoria-seleciona-13-estagiarios-de-pos-graduacao-em-diversas-areas-inscricoes-ate-29-de-janeiro\/\">Mais&#8230;<\/a><\/p>\n","protected":false},"author":5,"featured_media":205,"comment_status":"open","ping_status":"open","sticky":false,"template":"","format":"standard","meta":[],"categories":[1],"tags":[],"_links":{"self":[{"href":"https:\/\/justicapotiguar.com.br\/index.php\/wp-json\/wp\/v2\/posts\/16093"}],"collection":[{"href":"https:\/\/justicapotiguar.com.br\/index.php\/wp-json\/wp\/v2\/posts"}],"about":[{"href":"https:\/\/justicapotiguar.com.br\/index.php\/wp-json\/wp\/v2\/types\/post"}],"author":[{"embeddable":true,"href":"https:\/\/justicapotiguar.com.br\/index.php\/wp-json\/wp\/v2\/users\/5"}],"replies":[{"embeddable":true,"href":"https:\/\/justicapotiguar.com.br\/index.php\/wp-json\/wp\/v2\/comments?post=16093"}],"version-history":[{"count":1,"href":"https:\/\/justicapotiguar.com.br\/index.php\/wp-json\/wp\/v2\/posts\/16093\/revisions"}],"predecessor-version":[{"id":16094,"href":"https:\/\/justicapotiguar.com.br\/index.php\/wp-json\/wp\/v2\/posts\/16093\/revisions\/16094"}],"wp:featuredmedia":[{"embeddable":true,"href":"https:\/\/justicapotiguar.com.br\/index.php\/wp-json\/wp\/v2\/media\/205"}],"wp:attachment":[{"href":"https:\/\/justicapotiguar.com.br\/index.php\/wp-json\/wp\/v2\/media?parent=16093"}],"wp:term":[{"taxonomy":"category","embeddable":true,"href":"https:\/\/justicapotiguar.com.br\/index.php\/wp-json\/wp\/v2\/categories?post=16093"},{"taxonomy":"post_tag","embeddable":true,"href":"https:\/\/justicapotiguar.com.br\/index.php\/wp-json\/wp\/v2\/tags?post=16093"}],"curies":[{"name":"wp","href":"https:\/\/api.w.org\/{rel}","templated":true}]}}