{"id":16061,"date":"2021-01-18T18:05:58","date_gmt":"2021-01-18T21:05:58","guid":{"rendered":"https:\/\/justicapotiguar.com.br\/?p=16061"},"modified":"2021-01-18T16:09:14","modified_gmt":"2021-01-18T19:09:14","slug":"stf-intima-pazuello-e-agu-a-atualizar-plano-de-vacinacao","status":"publish","type":"post","link":"https:\/\/justicapotiguar.com.br\/index.php\/2021\/01\/18\/stf-intima-pazuello-e-agu-a-atualizar-plano-de-vacinacao\/","title":{"rendered":"STF intima Pazuello e AGU a atualizar plano de vacina\u00e7\u00e3o"},"content":{"rendered":"\n<figure class=\"wp-block-image size-large\"><img loading=\"lazy\" width=\"680\" height=\"443\" src=\"https:\/\/justicapotiguar.com.br\/wp-content\/uploads\/2020\/03\/B072C1DFCCE6B623C0E8D146A752BFF2E068_lewan.jpg\" alt=\"\" class=\"wp-image-7665\" srcset=\"https:\/\/justicapotiguar.com.br\/wp-content\/uploads\/2020\/03\/B072C1DFCCE6B623C0E8D146A752BFF2E068_lewan.jpg 680w, https:\/\/justicapotiguar.com.br\/wp-content\/uploads\/2020\/03\/B072C1DFCCE6B623C0E8D146A752BFF2E068_lewan-300x195.jpg 300w\" sizes=\"(max-width: 680px) 100vw, 680px\" \/><\/figure>\n\n\n\n<p>O ministro Ricardo Lewandowski, do Supremo Tribunal Federal (STF), decidiu nesta segunda-feira intimar o ministro da Sa\u00fade, Eduardo Pazuello, e o advogado-geral da Uni\u00e3o, Jos\u00e9 Levi Mello, para que atualizem o plano nacional de vacina\u00e7\u00e3o contra covid-19.<\/p>\n\n\n\n<p>A determina\u00e7\u00e3o do ministro do STF ocorre ap\u00f3s Pazuello ter decidido antecipar o in\u00edcio da imuniza\u00e7\u00e3o do pa\u00eds para esta segunda-feira. Isso ocorreu ap\u00f3s press\u00e3o de governadores e depois de o Estado de S\u00e3o Paulo, governado por Jo\u00e3o Doria, ter come\u00e7ado a vacinar emergencialmente ap\u00f3s autoriza\u00e7\u00e3o da Ag\u00eancia Nacional de Vigil\u00e2ncia Sanit\u00e1ria (Anvisa).<\/p><div class=\"dnpev69f2254d3ae56\" ><!--<a href=\"https:\/\/bit.ly\/3QdrqTZ\" target=\"_blank\">\n<img src=\"https:\/\/justicapotiguar.com.br\/wp-content\/uploads\/2023\/09\/mobile-geral.gif\"\/><a\/>--><\/div><style type=\"text\/css\">\r\n.dnpev69f2254d3ae56 {\r\ntext-align: center;\r\n}\r\n@media screen and (min-width: 1201px) {\r\n.dnpev69f2254d3ae56 {\r\ndisplay: none;\r\n}\r\n}\r\n@media screen and (min-width: 993px) and (max-width: 1200px) {\r\n.dnpev69f2254d3ae56 {\r\ndisplay: none;\r\n}\r\n}\r\n@media screen and (min-width: 769px) and (max-width: 992px) {\r\n.dnpev69f2254d3ae56 {\r\ndisplay: none;\r\n}\r\n}\r\n@media screen and (min-width: 768px) and (max-width: 768px) {\r\n.dnpev69f2254d3ae56 {\r\ndisplay: block;\r\n}\r\n}\r\n@media screen and (max-width: 767px) {\r\n.dnpev69f2254d3ae56 {\r\ndisplay: block;\r\n}\r\n}\r\n<\/style>\r\n<div class=\"pwkbs69f2254d3ae42\" ><!--<a href=\"https:\/\/bit.ly\/3QdrqTZ\" target=\"_blank\">\n<img src=\"https:\/\/justicapotiguar.com.br\/wp-content\/uploads\/2023\/09\/desktop-geral.gif\"\/><a\/>--><\/div><style type=\"text\/css\">\r\n.pwkbs69f2254d3ae42 {\r\ntext-align: center;\nmargin-bottom: 1em;\r\n}\r\n@media screen and (min-width: 1201px) {\r\n.pwkbs69f2254d3ae42 {\r\ndisplay: block;\r\n}\r\n}\r\n@media screen and (min-width: 993px) and (max-width: 1200px) {\r\n.pwkbs69f2254d3ae42 {\r\ndisplay: block;\r\n}\r\n}\r\n@media screen and (min-width: 769px) and (max-width: 992px) {\r\n.pwkbs69f2254d3ae42 {\r\ndisplay: block;\r\n}\r\n}\r\n@media screen and (min-width: 768px) and (max-width: 768px) {\r\n.pwkbs69f2254d3ae42 {\r\ndisplay: none;\r\n}\r\n}\r\n@media screen and (max-width: 767px) {\r\n.pwkbs69f2254d3ae42 {\r\ndisplay: none;\r\n}\r\n}\r\n<\/style>\r\n\n\n\n\n<p>A decis\u00e3o foi tomada no \u00e2mbito de uma a\u00e7\u00e3o movida por cinco partidos de oposi\u00e7\u00e3o que foram ao STF garantir a vacina\u00e7\u00e3o da popula\u00e7\u00e3o contra Covid-19 com a CoronaVac,\u00a0desenvolvida em parceira com o Instituto Butantan e o laborat\u00f3rio chin\u00eas Sinovac.<\/p>\n\n\n\n<p>Terra<\/p>\n","protected":false},"excerpt":{"rendered":"<p>O ministro Ricardo Lewandowski, do Supremo Tribunal Federal (STF), decidiu nesta segunda-feira intimar o ministro da Sa\u00fade, Eduardo Pazuello, e o advogado-geral da Uni\u00e3o, Jos\u00e9 Levi Mello, para que atualizem o plano nacional de vacina\u00e7\u00e3o contra covid-19. A determina\u00e7\u00e3o do ministro do STF ocorre ap\u00f3s Pazuello ter decidido antecipar o in\u00edcio da imuniza\u00e7\u00e3o do pa\u00eds<br \/><a class=\"more-link\" href=\"https:\/\/justicapotiguar.com.br\/index.php\/2021\/01\/18\/stf-intima-pazuello-e-agu-a-atualizar-plano-de-vacinacao\/\">Mais&#8230;<\/a><\/p>\n","protected":false},"author":5,"featured_media":7665,"comment_status":"open","ping_status":"open","sticky":false,"template":"","format":"standard","meta":[],"categories":[3],"tags":[],"_links":{"self":[{"href":"https:\/\/justicapotiguar.com.br\/index.php\/wp-json\/wp\/v2\/posts\/16061"}],"collection":[{"href":"https:\/\/justicapotiguar.com.br\/index.php\/wp-json\/wp\/v2\/posts"}],"about":[{"href":"https:\/\/justicapotiguar.com.br\/index.php\/wp-json\/wp\/v2\/types\/post"}],"author":[{"embeddable":true,"href":"https:\/\/justicapotiguar.com.br\/index.php\/wp-json\/wp\/v2\/users\/5"}],"replies":[{"embeddable":true,"href":"https:\/\/justicapotiguar.com.br\/index.php\/wp-json\/wp\/v2\/comments?post=16061"}],"version-history":[{"count":1,"href":"https:\/\/justicapotiguar.com.br\/index.php\/wp-json\/wp\/v2\/posts\/16061\/revisions"}],"predecessor-version":[{"id":16062,"href":"https:\/\/justicapotiguar.com.br\/index.php\/wp-json\/wp\/v2\/posts\/16061\/revisions\/16062"}],"wp:featuredmedia":[{"embeddable":true,"href":"https:\/\/justicapotiguar.com.br\/index.php\/wp-json\/wp\/v2\/media\/7665"}],"wp:attachment":[{"href":"https:\/\/justicapotiguar.com.br\/index.php\/wp-json\/wp\/v2\/media?parent=16061"}],"wp:term":[{"taxonomy":"category","embeddable":true,"href":"https:\/\/justicapotiguar.com.br\/index.php\/wp-json\/wp\/v2\/categories?post=16061"},{"taxonomy":"post_tag","embeddable":true,"href":"https:\/\/justicapotiguar.com.br\/index.php\/wp-json\/wp\/v2\/tags?post=16061"}],"curies":[{"name":"wp","href":"https:\/\/api.w.org\/{rel}","templated":true}]}}