{"id":16046,"date":"2021-01-18T10:47:41","date_gmt":"2021-01-18T13:47:41","guid":{"rendered":"https:\/\/justicapotiguar.com.br\/?p=16046"},"modified":"2021-01-18T10:48:40","modified_gmt":"2021-01-18T13:48:40","slug":"decisao-do-tse-diz-que-caso-tre-rn-indefira-registro-de-candidatura-de-kerinho-dia-22-mineiro-assume-vaga-de-beto-rosado-na-camara","status":"publish","type":"post","link":"https:\/\/justicapotiguar.com.br\/index.php\/2021\/01\/18\/decisao-do-tse-diz-que-caso-tre-rn-indefira-registro-de-candidatura-de-kerinho-dia-22-mineiro-assume-vaga-de-beto-rosado-na-camara\/","title":{"rendered":"Decis\u00e3o do TSE diz que, caso TRE-RN negue registro de candidatura de Kerinho dia 22, Mineiro assume vaga de Beto Rosado na C\u00e2mara"},"content":{"rendered":"\n<figure class=\"wp-block-image size-large\"><img loading=\"lazy\" width=\"1024\" height=\"678\" src=\"https:\/\/justicapotiguar.com.br\/wp-content\/uploads\/2020\/09\/mineiro-beto-1024x678.jpg\" alt=\"\" class=\"wp-image-12898\" srcset=\"https:\/\/justicapotiguar.com.br\/wp-content\/uploads\/2020\/09\/mineiro-beto.jpg 1024w, https:\/\/justicapotiguar.com.br\/wp-content\/uploads\/2020\/09\/mineiro-beto-300x199.jpg 300w, https:\/\/justicapotiguar.com.br\/wp-content\/uploads\/2020\/09\/mineiro-beto-768x509.jpg 768w\" sizes=\"(max-width: 1024px) 100vw, 1024px\" \/><figcaption>Reprodu\u00e7\u00e3o<\/figcaption><\/figure>\n\n\n\n<p>O julgamento do \u201ccaso Kerinho\u201d marcado para a pr\u00f3xima sexta-feira, 22, \u00e0s 9h, no Pleno do Tribunal Regional Eleitoral (TRE-RN)poder\u00e1 provocar mudan\u00e7a na composi\u00e7\u00e3o da bancada potiguar na C\u00e2mara dos Deputados, com a sa\u00edda de Beto Rosado e a entrada de Fernando Mineiro.<\/p>\n\n\n\n<p>Isso, porque, segundo a decis\u00e3o do Tribunal Superior Eleitoral, relatada pelo ministro Jorge Mussi, em dezembro de 2018, que apontou que &#8220;\u00e9 necess\u00e1rio que o TRE\/RN recalcule os referidos quocientes no que toca ao cargo de deputado federal do Rio Grande do Norte, ressalvando-se que o resultado definitivo dos eleitos fica condicionado ao que se decidir no julgamento do presente registro\u201d.<\/p>\n\n\n\n<p>Ainda segundo a decis\u00e3o, que na \u00e9poca garantiu a soma dos votos de Kerinho que foi determinando para o quociente eleitoral que deu a cadeira de deputado federal a Beto Rosado, \u201ca validade dos votos atribu\u00eddos enquanto n\u00e3o houver posterior decis\u00e3o eventualmente negando a candidatura\u201d.<\/p>\n\n\n\n<p>O Justi\u00e7a Potiguar acompanha esse processo desde o in\u00edcio e da apresenta\u00e7\u00e3o das den\u00fancias de inelegibilidade e n\u00e3o desincompatibiliza\u00e7\u00e3o do cargo p\u00fablico para as elei\u00e7\u00f5es, do ent\u00e3o candidato a deputado federal Kericles Alves, o que ser\u00e1 julgado por infrigir a legisla\u00e7\u00e3o.<\/p><div class=\"boqcx69f239f5ca918\" ><!--<a href=\"https:\/\/bit.ly\/3QdrqTZ\" target=\"_blank\">\n<img src=\"https:\/\/justicapotiguar.com.br\/wp-content\/uploads\/2023\/09\/mobile-geral.gif\"\/><a\/>--><\/div><style type=\"text\/css\">\r\n.boqcx69f239f5ca918 {\r\ntext-align: center;\r\n}\r\n@media screen and (min-width: 1201px) {\r\n.boqcx69f239f5ca918 {\r\ndisplay: none;\r\n}\r\n}\r\n@media screen and (min-width: 993px) and (max-width: 1200px) {\r\n.boqcx69f239f5ca918 {\r\ndisplay: none;\r\n}\r\n}\r\n@media screen and (min-width: 769px) and (max-width: 992px) {\r\n.boqcx69f239f5ca918 {\r\ndisplay: none;\r\n}\r\n}\r\n@media screen and (min-width: 768px) and (max-width: 768px) {\r\n.boqcx69f239f5ca918 {\r\ndisplay: block;\r\n}\r\n}\r\n@media screen and (max-width: 767px) {\r\n.boqcx69f239f5ca918 {\r\ndisplay: block;\r\n}\r\n}\r\n<\/style>\r\n<div class=\"zxyfb69f239f5ca8f8\" ><!--<a href=\"https:\/\/bit.ly\/3QdrqTZ\" target=\"_blank\">\n<img src=\"https:\/\/justicapotiguar.com.br\/wp-content\/uploads\/2023\/09\/desktop-geral.gif\"\/><a\/>--><\/div><style type=\"text\/css\">\r\n.zxyfb69f239f5ca8f8 {\r\ntext-align: center;\nmargin-bottom: 1em;\r\n}\r\n@media screen and (min-width: 1201px) {\r\n.zxyfb69f239f5ca8f8 {\r\ndisplay: block;\r\n}\r\n}\r\n@media screen and (min-width: 993px) and (max-width: 1200px) {\r\n.zxyfb69f239f5ca8f8 {\r\ndisplay: block;\r\n}\r\n}\r\n@media screen and (min-width: 769px) and (max-width: 992px) {\r\n.zxyfb69f239f5ca8f8 {\r\ndisplay: block;\r\n}\r\n}\r\n@media screen and (min-width: 768px) and (max-width: 768px) {\r\n.zxyfb69f239f5ca8f8 {\r\ndisplay: none;\r\n}\r\n}\r\n@media screen and (max-width: 767px) {\r\n.zxyfb69f239f5ca8f8 {\r\ndisplay: none;\r\n}\r\n}\r\n<\/style>\r\n\n\n\n\n<p>O parecer do Minist\u00e9rio P\u00fablico Eleitoral foi em favor do indeferimento do registro de candidatura. O relator do caso no TRE-RN \u00e9 o juiz eleitoral Ricardo Tinoco.<\/p>\n\n\n\n<p>Confira decis\u00e3o do TSE abaixo:<\/p>\n\n\n\n<p><\/p>\n\n\n\n<div class=\"wp-block-file\"><a href=\"https:\/\/justicapotiguar.com.br\/wp-content\/uploads\/2021\/01\/Mussi-decisa\u0303o.pdf\">Mussi-decisa\u0303o<\/a><a href=\"https:\/\/justicapotiguar.com.br\/wp-content\/uploads\/2021\/01\/Mussi-decisa\u0303o.pdf\" class=\"wp-block-file__button\" download>Baixar<\/a><\/div>\n","protected":false},"excerpt":{"rendered":"<p>O julgamento do \u201ccaso Kerinho\u201d marcado para a pr\u00f3xima sexta-feira, 22, \u00e0s 9h, no Pleno do Tribunal Regional Eleitoral (TRE-RN)poder\u00e1 provocar mudan\u00e7a na composi\u00e7\u00e3o da bancada potiguar na C\u00e2mara dos Deputados, com a sa\u00edda de Beto Rosado e a entrada de Fernando Mineiro. Isso, porque, segundo a decis\u00e3o do Tribunal Superior Eleitoral, relatada pelo ministro<br \/><a class=\"more-link\" href=\"https:\/\/justicapotiguar.com.br\/index.php\/2021\/01\/18\/decisao-do-tse-diz-que-caso-tre-rn-indefira-registro-de-candidatura-de-kerinho-dia-22-mineiro-assume-vaga-de-beto-rosado-na-camara\/\">Mais&#8230;<\/a><\/p>\n","protected":false},"author":5,"featured_media":12898,"comment_status":"open","ping_status":"open","sticky":false,"template":"","format":"standard","meta":[],"categories":[3],"tags":[],"_links":{"self":[{"href":"https:\/\/justicapotiguar.com.br\/index.php\/wp-json\/wp\/v2\/posts\/16046"}],"collection":[{"href":"https:\/\/justicapotiguar.com.br\/index.php\/wp-json\/wp\/v2\/posts"}],"about":[{"href":"https:\/\/justicapotiguar.com.br\/index.php\/wp-json\/wp\/v2\/types\/post"}],"author":[{"embeddable":true,"href":"https:\/\/justicapotiguar.com.br\/index.php\/wp-json\/wp\/v2\/users\/5"}],"replies":[{"embeddable":true,"href":"https:\/\/justicapotiguar.com.br\/index.php\/wp-json\/wp\/v2\/comments?post=16046"}],"version-history":[{"count":2,"href":"https:\/\/justicapotiguar.com.br\/index.php\/wp-json\/wp\/v2\/posts\/16046\/revisions"}],"predecessor-version":[{"id":16049,"href":"https:\/\/justicapotiguar.com.br\/index.php\/wp-json\/wp\/v2\/posts\/16046\/revisions\/16049"}],"wp:featuredmedia":[{"embeddable":true,"href":"https:\/\/justicapotiguar.com.br\/index.php\/wp-json\/wp\/v2\/media\/12898"}],"wp:attachment":[{"href":"https:\/\/justicapotiguar.com.br\/index.php\/wp-json\/wp\/v2\/media?parent=16046"}],"wp:term":[{"taxonomy":"category","embeddable":true,"href":"https:\/\/justicapotiguar.com.br\/index.php\/wp-json\/wp\/v2\/categories?post=16046"},{"taxonomy":"post_tag","embeddable":true,"href":"https:\/\/justicapotiguar.com.br\/index.php\/wp-json\/wp\/v2\/tags?post=16046"}],"curies":[{"name":"wp","href":"https:\/\/api.w.org\/{rel}","templated":true}]}}