{"id":16039,"date":"2021-01-18T08:33:51","date_gmt":"2021-01-18T11:33:51","guid":{"rendered":"https:\/\/justicapotiguar.com.br\/?p=16039"},"modified":"2021-01-17T23:46:29","modified_gmt":"2021-01-18T02:46:29","slug":"nova-campanha-nacional-da-oab-reforca-defesa-da-valorizacao-dos-honorarios","status":"publish","type":"post","link":"https:\/\/justicapotiguar.com.br\/index.php\/2021\/01\/18\/nova-campanha-nacional-da-oab-reforca-defesa-da-valorizacao-dos-honorarios\/","title":{"rendered":"Nova campanha nacional da OAB refor\u00e7a defesa da valoriza\u00e7\u00e3o dos honor\u00e1rios"},"content":{"rendered":"\n<p>A OAB Nacional lan\u00e7a campanha em todo o pa\u00eds em defesa da valoriza\u00e7\u00e3o dos honor\u00e1rios advocat\u00edcios. Com o slogan &#8220;Valoriza\u00e7\u00e3o dos honor\u00e1rios. Respeito \u00e0 advocacia e a voc\u00ea, cidad\u00e3o&#8221;, a Ordem quer mobilizar toda a advocacia em defesa dos honor\u00e1rios. A OAB defende a constitucionalidade do artigo 85, par\u00e1grafo 3\u00ba, do C\u00f3digo de Processo Civil (CPC), que fixa o honor\u00e1rio conforme o valor da condena\u00e7\u00e3o (ADC 71) e n\u00e3o em um valor fixo.<\/p>\n\n\n\n<figure class=\"wp-block-image size-large\"><img loading=\"lazy\" width=\"525\" height=\"350\" src=\"https:\/\/justicapotiguar.com.br\/wp-content\/uploads\/2021\/01\/ca65801a024e879ba629151814ff1a76.jpg\" alt=\"\" class=\"wp-image-16040\" srcset=\"https:\/\/justicapotiguar.com.br\/wp-content\/uploads\/2021\/01\/ca65801a024e879ba629151814ff1a76.jpg 525w, https:\/\/justicapotiguar.com.br\/wp-content\/uploads\/2021\/01\/ca65801a024e879ba629151814ff1a76-300x200.jpg 300w\" sizes=\"(max-width: 525px) 100vw, 525px\" \/><figcaption>Reprodu\u00e7\u00e3o<\/figcaption><\/figure>\n\n\n\n<p>Na \u00faltima reuni\u00e3o do Col\u00e9gio de Presidentes ficou definido que ser\u00e1 enviado um memorial com assinaturas de todos os presidentes de seccionais aos tribunais superiores requerendo a completa adequa\u00e7\u00e3o dos valores de honor\u00e1rios advocat\u00edcios ao disposto no Novo C\u00f3digo de Processo Civil, que determina expressamente que a verba honor\u00e1ria seja fixada entre o m\u00ednimo de 10% e o m\u00e1ximo de 20% sobre o valor da condena\u00e7\u00e3o, do proveito econ\u00f4mico obtido ou, n\u00e3o sendo poss\u00edvel mensur\u00e1-lo, sobre o valor atualizado da causa.<\/p>\n\n\n\n<p>Outra defini\u00e7\u00e3o sobre o tema foi o apoio institucional ao Projeto de Lei 2365\/19 da C\u00e2mara dos Deputados, que veda a redu\u00e7\u00e3o equitativa de honor\u00e1rios sucumbenciais quando a causa possuir valor l\u00edquido ou liquid\u00e1veis e, quando for o caso de fixa\u00e7\u00e3o equitativa, que se utilize os par\u00e2metros da tabela de honor\u00e1rios da Ordem.<\/p><div class=\"hjgsz69f2254d385c2\" ><!--<a href=\"https:\/\/bit.ly\/3QdrqTZ\" target=\"_blank\">\n<img src=\"https:\/\/justicapotiguar.com.br\/wp-content\/uploads\/2023\/09\/mobile-geral.gif\"\/><a\/>--><\/div><style type=\"text\/css\">\r\n.hjgsz69f2254d385c2 {\r\ntext-align: center;\r\n}\r\n@media screen and (min-width: 1201px) {\r\n.hjgsz69f2254d385c2 {\r\ndisplay: none;\r\n}\r\n}\r\n@media screen and (min-width: 993px) and (max-width: 1200px) {\r\n.hjgsz69f2254d385c2 {\r\ndisplay: none;\r\n}\r\n}\r\n@media screen and (min-width: 769px) and (max-width: 992px) {\r\n.hjgsz69f2254d385c2 {\r\ndisplay: none;\r\n}\r\n}\r\n@media screen and (min-width: 768px) and (max-width: 768px) {\r\n.hjgsz69f2254d385c2 {\r\ndisplay: block;\r\n}\r\n}\r\n@media screen and (max-width: 767px) {\r\n.hjgsz69f2254d385c2 {\r\ndisplay: block;\r\n}\r\n}\r\n<\/style>\r\n<div class=\"khamw69f2254d385af\" ><!--<a href=\"https:\/\/bit.ly\/3QdrqTZ\" target=\"_blank\">\n<img src=\"https:\/\/justicapotiguar.com.br\/wp-content\/uploads\/2023\/09\/desktop-geral.gif\"\/><a\/>--><\/div><style type=\"text\/css\">\r\n.khamw69f2254d385af {\r\ntext-align: center;\nmargin-bottom: 1em;\r\n}\r\n@media screen and (min-width: 1201px) {\r\n.khamw69f2254d385af {\r\ndisplay: block;\r\n}\r\n}\r\n@media screen and (min-width: 993px) and (max-width: 1200px) {\r\n.khamw69f2254d385af {\r\ndisplay: block;\r\n}\r\n}\r\n@media screen and (min-width: 769px) and (max-width: 992px) {\r\n.khamw69f2254d385af {\r\ndisplay: block;\r\n}\r\n}\r\n@media screen and (min-width: 768px) and (max-width: 768px) {\r\n.khamw69f2254d385af {\r\ndisplay: none;\r\n}\r\n}\r\n@media screen and (max-width: 767px) {\r\n.khamw69f2254d385af {\r\ndisplay: none;\r\n}\r\n}\r\n<\/style>\r\n\n\n\n\n<p>A campanha \u00e9 mais uma iniciativa no esfor\u00e7o hist\u00f3rico da OAB, que atua permanentemente em defesa da advocacia e da valoriza\u00e7\u00e3o dos honor\u00e1rios. A luta contra o aviltamento da verba honor\u00e1ria tem in\u00fameras vit\u00f3rias para a categoria j\u00e1 conquistadas gra\u00e7as a esfor\u00e7os da Ordem e campanhas como esta, mas demanda a\u00e7\u00e3o permanente. A iniciativa visa a mobiliza\u00e7\u00e3o de toda a advocacia para garantir o cumprimento da lei e a luta pela valoriza\u00e7\u00e3o dos honor\u00e1rios.<\/p>\n\n\n\n<p>Valorizar a advocacia \u00e9 uma forma de defender a cidadania e a democracia, pois cabe a advogados e advogadas a tarefa de defender e assegurar os direitos fundamentais da sociedade e impedir retrocessos.<\/p>\n","protected":false},"excerpt":{"rendered":"<p>A OAB Nacional lan\u00e7a campanha em todo o pa\u00eds em defesa da valoriza\u00e7\u00e3o dos honor\u00e1rios advocat\u00edcios. Com o slogan &#8220;Valoriza\u00e7\u00e3o dos honor\u00e1rios. Respeito \u00e0 advocacia e a voc\u00ea, cidad\u00e3o&#8221;, a Ordem quer mobilizar toda a advocacia em defesa dos honor\u00e1rios. A OAB defende a constitucionalidade do artigo 85, par\u00e1grafo 3\u00ba, do C\u00f3digo de Processo Civil<br \/><a class=\"more-link\" href=\"https:\/\/justicapotiguar.com.br\/index.php\/2021\/01\/18\/nova-campanha-nacional-da-oab-reforca-defesa-da-valorizacao-dos-honorarios\/\">Mais&#8230;<\/a><\/p>\n","protected":false},"author":5,"featured_media":16040,"comment_status":"open","ping_status":"open","sticky":false,"template":"","format":"standard","meta":[],"categories":[3],"tags":[],"_links":{"self":[{"href":"https:\/\/justicapotiguar.com.br\/index.php\/wp-json\/wp\/v2\/posts\/16039"}],"collection":[{"href":"https:\/\/justicapotiguar.com.br\/index.php\/wp-json\/wp\/v2\/posts"}],"about":[{"href":"https:\/\/justicapotiguar.com.br\/index.php\/wp-json\/wp\/v2\/types\/post"}],"author":[{"embeddable":true,"href":"https:\/\/justicapotiguar.com.br\/index.php\/wp-json\/wp\/v2\/users\/5"}],"replies":[{"embeddable":true,"href":"https:\/\/justicapotiguar.com.br\/index.php\/wp-json\/wp\/v2\/comments?post=16039"}],"version-history":[{"count":1,"href":"https:\/\/justicapotiguar.com.br\/index.php\/wp-json\/wp\/v2\/posts\/16039\/revisions"}],"predecessor-version":[{"id":16041,"href":"https:\/\/justicapotiguar.com.br\/index.php\/wp-json\/wp\/v2\/posts\/16039\/revisions\/16041"}],"wp:featuredmedia":[{"embeddable":true,"href":"https:\/\/justicapotiguar.com.br\/index.php\/wp-json\/wp\/v2\/media\/16040"}],"wp:attachment":[{"href":"https:\/\/justicapotiguar.com.br\/index.php\/wp-json\/wp\/v2\/media?parent=16039"}],"wp:term":[{"taxonomy":"category","embeddable":true,"href":"https:\/\/justicapotiguar.com.br\/index.php\/wp-json\/wp\/v2\/categories?post=16039"},{"taxonomy":"post_tag","embeddable":true,"href":"https:\/\/justicapotiguar.com.br\/index.php\/wp-json\/wp\/v2\/tags?post=16039"}],"curies":[{"name":"wp","href":"https:\/\/api.w.org\/{rel}","templated":true}]}}