{"id":16037,"date":"2021-01-17T14:37:01","date_gmt":"2021-01-17T17:37:01","guid":{"rendered":"https:\/\/justicapotiguar.com.br\/?p=16037"},"modified":"2021-01-17T14:37:01","modified_gmt":"2021-01-17T17:37:01","slug":"augusto-aras-abre-inquerito-no-stj-sobre-crise-do-amazonas-no-combate-a-covid","status":"publish","type":"post","link":"https:\/\/justicapotiguar.com.br\/index.php\/2021\/01\/17\/augusto-aras-abre-inquerito-no-stj-sobre-crise-do-amazonas-no-combate-a-covid\/","title":{"rendered":"Augusto Aras abre inqu\u00e9rito no STJ sobre crise do Amazonas no combate \u00e0 covid"},"content":{"rendered":"\n<p>O procurador-Geral da Rep\u00fablica, Augusto Aras, determinou neste s\u00e1bado, 16, a abertura de inqu\u00e9rito no STJ para apurar eventual omiss\u00e3o do governador do Estado do Amazonas, Wilson Lima, e da Prefeitura de Manaus quanto \u00e0 ado\u00e7\u00e3o das medidas necess\u00e1rias ao enfrentamento da pandemia de covid-19, especialmente no tocante ao fornecimento de oxig\u00eanio medicinal.<\/p>\n\n\n\n<p>Augusto Aras tamb\u00e9m solicitou informa\u00e7\u00f5es ao ministro da Sa\u00fade, Eduardo Pazuello, acerca do cumprimento das medidas que s\u00e3o de compet\u00eancia da pasta. As provid\u00eancias da PGR consideram julgados do STF que afirmaram a compet\u00eancia de munic\u00edpios, Estados e Uni\u00e3o para atuar conjuntamente no combate \u00e0 pandemia, cabendo aos primeiros a execu\u00e7\u00e3o das medidas no \u00e2mbito local.<\/p>\n\n\n\n<p>O PGR tamb\u00e9m conversou com o presidente do Conselho Nacional de Procuradores-Gerais, Fabiano Dallazen, para solicitar a todos os procuradores-gerais de Justi\u00e7a e aos procuradores-gerais dos ramos do MPU que adotem medidas junto aos governantes locais para preven\u00e7\u00e3o da crise sanit\u00e1ria diante da expectativa de agravamento do quadro nos pr\u00f3ximos dias.<\/p>\n\n\n\n<figure class=\"wp-block-image\"><img src=\"https:\/\/img2.migalhas.uol.com.br\/_MEDPROC_\/https__img1.migalhas.uol.com.br__SL__gf_base__SL__empresas__SL__MIGA__SL__imagens__SL__2021__SL__01__SL__17__SL__15e6252d-b91c-4609-9a19-669d7b973c0e.jpg._PROC_CP75.jpg\" alt=\"(Imagem: Rosinei Coutinho\/STF)\" title=\"(Imagem: Rosinei Coutinho\/STF)\"\/><\/figure>\n\n\n\n<p>(Imagem: Rosinei Coutinho\/STF)<\/p><div class=\"qoauy69f23a1e87a35\" ><!--<a href=\"https:\/\/bit.ly\/3QdrqTZ\" target=\"_blank\">\n<img src=\"https:\/\/justicapotiguar.com.br\/wp-content\/uploads\/2023\/09\/mobile-geral.gif\"\/><a\/>--><\/div><style type=\"text\/css\">\r\n.qoauy69f23a1e87a35 {\r\ntext-align: center;\r\n}\r\n@media screen and (min-width: 1201px) {\r\n.qoauy69f23a1e87a35 {\r\ndisplay: none;\r\n}\r\n}\r\n@media screen and (min-width: 993px) and (max-width: 1200px) {\r\n.qoauy69f23a1e87a35 {\r\ndisplay: none;\r\n}\r\n}\r\n@media screen and (min-width: 769px) and (max-width: 992px) {\r\n.qoauy69f23a1e87a35 {\r\ndisplay: none;\r\n}\r\n}\r\n@media screen and (min-width: 768px) and (max-width: 768px) {\r\n.qoauy69f23a1e87a35 {\r\ndisplay: block;\r\n}\r\n}\r\n@media screen and (max-width: 767px) {\r\n.qoauy69f23a1e87a35 {\r\ndisplay: block;\r\n}\r\n}\r\n<\/style>\r\n<div class=\"hxalo69f23a1e87a1f\" ><!--<a href=\"https:\/\/bit.ly\/3QdrqTZ\" target=\"_blank\">\n<img src=\"https:\/\/justicapotiguar.com.br\/wp-content\/uploads\/2023\/09\/desktop-geral.gif\"\/><a\/>--><\/div><style type=\"text\/css\">\r\n.hxalo69f23a1e87a1f {\r\ntext-align: center;\nmargin-bottom: 1em;\r\n}\r\n@media screen and (min-width: 1201px) {\r\n.hxalo69f23a1e87a1f {\r\ndisplay: block;\r\n}\r\n}\r\n@media screen and (min-width: 993px) and (max-width: 1200px) {\r\n.hxalo69f23a1e87a1f {\r\ndisplay: block;\r\n}\r\n}\r\n@media screen and (min-width: 769px) and (max-width: 992px) {\r\n.hxalo69f23a1e87a1f {\r\ndisplay: block;\r\n}\r\n}\r\n@media screen and (min-width: 768px) and (max-width: 768px) {\r\n.hxalo69f23a1e87a1f {\r\ndisplay: none;\r\n}\r\n}\r\n@media screen and (max-width: 767px) {\r\n.hxalo69f23a1e87a1f {\r\ndisplay: none;\r\n}\r\n}\r\n<\/style>\r\n\n\n\n\n<p>O Estado do Amazonas enfrentou falta de oxig\u00eanio em hospitais nesta semana. A PGR, por meio do Gabinete Integrado de Acompanhamento da Epidemia Covid-19, institu\u00eddo pelo procurador-geral em mar\u00e7o de 2020, fomentou o di\u00e1logo entre a Anvisa, as For\u00e7as Armadas, o minist\u00e9rio da Sa\u00fade, a empresa White Martins, fornecedora de oxig\u00eanio e outros \u00f3rg\u00e3os, e conseguiu obter solu\u00e7\u00f5es emergenciais para o problema pela via administrativa.<\/p>\n\n\n\n<p>A Procuradoria da Rep\u00fablica no Amazonas tamb\u00e9m adotou medidas judiciais que entendeu serem pertinentes diante do grave cen\u00e1rio vivenciado.<\/p>\n\n\n\n<p>Desde o in\u00edcio da pandemia, a PGR tem tomado provid\u00eancias para auxiliar no combate \u00e0 covid-19, como carrear recursos de multas judiciais e extrajudiciais para \u00f3rg\u00e3os de sa\u00fade e promover a articula\u00e7\u00e3o, via Giac, entre membros do Minist\u00e9rio P\u00fablico de todo o pa\u00eds e autoridades nos diversos n\u00edveis de governo a fim de agilizar a solu\u00e7\u00e3o de problemas. Entre outras tarefas, o Giac garantiu respostas r\u00e1pidas, no ano passado, sobre a distribui\u00e7\u00e3o de respiradores e kits intuba\u00e7\u00e3o.<\/p>\n\n\n\n<p><em>Informa\u00e7\u00f5es: MPF<\/em><\/p>\n","protected":false},"excerpt":{"rendered":"<p>O procurador-Geral da Rep\u00fablica, Augusto Aras, determinou neste s\u00e1bado, 16, a abertura de inqu\u00e9rito no STJ para apurar eventual omiss\u00e3o do governador do Estado do Amazonas, Wilson Lima, e da Prefeitura de Manaus quanto \u00e0 ado\u00e7\u00e3o das medidas necess\u00e1rias ao enfrentamento da pandemia de covid-19, especialmente no tocante ao fornecimento de oxig\u00eanio medicinal. Augusto Aras<br \/><a class=\"more-link\" href=\"https:\/\/justicapotiguar.com.br\/index.php\/2021\/01\/17\/augusto-aras-abre-inquerito-no-stj-sobre-crise-do-amazonas-no-combate-a-covid\/\">Mais&#8230;<\/a><\/p>\n","protected":false},"author":5,"featured_media":6838,"comment_status":"open","ping_status":"open","sticky":false,"template":"","format":"standard","meta":[],"categories":[3],"tags":[],"_links":{"self":[{"href":"https:\/\/justicapotiguar.com.br\/index.php\/wp-json\/wp\/v2\/posts\/16037"}],"collection":[{"href":"https:\/\/justicapotiguar.com.br\/index.php\/wp-json\/wp\/v2\/posts"}],"about":[{"href":"https:\/\/justicapotiguar.com.br\/index.php\/wp-json\/wp\/v2\/types\/post"}],"author":[{"embeddable":true,"href":"https:\/\/justicapotiguar.com.br\/index.php\/wp-json\/wp\/v2\/users\/5"}],"replies":[{"embeddable":true,"href":"https:\/\/justicapotiguar.com.br\/index.php\/wp-json\/wp\/v2\/comments?post=16037"}],"version-history":[{"count":1,"href":"https:\/\/justicapotiguar.com.br\/index.php\/wp-json\/wp\/v2\/posts\/16037\/revisions"}],"predecessor-version":[{"id":16038,"href":"https:\/\/justicapotiguar.com.br\/index.php\/wp-json\/wp\/v2\/posts\/16037\/revisions\/16038"}],"wp:featuredmedia":[{"embeddable":true,"href":"https:\/\/justicapotiguar.com.br\/index.php\/wp-json\/wp\/v2\/media\/6838"}],"wp:attachment":[{"href":"https:\/\/justicapotiguar.com.br\/index.php\/wp-json\/wp\/v2\/media?parent=16037"}],"wp:term":[{"taxonomy":"category","embeddable":true,"href":"https:\/\/justicapotiguar.com.br\/index.php\/wp-json\/wp\/v2\/categories?post=16037"},{"taxonomy":"post_tag","embeddable":true,"href":"https:\/\/justicapotiguar.com.br\/index.php\/wp-json\/wp\/v2\/tags?post=16037"}],"curies":[{"name":"wp","href":"https:\/\/api.w.org\/{rel}","templated":true}]}}