{"id":16034,"date":"2021-01-17T11:46:07","date_gmt":"2021-01-17T14:46:07","guid":{"rendered":"https:\/\/justicapotiguar.com.br\/?p=16034"},"modified":"2021-01-17T11:46:02","modified_gmt":"2021-01-17T14:46:02","slug":"trt-rn-abre-ano-judiciario-com-sessao-telepresencial-no-dia-21","status":"publish","type":"post","link":"https:\/\/justicapotiguar.com.br\/index.php\/2021\/01\/17\/trt-rn-abre-ano-judiciario-com-sessao-telepresencial-no-dia-21\/","title":{"rendered":"TRT-RN abre ano judici\u00e1rio com sess\u00e3o telepresencial no dia 21"},"content":{"rendered":"\n<figure class=\"wp-block-image size-large\"><img loading=\"lazy\" width=\"460\" height=\"300\" src=\"https:\/\/justicapotiguar.com.br\/wp-content\/uploads\/2021\/01\/Audiencias-presenciais-Intra.jpg\" alt=\"\" class=\"wp-image-16035\" srcset=\"https:\/\/justicapotiguar.com.br\/wp-content\/uploads\/2021\/01\/Audiencias-presenciais-Intra.jpg 460w, https:\/\/justicapotiguar.com.br\/wp-content\/uploads\/2021\/01\/Audiencias-presenciais-Intra-300x196.jpg 300w\" sizes=\"(max-width: 460px) 100vw, 460px\" \/><figcaption>Reprodu\u00e7\u00e3o<\/figcaption><\/figure>\n\n\n\n<p>Na quinta-feira (21), o Tribunal Regional do Trabalho da 21\u00aa Regi\u00e3o (TRT-RN) vai realizar uma sess\u00e3o telepresencial de abertura do Ano Judici\u00e1rio 2021, a partir das 9h, com transmiss\u00e3o pela internet no canal do Youtube do TRT.<\/p>\n\n\n\n<p>A solenidade vai marcar o retorno das audi\u00eancias nas unidades judici\u00e1rias da capital e do interior do Rio Grande do Norte, que est\u00e3o suspensas desde o dia 20 de dezembro, bem como os prazos processuais, nos termos do art. 220 do C\u00f3digo de Processo Civil (CPC) de 2015. &nbsp;&nbsp;<\/p><div class=\"wtkdp69f227048eb89\" ><!--<a href=\"https:\/\/bit.ly\/3QdrqTZ\" target=\"_blank\">\n<img src=\"https:\/\/justicapotiguar.com.br\/wp-content\/uploads\/2023\/09\/mobile-geral.gif\"\/><a\/>--><\/div><style type=\"text\/css\">\r\n.wtkdp69f227048eb89 {\r\ntext-align: center;\r\n}\r\n@media screen and (min-width: 1201px) {\r\n.wtkdp69f227048eb89 {\r\ndisplay: none;\r\n}\r\n}\r\n@media screen and (min-width: 993px) and (max-width: 1200px) {\r\n.wtkdp69f227048eb89 {\r\ndisplay: none;\r\n}\r\n}\r\n@media screen and (min-width: 769px) and (max-width: 992px) {\r\n.wtkdp69f227048eb89 {\r\ndisplay: none;\r\n}\r\n}\r\n@media screen and (min-width: 768px) and (max-width: 768px) {\r\n.wtkdp69f227048eb89 {\r\ndisplay: block;\r\n}\r\n}\r\n@media screen and (max-width: 767px) {\r\n.wtkdp69f227048eb89 {\r\ndisplay: block;\r\n}\r\n}\r\n<\/style>\r\n<div class=\"jniyb69f227048eb6c\" ><!--<a href=\"https:\/\/bit.ly\/3QdrqTZ\" target=\"_blank\">\n<img src=\"https:\/\/justicapotiguar.com.br\/wp-content\/uploads\/2023\/09\/desktop-geral.gif\"\/><a\/>--><\/div><style type=\"text\/css\">\r\n.jniyb69f227048eb6c {\r\ntext-align: center;\nmargin-bottom: 1em;\r\n}\r\n@media screen and (min-width: 1201px) {\r\n.jniyb69f227048eb6c {\r\ndisplay: block;\r\n}\r\n}\r\n@media screen and (min-width: 993px) and (max-width: 1200px) {\r\n.jniyb69f227048eb6c {\r\ndisplay: block;\r\n}\r\n}\r\n@media screen and (min-width: 769px) and (max-width: 992px) {\r\n.jniyb69f227048eb6c {\r\ndisplay: block;\r\n}\r\n}\r\n@media screen and (min-width: 768px) and (max-width: 768px) {\r\n.jniyb69f227048eb6c {\r\ndisplay: none;\r\n}\r\n}\r\n@media screen and (max-width: 767px) {\r\n.jniyb69f227048eb6c {\r\ndisplay: none;\r\n}\r\n}\r\n<\/style>\r\n\n\n\n\n<p>Contudo, as atividades administrativas do TRT-RN j\u00e1 foram retomadas desde o dia 7 de janeiro,&nbsp;com ado\u00e7\u00e3o de medidas de seguran\u00e7a para conter o avan\u00e7o da Covid-19.<\/p>\n","protected":false},"excerpt":{"rendered":"<p>Na quinta-feira (21), o Tribunal Regional do Trabalho da 21\u00aa Regi\u00e3o (TRT-RN) vai realizar uma sess\u00e3o telepresencial de abertura do Ano Judici\u00e1rio 2021, a partir das 9h, com transmiss\u00e3o pela internet no canal do Youtube do TRT. A solenidade vai marcar o retorno das audi\u00eancias nas unidades judici\u00e1rias da capital e do interior do Rio<br \/><a class=\"more-link\" href=\"https:\/\/justicapotiguar.com.br\/index.php\/2021\/01\/17\/trt-rn-abre-ano-judiciario-com-sessao-telepresencial-no-dia-21\/\">Mais&#8230;<\/a><\/p>\n","protected":false},"author":5,"featured_media":16035,"comment_status":"open","ping_status":"open","sticky":false,"template":"","format":"standard","meta":[],"categories":[3],"tags":[],"_links":{"self":[{"href":"https:\/\/justicapotiguar.com.br\/index.php\/wp-json\/wp\/v2\/posts\/16034"}],"collection":[{"href":"https:\/\/justicapotiguar.com.br\/index.php\/wp-json\/wp\/v2\/posts"}],"about":[{"href":"https:\/\/justicapotiguar.com.br\/index.php\/wp-json\/wp\/v2\/types\/post"}],"author":[{"embeddable":true,"href":"https:\/\/justicapotiguar.com.br\/index.php\/wp-json\/wp\/v2\/users\/5"}],"replies":[{"embeddable":true,"href":"https:\/\/justicapotiguar.com.br\/index.php\/wp-json\/wp\/v2\/comments?post=16034"}],"version-history":[{"count":1,"href":"https:\/\/justicapotiguar.com.br\/index.php\/wp-json\/wp\/v2\/posts\/16034\/revisions"}],"predecessor-version":[{"id":16036,"href":"https:\/\/justicapotiguar.com.br\/index.php\/wp-json\/wp\/v2\/posts\/16034\/revisions\/16036"}],"wp:featuredmedia":[{"embeddable":true,"href":"https:\/\/justicapotiguar.com.br\/index.php\/wp-json\/wp\/v2\/media\/16035"}],"wp:attachment":[{"href":"https:\/\/justicapotiguar.com.br\/index.php\/wp-json\/wp\/v2\/media?parent=16034"}],"wp:term":[{"taxonomy":"category","embeddable":true,"href":"https:\/\/justicapotiguar.com.br\/index.php\/wp-json\/wp\/v2\/categories?post=16034"},{"taxonomy":"post_tag","embeddable":true,"href":"https:\/\/justicapotiguar.com.br\/index.php\/wp-json\/wp\/v2\/tags?post=16034"}],"curies":[{"name":"wp","href":"https:\/\/api.w.org\/{rel}","templated":true}]}}