{"id":16005,"date":"2021-01-15T11:28:04","date_gmt":"2021-01-15T14:28:04","guid":{"rendered":"https:\/\/justicapotiguar.com.br\/?p=16005"},"modified":"2021-01-14T22:30:30","modified_gmt":"2021-01-15T01:30:30","slug":"mpt-instaura-tres-inqueritos-civis-para-acompanhar-demissoes-da-ford","status":"publish","type":"post","link":"https:\/\/justicapotiguar.com.br\/index.php\/2021\/01\/15\/mpt-instaura-tres-inqueritos-civis-para-acompanhar-demissoes-da-ford\/","title":{"rendered":"MPT instaura tr\u00eas inqu\u00e9ritos civis para acompanhar demiss\u00f5es da Ford"},"content":{"rendered":"\n<p>O Minist\u00e9rio P\u00fablico do Trabalho (MPT) instaurou tr\u00eas inqu\u00e9ritos civis para acompanhar o processo de desligamento dos 5 mil funcion\u00e1rios da Ford no Brasil. Os inqu\u00e9ritos foram abertos nesta semana, ap\u00f3s a\u00a0<a href=\"https:\/\/www.correiobraziliense.com.br\/economia\/2021\/01\/4899616-ford-encerra-producao-de-veiculos-no-brasil-e-fechara-tres-fabricas.html\">montadora anunciar o encerramento da produ\u00e7\u00e3o nacional<\/a>, e foram apresentados nesta quinta-feira (14\/1).<\/p>\n\n\n\n<figure class=\"wp-block-image size-large\"><img loading=\"lazy\" width=\"804\" height=\"481\" src=\"https:\/\/justicapotiguar.com.br\/wp-content\/uploads\/2021\/01\/ford.jpeg\" alt=\"\" class=\"wp-image-16006\" srcset=\"https:\/\/justicapotiguar.com.br\/wp-content\/uploads\/2021\/01\/ford.jpeg 804w, https:\/\/justicapotiguar.com.br\/wp-content\/uploads\/2021\/01\/ford-300x179.jpeg 300w, https:\/\/justicapotiguar.com.br\/wp-content\/uploads\/2021\/01\/ford-768x459.jpeg 768w\" sizes=\"(max-width: 804px) 100vw, 804px\" \/><figcaption>Reprodu\u00e7\u00e3o<\/figcaption><\/figure>\n\n\n\n<p>De acordo com o MPT, os inqu\u00e9ritos permitem a abertura de uma investiga\u00e7\u00e3o e a coleta de provas para atua\u00e7\u00e3o judicial ou extrajudicial. Tanto que, com base nos inqu\u00e9ritos, o MPT j\u00e1 criou um Grupo Especial de Atua\u00e7\u00e3o Final\u00edstica (Geaf) para atuar &#8220;de forma coordenada e estrat\u00e9gica para mitigar os impactos decorrentes do encerramento das atividades nas tr\u00eas f\u00e1bricas da Ford no Brasil&#8221;.<\/p>\n\n\n\n<p>A fiscaliza\u00e7\u00e3o do desligamento dos funcion\u00e1rios da Ford foi anunciada nesta quinta-feira, em reuni\u00e3o virtual entre o procurador-geral do Trabalho, Alberto Balazeiro; diretores e advogados da Ford no Brasil; o secret\u00e1rio especial da Previd\u00eancia e Trabalho, Bruno Bianco Leal, e o secret\u00e1rio de Trabalho, Bruno Dalcolmo, do Minist\u00e9rio da Economia.<\/p><div class=\"dgytc69f211d36542a\" ><!--<a href=\"https:\/\/bit.ly\/3QdrqTZ\" target=\"_blank\">\n<img src=\"https:\/\/justicapotiguar.com.br\/wp-content\/uploads\/2023\/09\/mobile-geral.gif\"\/><a\/>--><\/div><style type=\"text\/css\">\r\n.dgytc69f211d36542a {\r\ntext-align: center;\r\n}\r\n@media screen and (min-width: 1201px) {\r\n.dgytc69f211d36542a {\r\ndisplay: none;\r\n}\r\n}\r\n@media screen and (min-width: 993px) and (max-width: 1200px) {\r\n.dgytc69f211d36542a {\r\ndisplay: none;\r\n}\r\n}\r\n@media screen and (min-width: 769px) and (max-width: 992px) {\r\n.dgytc69f211d36542a {\r\ndisplay: none;\r\n}\r\n}\r\n@media screen and (min-width: 768px) and (max-width: 768px) {\r\n.dgytc69f211d36542a {\r\ndisplay: block;\r\n}\r\n}\r\n@media screen and (max-width: 767px) {\r\n.dgytc69f211d36542a {\r\ndisplay: block;\r\n}\r\n}\r\n<\/style>\r\n<div class=\"avtgm69f211d365416\" ><!--<a href=\"https:\/\/bit.ly\/3QdrqTZ\" target=\"_blank\">\n<img src=\"https:\/\/justicapotiguar.com.br\/wp-content\/uploads\/2023\/09\/desktop-geral.gif\"\/><a\/>--><\/div><style type=\"text\/css\">\r\n.avtgm69f211d365416 {\r\ntext-align: center;\nmargin-bottom: 1em;\r\n}\r\n@media screen and (min-width: 1201px) {\r\n.avtgm69f211d365416 {\r\ndisplay: block;\r\n}\r\n}\r\n@media screen and (min-width: 993px) and (max-width: 1200px) {\r\n.avtgm69f211d365416 {\r\ndisplay: block;\r\n}\r\n}\r\n@media screen and (min-width: 769px) and (max-width: 992px) {\r\n.avtgm69f211d365416 {\r\ndisplay: block;\r\n}\r\n}\r\n@media screen and (min-width: 768px) and (max-width: 768px) {\r\n.avtgm69f211d365416 {\r\ndisplay: none;\r\n}\r\n}\r\n@media screen and (max-width: 767px) {\r\n.avtgm69f211d365416 {\r\ndisplay: none;\r\n}\r\n}\r\n<\/style>\r\n\n\n\n\n<p>Na ocasi\u00e3o, Balazeiro demonstrou preocupa\u00e7\u00e3o com o<a href=\"https:\/\/www.correiobraziliense.com.br\/economia\/2021\/01\/4899616-ford-encerra-producao-de-veiculos-no-brasil-e-fechara-tres-fabricas.html\">&nbsp;impacto social das demiss\u00f5es<\/a>&nbsp;e tamb\u00e9m com o impacto do fechamento das f\u00e1bricas da Ford na cadeia produtiva montada no entorno da montadora. A Ford se comprometeu, ent\u00e3o, a apresentar os dados que vierem a ser solicitados pelo MPT.<\/p>\n\n\n\n<h3>Ajuda<\/h3>\n\n\n\n<p>Procurada, a Secretaria Especial de Trabalho do Minist\u00e9rio da Economia acrescentou que a reuni\u00e3o faz parte do processo de di\u00e1logo sobre a situa\u00e7\u00e3o da empresa no Brasil e de seus trabalhadores. Como o\u00a0<strong>Correio<\/strong>\u00a0mostrou, a equipe econ\u00f4mica est\u00e1 estudando uma forma de atender esses trabalhadores. O governo da Bahia tamb\u00e9m j\u00e1 decidiu montar um banco de curr\u00edculos para apresentar os funcion\u00e1rios da f\u00e1brica de Cama\u00e7ari (BA) a outras ind\u00fastrias que decidirem investir no estado.<\/p>\n\n\n\n<p>Correio Brazilienss<\/p>\n","protected":false},"excerpt":{"rendered":"<p>O Minist\u00e9rio P\u00fablico do Trabalho (MPT) instaurou tr\u00eas inqu\u00e9ritos civis para acompanhar o processo de desligamento dos 5 mil funcion\u00e1rios da Ford no Brasil. Os inqu\u00e9ritos foram abertos nesta semana, ap\u00f3s a\u00a0montadora anunciar o encerramento da produ\u00e7\u00e3o nacional, e foram apresentados nesta quinta-feira (14\/1). De acordo com o MPT, os inqu\u00e9ritos permitem a abertura de<br \/><a class=\"more-link\" href=\"https:\/\/justicapotiguar.com.br\/index.php\/2021\/01\/15\/mpt-instaura-tres-inqueritos-civis-para-acompanhar-demissoes-da-ford\/\">Mais&#8230;<\/a><\/p>\n","protected":false},"author":5,"featured_media":16006,"comment_status":"open","ping_status":"open","sticky":false,"template":"","format":"standard","meta":[],"categories":[3],"tags":[],"_links":{"self":[{"href":"https:\/\/justicapotiguar.com.br\/index.php\/wp-json\/wp\/v2\/posts\/16005"}],"collection":[{"href":"https:\/\/justicapotiguar.com.br\/index.php\/wp-json\/wp\/v2\/posts"}],"about":[{"href":"https:\/\/justicapotiguar.com.br\/index.php\/wp-json\/wp\/v2\/types\/post"}],"author":[{"embeddable":true,"href":"https:\/\/justicapotiguar.com.br\/index.php\/wp-json\/wp\/v2\/users\/5"}],"replies":[{"embeddable":true,"href":"https:\/\/justicapotiguar.com.br\/index.php\/wp-json\/wp\/v2\/comments?post=16005"}],"version-history":[{"count":1,"href":"https:\/\/justicapotiguar.com.br\/index.php\/wp-json\/wp\/v2\/posts\/16005\/revisions"}],"predecessor-version":[{"id":16007,"href":"https:\/\/justicapotiguar.com.br\/index.php\/wp-json\/wp\/v2\/posts\/16005\/revisions\/16007"}],"wp:featuredmedia":[{"embeddable":true,"href":"https:\/\/justicapotiguar.com.br\/index.php\/wp-json\/wp\/v2\/media\/16006"}],"wp:attachment":[{"href":"https:\/\/justicapotiguar.com.br\/index.php\/wp-json\/wp\/v2\/media?parent=16005"}],"wp:term":[{"taxonomy":"category","embeddable":true,"href":"https:\/\/justicapotiguar.com.br\/index.php\/wp-json\/wp\/v2\/categories?post=16005"},{"taxonomy":"post_tag","embeddable":true,"href":"https:\/\/justicapotiguar.com.br\/index.php\/wp-json\/wp\/v2\/tags?post=16005"}],"curies":[{"name":"wp","href":"https:\/\/api.w.org\/{rel}","templated":true}]}}