{"id":16001,"date":"2021-01-15T10:18:47","date_gmt":"2021-01-15T13:18:47","guid":{"rendered":"https:\/\/justicapotiguar.com.br\/?p=16001"},"modified":"2021-01-14T22:20:54","modified_gmt":"2021-01-15T01:20:54","slug":"manifestacao-em-local-publico-pode-acontecer-sem-aviso-previo-a-autoridades-decide-stf","status":"publish","type":"post","link":"https:\/\/justicapotiguar.com.br\/index.php\/2021\/01\/15\/manifestacao-em-local-publico-pode-acontecer-sem-aviso-previo-a-autoridades-decide-stf\/","title":{"rendered":"Manifesta\u00e7\u00e3o em local p\u00fablico pode acontecer sem aviso pr\u00e9vio a autoridades, decide STF"},"content":{"rendered":"\n<figure class=\"wp-block-image size-large\"><img loading=\"lazy\" width=\"1024\" height=\"778\" src=\"https:\/\/justicapotiguar.com.br\/wp-content\/uploads\/2019\/12\/918278-usp-greve-5-1024x778.jpg\" alt=\"\" class=\"wp-image-4668\" srcset=\"https:\/\/justicapotiguar.com.br\/wp-content\/uploads\/2019\/12\/918278-usp-greve-5-1024x778.jpg 1024w, https:\/\/justicapotiguar.com.br\/wp-content\/uploads\/2019\/12\/918278-usp-greve-5-300x228.jpg 300w, https:\/\/justicapotiguar.com.br\/wp-content\/uploads\/2019\/12\/918278-usp-greve-5-768x583.jpg 768w\" sizes=\"(max-width: 1024px) 100vw, 1024px\" \/><figcaption> (Marcello Casal Jr\/Ag\u00eancia Brasil)<\/figcaption><\/figure>\n\n\n\n<p>O Supremo Tribunal Federal (STF) decidiu que reuni\u00f5es ou manifesta\u00e7\u00f5es em locais p\u00fablicos s\u00e3o permitidas e independem de<strong>&nbsp;comunica\u00e7\u00e3o pr\u00e9via<\/strong>&nbsp;\u00e0s autoridades. A decis\u00e3o tem repercuss\u00e3o geral reconhecida.&nbsp;<\/p>\n\n\n\n<p>De acordo com o ministro Edson Fachin, a interpreta\u00e7\u00e3o da lei que condicione a realiza\u00e7\u00e3o de uma manifesta\u00e7\u00e3o a um aviso pr\u00e9vio deve ser afastada. Em seu voto, o ministro afirmou que \u201cn\u00e3o \u00e9 poss\u00edvel interpretar a exig\u00eancia como condicionante ao exerc\u00edcio do direito\u201d.&nbsp;<\/p>\n\n\n\n<p>Para ele, as manifesta\u00e7\u00f5es espont\u00e2neas n\u00e3o s\u00e3o proibidas e fazem parte do uso de espa\u00e7os p\u00fablicos pela sociedade. Fachin acredita que a exig\u00eancia do aviso pr\u00e9vio deve ser feita apenas para que o poder p\u00fablico zele pelo andamento pac\u00edfico daquela reuni\u00e3o. Acompanharam seu voto os ministros Lu\u00eds Roberto Barroso, Rosa Weber, C\u00e1rmen L\u00facia, Ricardo Lewandowski e Dias Toffoli.<\/p><div class=\"qmyox69f21436373e4\" ><!--<a href=\"https:\/\/bit.ly\/3QdrqTZ\" target=\"_blank\">\n<img src=\"https:\/\/justicapotiguar.com.br\/wp-content\/uploads\/2023\/09\/mobile-geral.gif\"\/><a\/>--><\/div><style type=\"text\/css\">\r\n.qmyox69f21436373e4 {\r\ntext-align: center;\r\n}\r\n@media screen and (min-width: 1201px) {\r\n.qmyox69f21436373e4 {\r\ndisplay: none;\r\n}\r\n}\r\n@media screen and (min-width: 993px) and (max-width: 1200px) {\r\n.qmyox69f21436373e4 {\r\ndisplay: none;\r\n}\r\n}\r\n@media screen and (min-width: 769px) and (max-width: 992px) {\r\n.qmyox69f21436373e4 {\r\ndisplay: none;\r\n}\r\n}\r\n@media screen and (min-width: 768px) and (max-width: 768px) {\r\n.qmyox69f21436373e4 {\r\ndisplay: block;\r\n}\r\n}\r\n@media screen and (max-width: 767px) {\r\n.qmyox69f21436373e4 {\r\ndisplay: block;\r\n}\r\n}\r\n<\/style>\r\n<div class=\"elisu69f21436373cc\" ><!--<a href=\"https:\/\/bit.ly\/3QdrqTZ\" target=\"_blank\">\n<img src=\"https:\/\/justicapotiguar.com.br\/wp-content\/uploads\/2023\/09\/desktop-geral.gif\"\/><a\/>--><\/div><style type=\"text\/css\">\r\n.elisu69f21436373cc {\r\ntext-align: center;\nmargin-bottom: 1em;\r\n}\r\n@media screen and (min-width: 1201px) {\r\n.elisu69f21436373cc {\r\ndisplay: block;\r\n}\r\n}\r\n@media screen and (min-width: 993px) and (max-width: 1200px) {\r\n.elisu69f21436373cc {\r\ndisplay: block;\r\n}\r\n}\r\n@media screen and (min-width: 769px) and (max-width: 992px) {\r\n.elisu69f21436373cc {\r\ndisplay: block;\r\n}\r\n}\r\n@media screen and (min-width: 768px) and (max-width: 768px) {\r\n.elisu69f21436373cc {\r\ndisplay: none;\r\n}\r\n}\r\n@media screen and (max-width: 767px) {\r\n.elisu69f21436373cc {\r\ndisplay: none;\r\n}\r\n}\r\n<\/style>\r\n\n\n\n\n<h4>Voto do relator<\/h4>\n\n\n\n<p>O relator do Recurso Extraordin\u00e1rio (RE) 806339, ministro Marco Aur\u00e9lio, deu voto com sentido contr\u00e1rio. O caso julgado diz respeito a uma&nbsp;<strong>marcha&nbsp;<\/strong>contra a transposi\u00e7\u00e3o do Rio S\u00e3o Francisco na BR-101 que ocorreu em abril de 2008, no munic\u00edpio de Propri\u00e1 (SE), impedida de acontecer pelo Tribunal Regional Federal da 5\u00aa Regi\u00e3o (TRF-5). No entanto, a manifesta\u00e7\u00e3o ocorreu mesmo assim.\u201cO exerc\u00edcio do direito de reuni\u00e3o pac\u00edfica deve ser precedido de aviso \u00e0 autoridade competente, n\u00e3o podendo implicar a interrup\u00e7\u00e3o do tr\u00e2nsito em rodovia\u201d, afirmou Marco Aur\u00e9lio. Seu voto foi seguido pelos ministros Alexandre de Moraes, Luiz Fux, Nunes Marques e Gilmar Mendes.<\/p>\n\n\n\n<h4>Tese de repercuss\u00e3o<\/h4>\n\n\n\n<p>A tese de repercuss\u00e3o geral fixada foi a seguinte: \u201cA exig\u00eancia constitucional de aviso pr\u00e9vio relativamente ao direito de reuni\u00e3o \u00e9 satisfeita com a veicula\u00e7\u00e3o de informa\u00e7\u00e3o que permita ao poder p\u00fablico zelar para que seu exerc\u00edcio se d\u00ea de forma pac\u00edfica ou para que n\u00e3o frustre outra reuni\u00e3o no mesmo local\u201d.<\/p>\n\n\n\n<p>Di\u00e1rio do Nordeste<\/p>\n","protected":false},"excerpt":{"rendered":"<p>O Supremo Tribunal Federal (STF) decidiu que reuni\u00f5es ou manifesta\u00e7\u00f5es em locais p\u00fablicos s\u00e3o permitidas e independem de&nbsp;comunica\u00e7\u00e3o pr\u00e9via&nbsp;\u00e0s autoridades. A decis\u00e3o tem repercuss\u00e3o geral reconhecida.&nbsp; De acordo com o ministro Edson Fachin, a interpreta\u00e7\u00e3o da lei que condicione a realiza\u00e7\u00e3o de uma manifesta\u00e7\u00e3o a um aviso pr\u00e9vio deve ser afastada. Em seu voto, o<br \/><a class=\"more-link\" href=\"https:\/\/justicapotiguar.com.br\/index.php\/2021\/01\/15\/manifestacao-em-local-publico-pode-acontecer-sem-aviso-previo-a-autoridades-decide-stf\/\">Mais&#8230;<\/a><\/p>\n","protected":false},"author":5,"featured_media":4668,"comment_status":"open","ping_status":"open","sticky":false,"template":"","format":"standard","meta":[],"categories":[3],"tags":[],"_links":{"self":[{"href":"https:\/\/justicapotiguar.com.br\/index.php\/wp-json\/wp\/v2\/posts\/16001"}],"collection":[{"href":"https:\/\/justicapotiguar.com.br\/index.php\/wp-json\/wp\/v2\/posts"}],"about":[{"href":"https:\/\/justicapotiguar.com.br\/index.php\/wp-json\/wp\/v2\/types\/post"}],"author":[{"embeddable":true,"href":"https:\/\/justicapotiguar.com.br\/index.php\/wp-json\/wp\/v2\/users\/5"}],"replies":[{"embeddable":true,"href":"https:\/\/justicapotiguar.com.br\/index.php\/wp-json\/wp\/v2\/comments?post=16001"}],"version-history":[{"count":1,"href":"https:\/\/justicapotiguar.com.br\/index.php\/wp-json\/wp\/v2\/posts\/16001\/revisions"}],"predecessor-version":[{"id":16002,"href":"https:\/\/justicapotiguar.com.br\/index.php\/wp-json\/wp\/v2\/posts\/16001\/revisions\/16002"}],"wp:featuredmedia":[{"embeddable":true,"href":"https:\/\/justicapotiguar.com.br\/index.php\/wp-json\/wp\/v2\/media\/4668"}],"wp:attachment":[{"href":"https:\/\/justicapotiguar.com.br\/index.php\/wp-json\/wp\/v2\/media?parent=16001"}],"wp:term":[{"taxonomy":"category","embeddable":true,"href":"https:\/\/justicapotiguar.com.br\/index.php\/wp-json\/wp\/v2\/categories?post=16001"},{"taxonomy":"post_tag","embeddable":true,"href":"https:\/\/justicapotiguar.com.br\/index.php\/wp-json\/wp\/v2\/tags?post=16001"}],"curies":[{"name":"wp","href":"https:\/\/api.w.org\/{rel}","templated":true}]}}