{"id":15938,"date":"2021-01-12T15:46:42","date_gmt":"2021-01-12T18:46:42","guid":{"rendered":"https:\/\/justicapotiguar.com.br\/?p=15938"},"modified":"2021-01-12T15:46:42","modified_gmt":"2021-01-12T18:46:42","slug":"camara-criminal-do-tj-realiza-primeira-sessao-do-ano-com-mais-de-80-julgamentos","status":"publish","type":"post","link":"https:\/\/justicapotiguar.com.br\/index.php\/2021\/01\/12\/camara-criminal-do-tj-realiza-primeira-sessao-do-ano-com-mais-de-80-julgamentos\/","title":{"rendered":"C\u00e2mara Criminal do TJ realiza primeira sess\u00e3o do ano com mais de 80 julgamentos"},"content":{"rendered":"\n<figure class=\"wp-block-image size-large\"><img loading=\"lazy\" width=\"750\" height=\"500\" src=\"https:\/\/justicapotiguar.com.br\/wp-content\/uploads\/2020\/02\/TJRN-6.jpg\" alt=\"\" class=\"wp-image-6120\" srcset=\"https:\/\/justicapotiguar.com.br\/wp-content\/uploads\/2020\/02\/TJRN-6.jpg 750w, https:\/\/justicapotiguar.com.br\/wp-content\/uploads\/2020\/02\/TJRN-6-300x200.jpg 300w\" sizes=\"(max-width: 750px) 100vw, 750px\" \/><figcaption>Reprodu\u00e7\u00e3o<\/figcaption><\/figure>\n\n\n\n<p>A C\u00e2mara Criminal do TJRN realizou, por meio de videoconfer\u00eancia, nesta ter\u00e7a-feira, 12, a primeira sess\u00e3o ordin\u00e1ria de 2021, que foi marcada pelo retorno, \u00e0 Presid\u00eancia do \u00f3rg\u00e3o julgador, do desembargador Glauber R\u00eago, bem como do procurador de Justi\u00e7a, Jos\u00e9 Alves, o qual j\u00e1 representou o Minist\u00e9rio P\u00fablico, em outros per\u00edodos, na composi\u00e7\u00e3o do colegiado.<\/p>\n\n\n\n<p> Os desembargadores Gilson Barbosa e Saraiva Sobrinho tamb\u00e9m fizeram parte da an\u00e1lise da pauta de julgamentos, os quais totalizaram mais de 58 processos, dentre recursos e o chamado \u201crem\u00e9dio recursal\u201d, o habeas corpus. Este \u00faltimo totalizou 25 pedidos, seguido pelas 22 apela\u00e7\u00f5es criminais apreciadas, com algumas demandas em segredo de justi\u00e7a.A sess\u00e3o tamb\u00e9m serviu para que os desembargadores definissem que, neste m\u00eas de janeiro e no pr\u00f3ximo m\u00eas de fevereiro, as sess\u00f5es da C\u00e2mara Criminal fossem realizadas, ordinariamente, \u00e0s quintas-feiras e n\u00e3o \u00e0s ter\u00e7as, como ocorria at\u00e9 o ano passado.<\/p><div class=\"cseba69f20063c8b45\" ><!--<a href=\"https:\/\/bit.ly\/3QdrqTZ\" target=\"_blank\">\n<img src=\"https:\/\/justicapotiguar.com.br\/wp-content\/uploads\/2023\/09\/mobile-geral.gif\"\/><a\/>--><\/div><style type=\"text\/css\">\r\n.cseba69f20063c8b45 {\r\ntext-align: center;\r\n}\r\n@media screen and (min-width: 1201px) {\r\n.cseba69f20063c8b45 {\r\ndisplay: none;\r\n}\r\n}\r\n@media screen and (min-width: 993px) and (max-width: 1200px) {\r\n.cseba69f20063c8b45 {\r\ndisplay: none;\r\n}\r\n}\r\n@media screen and (min-width: 769px) and (max-width: 992px) {\r\n.cseba69f20063c8b45 {\r\ndisplay: none;\r\n}\r\n}\r\n@media screen and (min-width: 768px) and (max-width: 768px) {\r\n.cseba69f20063c8b45 {\r\ndisplay: block;\r\n}\r\n}\r\n@media screen and (max-width: 767px) {\r\n.cseba69f20063c8b45 {\r\ndisplay: block;\r\n}\r\n}\r\n<\/style>\r\n<div class=\"dsxih69f20063c8b33\" ><!--<a href=\"https:\/\/bit.ly\/3QdrqTZ\" target=\"_blank\">\n<img src=\"https:\/\/justicapotiguar.com.br\/wp-content\/uploads\/2023\/09\/desktop-geral.gif\"\/><a\/>--><\/div><style type=\"text\/css\">\r\n.dsxih69f20063c8b33 {\r\ntext-align: center;\nmargin-bottom: 1em;\r\n}\r\n@media screen and (min-width: 1201px) {\r\n.dsxih69f20063c8b33 {\r\ndisplay: block;\r\n}\r\n}\r\n@media screen and (min-width: 993px) and (max-width: 1200px) {\r\n.dsxih69f20063c8b33 {\r\ndisplay: block;\r\n}\r\n}\r\n@media screen and (min-width: 769px) and (max-width: 992px) {\r\n.dsxih69f20063c8b33 {\r\ndisplay: block;\r\n}\r\n}\r\n@media screen and (min-width: 768px) and (max-width: 768px) {\r\n.dsxih69f20063c8b33 {\r\ndisplay: none;\r\n}\r\n}\r\n@media screen and (max-width: 767px) {\r\n.dsxih69f20063c8b33 {\r\ndisplay: none;\r\n}\r\n}\r\n<\/style>\r\n\n\n\n\n<p>Os integrantes tamb\u00e9m apreciaram sustenta\u00e7\u00f5es orais, que s\u00e3o as defesas realizadas pelos advogados das partes de um processo, dentre demandas como apela\u00e7\u00f5es criminais, recursos em sentido estrito e agravos de instrumento.<\/p>\n\n\n\n<p> Ao todo, os desembargadores apreciaram, al\u00e9m dos 58 processos eletr\u00f4nicos da pauta do dia, mais demandas da pauta anterior, que registrou um total de 30 processos f\u00edsicos, ainda provenientes do Sistema de Automa\u00e7\u00e3o do Judici\u00e1rio, sob a relatoria dos desembargadores Glauber R\u00eago e Saraiva Sobrinho.<\/p>\n","protected":false},"excerpt":{"rendered":"<p>A C\u00e2mara Criminal do TJRN realizou, por meio de videoconfer\u00eancia, nesta ter\u00e7a-feira, 12, a primeira sess\u00e3o ordin\u00e1ria de 2021, que foi marcada pelo retorno, \u00e0 Presid\u00eancia do \u00f3rg\u00e3o julgador, do desembargador Glauber R\u00eago, bem como do procurador de Justi\u00e7a, Jos\u00e9 Alves, o qual j\u00e1 representou o Minist\u00e9rio P\u00fablico, em outros per\u00edodos, na composi\u00e7\u00e3o do colegiado.<br \/><a class=\"more-link\" href=\"https:\/\/justicapotiguar.com.br\/index.php\/2021\/01\/12\/camara-criminal-do-tj-realiza-primeira-sessao-do-ano-com-mais-de-80-julgamentos\/\">Mais&#8230;<\/a><\/p>\n","protected":false},"author":5,"featured_media":6120,"comment_status":"open","ping_status":"open","sticky":false,"template":"","format":"standard","meta":[],"categories":[3],"tags":[],"_links":{"self":[{"href":"https:\/\/justicapotiguar.com.br\/index.php\/wp-json\/wp\/v2\/posts\/15938"}],"collection":[{"href":"https:\/\/justicapotiguar.com.br\/index.php\/wp-json\/wp\/v2\/posts"}],"about":[{"href":"https:\/\/justicapotiguar.com.br\/index.php\/wp-json\/wp\/v2\/types\/post"}],"author":[{"embeddable":true,"href":"https:\/\/justicapotiguar.com.br\/index.php\/wp-json\/wp\/v2\/users\/5"}],"replies":[{"embeddable":true,"href":"https:\/\/justicapotiguar.com.br\/index.php\/wp-json\/wp\/v2\/comments?post=15938"}],"version-history":[{"count":1,"href":"https:\/\/justicapotiguar.com.br\/index.php\/wp-json\/wp\/v2\/posts\/15938\/revisions"}],"predecessor-version":[{"id":15939,"href":"https:\/\/justicapotiguar.com.br\/index.php\/wp-json\/wp\/v2\/posts\/15938\/revisions\/15939"}],"wp:featuredmedia":[{"embeddable":true,"href":"https:\/\/justicapotiguar.com.br\/index.php\/wp-json\/wp\/v2\/media\/6120"}],"wp:attachment":[{"href":"https:\/\/justicapotiguar.com.br\/index.php\/wp-json\/wp\/v2\/media?parent=15938"}],"wp:term":[{"taxonomy":"category","embeddable":true,"href":"https:\/\/justicapotiguar.com.br\/index.php\/wp-json\/wp\/v2\/categories?post=15938"},{"taxonomy":"post_tag","embeddable":true,"href":"https:\/\/justicapotiguar.com.br\/index.php\/wp-json\/wp\/v2\/tags?post=15938"}],"curies":[{"name":"wp","href":"https:\/\/api.w.org\/{rel}","templated":true}]}}