{"id":15894,"date":"2021-01-11T08:36:31","date_gmt":"2021-01-11T11:36:31","guid":{"rendered":"https:\/\/justicapotiguar.com.br\/?p=15894"},"modified":"2021-01-10T22:40:13","modified_gmt":"2021-01-11T01:40:13","slug":"fux-stf-vai-assegurar-que-o-brasil-nao-enfrente-extremismo-visto-nos-eua","status":"publish","type":"post","link":"https:\/\/justicapotiguar.com.br\/index.php\/2021\/01\/11\/fux-stf-vai-assegurar-que-o-brasil-nao-enfrente-extremismo-visto-nos-eua\/","title":{"rendered":"Fux: STF vai &#8216;assegurar&#8217; que o Brasil n\u00e3o enfrente extremismo visto nos EUA"},"content":{"rendered":"\n<p><br>O presidente do\u00a0<a href=\"https:\/\/noticias.uol.com.br\/politica\/stf-supremo-tribunal-federal\/\">STF<\/a>\u00a0(Supremo Tribunal Federal) e do CNJ (Conselho Nacional de Justi\u00e7a), Luiz Fux, escreveu hoje em artigo publicado no jornal O Globo afirmando &#8220;assegurar&#8221; que a Corte n\u00e3o deixar\u00e1 que\u00a0<a rel=\"noreferrer noopener\" href=\"https:\/\/noticias.uol.com.br\/internacional\/ultimas-noticias\/2021\/01\/07\/invasao-ao-congreso-dos-eua-deixa-quatro-mortos-diz-policia.htm\" target=\"_blank\">situa\u00e7\u00e3o semelhante ao que foi vista nos Estados Unidos<\/a>\u00a0aconte\u00e7a no Brasil.<\/p>\n\n\n\n<figure class=\"wp-block-image size-large\"><img loading=\"lazy\" width=\"460\" height=\"305\" src=\"https:\/\/justicapotiguar.com.br\/wp-content\/uploads\/2021\/01\/divulgacao-luiz-fux-1500-25062020160505370.jpeg\" alt=\"\" class=\"wp-image-15895\" srcset=\"https:\/\/justicapotiguar.com.br\/wp-content\/uploads\/2021\/01\/divulgacao-luiz-fux-1500-25062020160505370.jpeg 460w, https:\/\/justicapotiguar.com.br\/wp-content\/uploads\/2021\/01\/divulgacao-luiz-fux-1500-25062020160505370-300x199.jpeg 300w\" sizes=\"(max-width: 460px) 100vw, 460px\" \/><figcaption>Rosinei Coutinho\/STF<\/figcaption><\/figure>\n\n\n\n<p>Incitados pelo presidente\u00a0<a href=\"https:\/\/noticias.uol.com.br\/internacional\/donald-trump\/\">Donald Trump<\/a>, manifestantes invadiram na \u00faltima quarta (6) o Capit\u00f3lio \u2014 sede do Congresso americano \u2014 durante a sess\u00e3o de oficializa\u00e7\u00e3o do democrata\u00a0<a href=\"https:\/\/noticias.uol.com.br\/internacional\/joe-biden\/\">Joe Biden<\/a>\u00a0como novo presidente, e de Kamala Harris como vice.<\/p>\n\n\n\n<p>&#8220;Na qualidade de presidente do Supremo Tribunal Federal, posso assegurar que a Corte, como guardi\u00e3 da democracia constitucional, permanecer\u00e1 vigilante para que a situa\u00e7\u00e3o registrada nos EUA no \u00faltimo 6 de janeiro jamais ocorra no Brasil. Preservaremos a democracia a qualquer custo&#8221;, escreveu Fux.<\/p>\n\n\n\n<p>Para Fux, qualquer l\u00edder que tente subjugar as institui\u00e7\u00f5es ao abusar e concentrar poder &#8220;deve sofrer imediata rea\u00e7\u00e3o da imprensa livre, da sociedade cr\u00edtica e dos demais poderes constitu\u00eddos&#8221;.<\/p><div class=\"xpljt69f2006976774\" ><!--<a href=\"https:\/\/bit.ly\/3QdrqTZ\" target=\"_blank\">\n<img src=\"https:\/\/justicapotiguar.com.br\/wp-content\/uploads\/2023\/09\/mobile-geral.gif\"\/><a\/>--><\/div><style type=\"text\/css\">\r\n.xpljt69f2006976774 {\r\ntext-align: center;\r\n}\r\n@media screen and (min-width: 1201px) {\r\n.xpljt69f2006976774 {\r\ndisplay: none;\r\n}\r\n}\r\n@media screen and (min-width: 993px) and (max-width: 1200px) {\r\n.xpljt69f2006976774 {\r\ndisplay: none;\r\n}\r\n}\r\n@media screen and (min-width: 769px) and (max-width: 992px) {\r\n.xpljt69f2006976774 {\r\ndisplay: none;\r\n}\r\n}\r\n@media screen and (min-width: 768px) and (max-width: 768px) {\r\n.xpljt69f2006976774 {\r\ndisplay: block;\r\n}\r\n}\r\n@media screen and (max-width: 767px) {\r\n.xpljt69f2006976774 {\r\ndisplay: block;\r\n}\r\n}\r\n<\/style>\r\n<div class=\"ovvdk69f2006976758\" ><!--<a href=\"https:\/\/bit.ly\/3QdrqTZ\" target=\"_blank\">\n<img src=\"https:\/\/justicapotiguar.com.br\/wp-content\/uploads\/2023\/09\/desktop-geral.gif\"\/><a\/>--><\/div><style type=\"text\/css\">\r\n.ovvdk69f2006976758 {\r\ntext-align: center;\nmargin-bottom: 1em;\r\n}\r\n@media screen and (min-width: 1201px) {\r\n.ovvdk69f2006976758 {\r\ndisplay: block;\r\n}\r\n}\r\n@media screen and (min-width: 993px) and (max-width: 1200px) {\r\n.ovvdk69f2006976758 {\r\ndisplay: block;\r\n}\r\n}\r\n@media screen and (min-width: 769px) and (max-width: 992px) {\r\n.ovvdk69f2006976758 {\r\ndisplay: block;\r\n}\r\n}\r\n@media screen and (min-width: 768px) and (max-width: 768px) {\r\n.ovvdk69f2006976758 {\r\ndisplay: none;\r\n}\r\n}\r\n@media screen and (max-width: 767px) {\r\n.ovvdk69f2006976758 {\r\ndisplay: none;\r\n}\r\n}\r\n<\/style>\r\n\n\n\n\n<p>&#8220;Os acontecimentos da tarde de 6 de janeiro de 2021, nos Estados Unidos, chocaram o mundo e desafiaram a m\u00e1xima corriqueiramente ecoada de que as democracias desenvolvidas est\u00e3o a salvo de fortes turbul\u00eancias. O que se viu foi viol\u00eancia, brutalidade, desrespeito \u00e0s institui\u00e7\u00f5es e extremismo&#8221;, apontou.<\/p>\n\n\n\n<p><\/p>\n\n\n\n<p><\/p>\n\n\n\n<p>UOL<\/p>\n","protected":false},"excerpt":{"rendered":"<p>O presidente do\u00a0STF\u00a0(Supremo Tribunal Federal) e do CNJ (Conselho Nacional de Justi\u00e7a), Luiz Fux, escreveu hoje em artigo publicado no jornal O Globo afirmando &#8220;assegurar&#8221; que a Corte n\u00e3o deixar\u00e1 que\u00a0situa\u00e7\u00e3o semelhante ao que foi vista nos Estados Unidos\u00a0aconte\u00e7a no Brasil. Incitados pelo presidente\u00a0Donald Trump, manifestantes invadiram na \u00faltima quarta (6) o Capit\u00f3lio \u2014 sede<br \/><a class=\"more-link\" href=\"https:\/\/justicapotiguar.com.br\/index.php\/2021\/01\/11\/fux-stf-vai-assegurar-que-o-brasil-nao-enfrente-extremismo-visto-nos-eua\/\">Mais&#8230;<\/a><\/p>\n","protected":false},"author":5,"featured_media":15895,"comment_status":"open","ping_status":"open","sticky":false,"template":"","format":"standard","meta":[],"categories":[3],"tags":[],"_links":{"self":[{"href":"https:\/\/justicapotiguar.com.br\/index.php\/wp-json\/wp\/v2\/posts\/15894"}],"collection":[{"href":"https:\/\/justicapotiguar.com.br\/index.php\/wp-json\/wp\/v2\/posts"}],"about":[{"href":"https:\/\/justicapotiguar.com.br\/index.php\/wp-json\/wp\/v2\/types\/post"}],"author":[{"embeddable":true,"href":"https:\/\/justicapotiguar.com.br\/index.php\/wp-json\/wp\/v2\/users\/5"}],"replies":[{"embeddable":true,"href":"https:\/\/justicapotiguar.com.br\/index.php\/wp-json\/wp\/v2\/comments?post=15894"}],"version-history":[{"count":1,"href":"https:\/\/justicapotiguar.com.br\/index.php\/wp-json\/wp\/v2\/posts\/15894\/revisions"}],"predecessor-version":[{"id":15896,"href":"https:\/\/justicapotiguar.com.br\/index.php\/wp-json\/wp\/v2\/posts\/15894\/revisions\/15896"}],"wp:featuredmedia":[{"embeddable":true,"href":"https:\/\/justicapotiguar.com.br\/index.php\/wp-json\/wp\/v2\/media\/15895"}],"wp:attachment":[{"href":"https:\/\/justicapotiguar.com.br\/index.php\/wp-json\/wp\/v2\/media?parent=15894"}],"wp:term":[{"taxonomy":"category","embeddable":true,"href":"https:\/\/justicapotiguar.com.br\/index.php\/wp-json\/wp\/v2\/categories?post=15894"},{"taxonomy":"post_tag","embeddable":true,"href":"https:\/\/justicapotiguar.com.br\/index.php\/wp-json\/wp\/v2\/tags?post=15894"}],"curies":[{"name":"wp","href":"https:\/\/api.w.org\/{rel}","templated":true}]}}