{"id":15868,"date":"2021-01-08T13:33:38","date_gmt":"2021-01-08T16:33:38","guid":{"rendered":"https:\/\/justicapotiguar.com.br\/?p=15868"},"modified":"2021-01-08T12:10:25","modified_gmt":"2021-01-08T15:10:25","slug":"acusado-de-participacao-em-roubo-em-predio-de-luxo-na-zona-sul-tem-hc-negado","status":"publish","type":"post","link":"https:\/\/justicapotiguar.com.br\/index.php\/2021\/01\/08\/acusado-de-participacao-em-roubo-em-predio-de-luxo-na-zona-sul-tem-hc-negado\/","title":{"rendered":"Acusado de participa\u00e7\u00e3o em roubo em pr\u00e9dio de luxo na Zona Sul tem HC negado"},"content":{"rendered":"\n<figure class=\"wp-block-image size-large\"><img loading=\"lazy\" width=\"750\" height=\"500\" src=\"https:\/\/justicapotiguar.com.br\/wp-content\/uploads\/2019\/08\/TJRN-6.jpg\" alt=\"\" class=\"wp-image-615\" srcset=\"https:\/\/justicapotiguar.com.br\/wp-content\/uploads\/2019\/08\/TJRN-6.jpg 750w, https:\/\/justicapotiguar.com.br\/wp-content\/uploads\/2019\/08\/TJRN-6-300x200.jpg 300w\" sizes=\"(max-width: 750px) 100vw, 750px\" \/><figcaption>Reprodu\u00e7\u00e3o <\/figcaption><\/figure>\n\n\n\n<p>Os desembargadores da C\u00e2mara Criminal do TJRN mantiveram a pris\u00e3o de um homem, acusado de praticar, com outros envolvidos, um roubo na Zona Sul de Natal, em um condom\u00ednio na Avenida Ruy Barbosa, em 2 de junho de 2020, por volta das 19h. Segundo os autos, o crime ocorreu quando os suspeitos, na posse de uma arma de fogo, renderam as v\u00edtimas e subtra\u00edram joias, dinheiro e celulares, como se j\u00e1 tivessem o conhecimento pr\u00e9vio do autom\u00f3vel abordado e dos c\u00f4modos do apartamento onde alegavam ter uma \u201cquantia em dinheiro\u201d. De acordo com o inqu\u00e9rito inicial, tamb\u00e9m foi identificado M\u00e1rcio Jos\u00e9 da Silva Machado, funcion\u00e1rio do pr\u00e9dio e \u201chomem de confian\u00e7a\u201d das v\u00edtimas.<\/p>\n\n\n\n<p>A manuten\u00e7\u00e3o da cust\u00f3dia cautelar se deu no julgamento de habeas corpus, movido pela defesa de Peliphe Yuri de Souza Lima, que pedia a substitui\u00e7\u00e3o da pris\u00e3o por medidas cautelares diversas, previstas no artigo 319 do C\u00f3digo de Processo Penal.<\/p>\n\n\n\n<p>Os desembargadores destacaram que, mesmo com a primariedade e n\u00e3o havendo registro de outros procedimentos ou processos criminais em desfavor do acusado, conforme certid\u00f5es do sistema SAJ, a conduta possui \u201cgravidade concreta\u201d e o modus operandi da pr\u00e1tica delitiva demonstraria a periculosidade, tendo sido ele \u2013 Feliphe Yuri \u2013 o que estava armado durante a conduta criminosa e quem subjugou as v\u00edtimas e as manteve sob a mira de uma arma de fogo, conforme elementos colhidos pela autoridade policial, o que torna como necess\u00e1ria a decreta\u00e7\u00e3o de pris\u00e3o para acautelar o meio social.<\/p><div class=\"lpnpq69f1ebb8a8a0b\" ><!--<a href=\"https:\/\/bit.ly\/3QdrqTZ\" target=\"_blank\">\n<img src=\"https:\/\/justicapotiguar.com.br\/wp-content\/uploads\/2023\/09\/mobile-geral.gif\"\/><a\/>--><\/div><style type=\"text\/css\">\r\n.lpnpq69f1ebb8a8a0b {\r\ntext-align: center;\r\n}\r\n@media screen and (min-width: 1201px) {\r\n.lpnpq69f1ebb8a8a0b {\r\ndisplay: none;\r\n}\r\n}\r\n@media screen and (min-width: 993px) and (max-width: 1200px) {\r\n.lpnpq69f1ebb8a8a0b {\r\ndisplay: none;\r\n}\r\n}\r\n@media screen and (min-width: 769px) and (max-width: 992px) {\r\n.lpnpq69f1ebb8a8a0b {\r\ndisplay: none;\r\n}\r\n}\r\n@media screen and (min-width: 768px) and (max-width: 768px) {\r\n.lpnpq69f1ebb8a8a0b {\r\ndisplay: block;\r\n}\r\n}\r\n@media screen and (max-width: 767px) {\r\n.lpnpq69f1ebb8a8a0b {\r\ndisplay: block;\r\n}\r\n}\r\n<\/style>\r\n<div class=\"wruoa69f1ebb8a89f7\" ><!--<a href=\"https:\/\/bit.ly\/3QdrqTZ\" target=\"_blank\">\n<img src=\"https:\/\/justicapotiguar.com.br\/wp-content\/uploads\/2023\/09\/desktop-geral.gif\"\/><a\/>--><\/div><style type=\"text\/css\">\r\n.wruoa69f1ebb8a89f7 {\r\ntext-align: center;\nmargin-bottom: 1em;\r\n}\r\n@media screen and (min-width: 1201px) {\r\n.wruoa69f1ebb8a89f7 {\r\ndisplay: block;\r\n}\r\n}\r\n@media screen and (min-width: 993px) and (max-width: 1200px) {\r\n.wruoa69f1ebb8a89f7 {\r\ndisplay: block;\r\n}\r\n}\r\n@media screen and (min-width: 769px) and (max-width: 992px) {\r\n.wruoa69f1ebb8a89f7 {\r\ndisplay: block;\r\n}\r\n}\r\n@media screen and (min-width: 768px) and (max-width: 768px) {\r\n.wruoa69f1ebb8a89f7 {\r\ndisplay: none;\r\n}\r\n}\r\n@media screen and (max-width: 767px) {\r\n.wruoa69f1ebb8a89f7 {\r\ndisplay: none;\r\n}\r\n}\r\n<\/style>\r\n\n\n\n\n<p>As investiga\u00e7\u00f5es avan\u00e7aram e os policiais civis da Delegacia Especial de Furtos e Roubos (DEFUR) identificaram os autores diretos do crime como Feliphe Yuri de Souza Lima e S\u00e9rgio Souza da Costa Filho.<\/p>\n\n\n\n<p><strong>(Habeas Corpus com pedido liminar n\u00ba 0808096-41.2020.8.20.0000<\/strong><\/p>\n","protected":false},"excerpt":{"rendered":"<p>Os desembargadores da C\u00e2mara Criminal do TJRN mantiveram a pris\u00e3o de um homem, acusado de praticar, com outros envolvidos, um roubo na Zona Sul de Natal, em um condom\u00ednio na Avenida Ruy Barbosa, em 2 de junho de 2020, por volta das 19h. Segundo os autos, o crime ocorreu quando os suspeitos, na posse de<br \/><a class=\"more-link\" href=\"https:\/\/justicapotiguar.com.br\/index.php\/2021\/01\/08\/acusado-de-participacao-em-roubo-em-predio-de-luxo-na-zona-sul-tem-hc-negado\/\">Mais&#8230;<\/a><\/p>\n","protected":false},"author":5,"featured_media":615,"comment_status":"open","ping_status":"open","sticky":false,"template":"","format":"standard","meta":[],"categories":[3],"tags":[],"_links":{"self":[{"href":"https:\/\/justicapotiguar.com.br\/index.php\/wp-json\/wp\/v2\/posts\/15868"}],"collection":[{"href":"https:\/\/justicapotiguar.com.br\/index.php\/wp-json\/wp\/v2\/posts"}],"about":[{"href":"https:\/\/justicapotiguar.com.br\/index.php\/wp-json\/wp\/v2\/types\/post"}],"author":[{"embeddable":true,"href":"https:\/\/justicapotiguar.com.br\/index.php\/wp-json\/wp\/v2\/users\/5"}],"replies":[{"embeddable":true,"href":"https:\/\/justicapotiguar.com.br\/index.php\/wp-json\/wp\/v2\/comments?post=15868"}],"version-history":[{"count":1,"href":"https:\/\/justicapotiguar.com.br\/index.php\/wp-json\/wp\/v2\/posts\/15868\/revisions"}],"predecessor-version":[{"id":15869,"href":"https:\/\/justicapotiguar.com.br\/index.php\/wp-json\/wp\/v2\/posts\/15868\/revisions\/15869"}],"wp:featuredmedia":[{"embeddable":true,"href":"https:\/\/justicapotiguar.com.br\/index.php\/wp-json\/wp\/v2\/media\/615"}],"wp:attachment":[{"href":"https:\/\/justicapotiguar.com.br\/index.php\/wp-json\/wp\/v2\/media?parent=15868"}],"wp:term":[{"taxonomy":"category","embeddable":true,"href":"https:\/\/justicapotiguar.com.br\/index.php\/wp-json\/wp\/v2\/categories?post=15868"},{"taxonomy":"post_tag","embeddable":true,"href":"https:\/\/justicapotiguar.com.br\/index.php\/wp-json\/wp\/v2\/tags?post=15868"}],"curies":[{"name":"wp","href":"https:\/\/api.w.org\/{rel}","templated":true}]}}