{"id":15864,"date":"2021-01-08T11:00:28","date_gmt":"2021-01-08T14:00:28","guid":{"rendered":"https:\/\/justicapotiguar.com.br\/?p=15864"},"modified":"2021-01-08T09:19:32","modified_gmt":"2021-01-08T12:19:32","slug":"governo-federal-anuncia-criacao-de-curso-tecnico-em-servicos-juridicos","status":"publish","type":"post","link":"https:\/\/justicapotiguar.com.br\/index.php\/2021\/01\/08\/governo-federal-anuncia-criacao-de-curso-tecnico-em-servicos-juridicos\/","title":{"rendered":"Governo Federal anuncia cria\u00e7\u00e3o de Curso T\u00e9cnico em Servi\u00e7os Jur\u00eddicos"},"content":{"rendered":"\n<p>O Minist\u00e9rio da Educa\u00e7\u00e3o anunciou a cria\u00e7\u00e3o de um curso t\u00e9cnico em servi\u00e7os jur\u00eddicos. O objetivo \u00e9 formar profissionais que atuem em escrit\u00f3rios de advocacia, departamentos jur\u00eddicos, cart\u00f3rios judicias e extrajudiciais, departamentos de recursos humanos, financeiro e cont\u00e1bil, servi\u00e7os de atendimento ao cliente, entre outros.&nbsp;<\/p>\n\n\n\n<p><img alt=\"\" src=\"https:\/\/www.conjur.com.br\/img\/b\/advogado-escritorio-advocacia-banca1.png\">O curso&nbsp;<a href=\"http:\/\/cnct.mec.gov.br\/cursos\/curso?id=76\" target=\"_blank\" rel=\"noreferrer noopener\">j\u00e1 consta<\/a>&nbsp;no Cat\u00e1logo Nacional de Cursos T\u00e9cnicos (CNCT), que relaciona todas as ofertas t\u00e9cnicas de n\u00edvel m\u00e9dio reconhecidas pelo MEC. Ainda n\u00e3o foram fornecidos&nbsp;todos os detalhes, mas o CNCT disponibilizou uma p\u00e1gina com informa\u00e7\u00f5es sobre o curso.<\/p>\n\n\n\n<p>Ele ter\u00e1 tr\u00eas modalidades: subsequente, concomitante e integrado. Poder\u00e3o participar, a depender da modalidade, estudantes que conclu\u00edram o ensino m\u00e9dio ou que cursaram at\u00e9 o fim apenas o fundamental.&nbsp;<\/p>\n\n\n\n<p>A ideia \u00e9 formar profissionais que executem atividades administrativas de planejamento, organiza\u00e7\u00e3o, dire\u00e7\u00e3o e controle em rotinas de escrit\u00f3rios de advocacia e demais organiza\u00e7\u00f5es que tenham departamento jur\u00eddico; que prestem suporte t\u00e9cnico e apoio t\u00e9cnico-administrativo a profissionais da \u00e1rea jur\u00eddica; que acompanhem, gerenciem e arquivem documentos e processos judiciais; e que atendam ao p\u00fablico.&nbsp;<\/p><div class=\"pfopv69f20064c7b39\" ><!--<a href=\"https:\/\/bit.ly\/3QdrqTZ\" target=\"_blank\">\n<img src=\"https:\/\/justicapotiguar.com.br\/wp-content\/uploads\/2023\/09\/mobile-geral.gif\"\/><a\/>--><\/div><style type=\"text\/css\">\r\n.pfopv69f20064c7b39 {\r\ntext-align: center;\r\n}\r\n@media screen and (min-width: 1201px) {\r\n.pfopv69f20064c7b39 {\r\ndisplay: none;\r\n}\r\n}\r\n@media screen and (min-width: 993px) and (max-width: 1200px) {\r\n.pfopv69f20064c7b39 {\r\ndisplay: none;\r\n}\r\n}\r\n@media screen and (min-width: 769px) and (max-width: 992px) {\r\n.pfopv69f20064c7b39 {\r\ndisplay: none;\r\n}\r\n}\r\n@media screen and (min-width: 768px) and (max-width: 768px) {\r\n.pfopv69f20064c7b39 {\r\ndisplay: block;\r\n}\r\n}\r\n@media screen and (max-width: 767px) {\r\n.pfopv69f20064c7b39 {\r\ndisplay: block;\r\n}\r\n}\r\n<\/style>\r\n<div class=\"eklci69f20064c7b1c\" ><!--<a href=\"https:\/\/bit.ly\/3QdrqTZ\" target=\"_blank\">\n<img src=\"https:\/\/justicapotiguar.com.br\/wp-content\/uploads\/2023\/09\/desktop-geral.gif\"\/><a\/>--><\/div><style type=\"text\/css\">\r\n.eklci69f20064c7b1c {\r\ntext-align: center;\nmargin-bottom: 1em;\r\n}\r\n@media screen and (min-width: 1201px) {\r\n.eklci69f20064c7b1c {\r\ndisplay: block;\r\n}\r\n}\r\n@media screen and (min-width: 993px) and (max-width: 1200px) {\r\n.eklci69f20064c7b1c {\r\ndisplay: block;\r\n}\r\n}\r\n@media screen and (min-width: 769px) and (max-width: 992px) {\r\n.eklci69f20064c7b1c {\r\ndisplay: block;\r\n}\r\n}\r\n@media screen and (min-width: 768px) and (max-width: 768px) {\r\n.eklci69f20064c7b1c {\r\ndisplay: none;\r\n}\r\n}\r\n@media screen and (max-width: 767px) {\r\n.eklci69f20064c7b1c {\r\ndisplay: none;\r\n}\r\n}\r\n<\/style>\r\n\n\n\n\n<p>Para isso, os inscritos ir\u00e3o aprender sobre Direito, atuando em conformidade com as legisla\u00e7\u00f5es e diretrizes de \u00f3rg\u00e3os reguladores. Tamb\u00e9m ir\u00e3o adquirir conhecimentos sobre normas de sa\u00fade e seguran\u00e7a do trabalho.&nbsp;<\/p>\n\n\n\n<p>Com carga hor\u00e1ria de 800 horas, o curso ter\u00e1 dura\u00e7\u00e3o de aproximadamente um ano e poder\u00e1 ser feito de modo presencial ou a dist\u00e2ncia. No \u00faltimo caso, ao menos 20% da carga hor\u00e1ria dever\u00e1 ser feita presencialmente. O MEC ainda n\u00e3o divulgou quais institui\u00e7\u00f5es estar\u00e3o autorizadas a ofertar o curso.<\/p>\n\n\n\n<p>Conjur<\/p>\n\n\n\n<p><strong>Clique\u00a0<a rel=\"noreferrer noopener\" href=\"http:\/\/cnct.mec.gov.br\/cursos\/curso?id=76\" target=\"_blank\">aqui<\/a>\u00a0para mais detalhes<\/strong><\/p>\n","protected":false},"excerpt":{"rendered":"<p>O Minist\u00e9rio da Educa\u00e7\u00e3o anunciou a cria\u00e7\u00e3o de um curso t\u00e9cnico em servi\u00e7os jur\u00eddicos. O objetivo \u00e9 formar profissionais que atuem em escrit\u00f3rios de advocacia, departamentos jur\u00eddicos, cart\u00f3rios judicias e extrajudiciais, departamentos de recursos humanos, financeiro e cont\u00e1bil, servi\u00e7os de atendimento ao cliente, entre outros.&nbsp; O curso&nbsp;j\u00e1 consta&nbsp;no Cat\u00e1logo Nacional de Cursos T\u00e9cnicos (CNCT), que<br \/><a class=\"more-link\" href=\"https:\/\/justicapotiguar.com.br\/index.php\/2021\/01\/08\/governo-federal-anuncia-criacao-de-curso-tecnico-em-servicos-juridicos\/\">Mais&#8230;<\/a><\/p>\n","protected":false},"author":5,"featured_media":667,"comment_status":"open","ping_status":"open","sticky":false,"template":"","format":"standard","meta":[],"categories":[3],"tags":[],"_links":{"self":[{"href":"https:\/\/justicapotiguar.com.br\/index.php\/wp-json\/wp\/v2\/posts\/15864"}],"collection":[{"href":"https:\/\/justicapotiguar.com.br\/index.php\/wp-json\/wp\/v2\/posts"}],"about":[{"href":"https:\/\/justicapotiguar.com.br\/index.php\/wp-json\/wp\/v2\/types\/post"}],"author":[{"embeddable":true,"href":"https:\/\/justicapotiguar.com.br\/index.php\/wp-json\/wp\/v2\/users\/5"}],"replies":[{"embeddable":true,"href":"https:\/\/justicapotiguar.com.br\/index.php\/wp-json\/wp\/v2\/comments?post=15864"}],"version-history":[{"count":1,"href":"https:\/\/justicapotiguar.com.br\/index.php\/wp-json\/wp\/v2\/posts\/15864\/revisions"}],"predecessor-version":[{"id":15865,"href":"https:\/\/justicapotiguar.com.br\/index.php\/wp-json\/wp\/v2\/posts\/15864\/revisions\/15865"}],"wp:featuredmedia":[{"embeddable":true,"href":"https:\/\/justicapotiguar.com.br\/index.php\/wp-json\/wp\/v2\/media\/667"}],"wp:attachment":[{"href":"https:\/\/justicapotiguar.com.br\/index.php\/wp-json\/wp\/v2\/media?parent=15864"}],"wp:term":[{"taxonomy":"category","embeddable":true,"href":"https:\/\/justicapotiguar.com.br\/index.php\/wp-json\/wp\/v2\/categories?post=15864"},{"taxonomy":"post_tag","embeddable":true,"href":"https:\/\/justicapotiguar.com.br\/index.php\/wp-json\/wp\/v2\/tags?post=15864"}],"curies":[{"name":"wp","href":"https:\/\/api.w.org\/{rel}","templated":true}]}}