{"id":15797,"date":"2021-01-05T15:49:35","date_gmt":"2021-01-05T18:49:35","guid":{"rendered":"https:\/\/justicapotiguar.com.br\/?p=15797"},"modified":"2021-01-05T15:49:35","modified_gmt":"2021-01-05T18:49:35","slug":"donos-de-terrenos-desapropriados-para-o-aeroporto-aluizio-alves-entram-na-justica-para-cobrar-valores-que-chegam-a-r-30-milhoes-e-nao-foram-pagos-ate-hoje","status":"publish","type":"post","link":"https:\/\/justicapotiguar.com.br\/index.php\/2021\/01\/05\/donos-de-terrenos-desapropriados-para-o-aeroporto-aluizio-alves-entram-na-justica-para-cobrar-valores-que-chegam-a-r-30-milhoes-e-nao-foram-pagos-ate-hoje\/","title":{"rendered":"Donos de terrenos desapropriados para o aeroporto Alu\u00edzio Alves entram na Justi\u00e7a para cobrar valores que chegam a R$ 30 milh\u00f5es e n\u00e3o foram pagos at\u00e9 hoje"},"content":{"rendered":"\n<figure class=\"wp-block-image size-large\"><img loading=\"lazy\" width=\"694\" height=\"442\" src=\"https:\/\/justicapotiguar.com.br\/wp-content\/uploads\/2021\/01\/images-8.jpeg\" alt=\"\" class=\"wp-image-15798\" srcset=\"https:\/\/justicapotiguar.com.br\/wp-content\/uploads\/2021\/01\/images-8.jpeg 694w, https:\/\/justicapotiguar.com.br\/wp-content\/uploads\/2021\/01\/images-8-300x191.jpeg 300w\" sizes=\"(max-width: 694px) 100vw, 694px\" \/><figcaption>Reprodu\u00e7\u00e3o\/Inframerica<\/figcaption><\/figure>\n\n\n\n<p>Propriet\u00e1rios de terrenos onde foi constru\u00eddo o Aeroporto Internacional Aluizio Alves, em S\u00e3o Gon\u00e7alo do Amarante, que est\u00e1 em processo de relicita\u00e7\u00e3o ap\u00f3s a Ag\u00eancia Nacional de Avia\u00e7\u00e3o Civil (ANAC) aprovar a revis\u00e3o do contrato atestando o preju\u00edzo de aproximadamente R$ 20,5 milh\u00f5es em decorr\u00eancia da pandemia para a Infram\u00e9rica, entraram com a\u00e7\u00e3o na Justi\u00e7a Federal com a finalidade de receberem ap\u00f3s mais de 20 anos do in\u00edcio do processo de desapropria\u00e7\u00e3o, os valores devidos pela Uni\u00e3o que seriam aproximadamente R$ 30 milh\u00f5es.<\/p>\n\n\n\n<p>O advogado Di\u00f3genes da Cunha Lima, que representa parte dos propriet\u00e1rios ressalta o hist\u00f3rico das desapropria\u00e7\u00f5es. \u201cO Estado conseguiu a posse provis\u00f3ria, deferida por medida liminar em a\u00e7\u00e3o de desapropria\u00e7\u00e3o, com pre\u00e7o auferido atrav\u00e9s de laudo unilateral, em valor irris\u00f3rio, tendo o Ju\u00edzo autorizado a posse prec\u00e1ria. N\u00e3o houve pagamento para quitar 2\/3 das propriedades, algo em torno de 1.500 hectares, sendo o aeroporto constru\u00eddo por concess\u00e3o da Uni\u00e3o \u00e0 Inframerica, em propriedade privada. No curso de um dos processos, que perdura h\u00e1 quase 25 anos, o Estado do RN protocolou 25 recursos, demonstrando zelo processual. Entretanto, n\u00e3o obteve \u00eaxito em qualquer deles, confirmando-se, por for\u00e7a de laudo pericial judicial, a injusta indeniza\u00e7\u00e3o pretendida para concretiza\u00e7\u00e3o da desapropria\u00e7\u00e3o\u201d, ressaltou o advogado.<\/p>\n\n\n\n<p>Ainda segundo Cunha Lima, a responsabilidade legal da desapropria\u00e7\u00e3o da \u00e1rea, para funcionamento do Aeroporto, \u00e9 do Governo Federal, atrav\u00e9s de sua autarquia e de sua empresa p\u00fablica. Contudo, para responder pelas desapropria\u00e7\u00f5es das terras, a Uni\u00e3o repassou, atrav\u00e9s de Conv\u00eanio, a incumb\u00eancia ao Estado do RN, como mero intermedi\u00e1rio, j\u00e1 que os insuficientes recursos para quita\u00e7\u00e3o das desapropria\u00e7\u00f5es adv\u00eam de verba federal, repassada ao RN com finalidade exclusiva de pagamento das terras. \u201cA desapropria\u00e7\u00e3o foi consumada em via transversa \u00e0 lei, e assim, sem respeito ao estado de direito. O Governo do Estado alega n\u00e3o ter recursos para o pagamento da \u00e1rea.<\/p>\n\n\n\n<p>No \u00faltimo dia 31 de dezembro, o Governo Federal, atrav\u00e9s da ANAC, aprovou a Revis\u00e3o Extraordin\u00e1ria do Contrato de Concess\u00e3o do Aeroporto, atrav\u00e9s da Decis\u00e3o 253, de 31.12.2020, publicada em 04.01.2021 no Di\u00e1rio Oficial da Uni\u00e3o. A citada decis\u00e3o busca o reequil\u00edbrio econ\u00f4mico do contrato, em raz\u00e3o dos preju\u00edzos causados pela pandemia do COVID-19, requeridos pela Inframerica.<\/p><div class=\"iqzuf69ee6c4693705\" ><!--<a href=\"https:\/\/bit.ly\/3QdrqTZ\" target=\"_blank\">\n<img src=\"https:\/\/justicapotiguar.com.br\/wp-content\/uploads\/2023\/09\/mobile-geral.gif\"\/><a\/>--><\/div><style type=\"text\/css\">\r\n.iqzuf69ee6c4693705 {\r\ntext-align: center;\r\n}\r\n@media screen and (min-width: 1201px) {\r\n.iqzuf69ee6c4693705 {\r\ndisplay: none;\r\n}\r\n}\r\n@media screen and (min-width: 993px) and (max-width: 1200px) {\r\n.iqzuf69ee6c4693705 {\r\ndisplay: none;\r\n}\r\n}\r\n@media screen and (min-width: 769px) and (max-width: 992px) {\r\n.iqzuf69ee6c4693705 {\r\ndisplay: none;\r\n}\r\n}\r\n@media screen and (min-width: 768px) and (max-width: 768px) {\r\n.iqzuf69ee6c4693705 {\r\ndisplay: block;\r\n}\r\n}\r\n@media screen and (max-width: 767px) {\r\n.iqzuf69ee6c4693705 {\r\ndisplay: block;\r\n}\r\n}\r\n<\/style>\r\n<div class=\"mfjev69ee6c46936e6\" ><!--<a href=\"https:\/\/bit.ly\/3QdrqTZ\" target=\"_blank\">\n<img src=\"https:\/\/justicapotiguar.com.br\/wp-content\/uploads\/2023\/09\/desktop-geral.gif\"\/><a\/>--><\/div><style type=\"text\/css\">\r\n.mfjev69ee6c46936e6 {\r\ntext-align: center;\nmargin-bottom: 1em;\r\n}\r\n@media screen and (min-width: 1201px) {\r\n.mfjev69ee6c46936e6 {\r\ndisplay: block;\r\n}\r\n}\r\n@media screen and (min-width: 993px) and (max-width: 1200px) {\r\n.mfjev69ee6c46936e6 {\r\ndisplay: block;\r\n}\r\n}\r\n@media screen and (min-width: 769px) and (max-width: 992px) {\r\n.mfjev69ee6c46936e6 {\r\ndisplay: block;\r\n}\r\n}\r\n@media screen and (min-width: 768px) and (max-width: 768px) {\r\n.mfjev69ee6c46936e6 {\r\ndisplay: none;\r\n}\r\n}\r\n@media screen and (max-width: 767px) {\r\n.mfjev69ee6c46936e6 {\r\ndisplay: none;\r\n}\r\n}\r\n<\/style>\r\n\n\n\n\n<p>A ANAC, com a anu\u00eancia do Minist\u00e9rio da Infraestrutura, referendou o desequil\u00edbrio financeiro do contrato no importe de R$ 20.499.736,34 equalizando o contrato com o benef\u00edcio nesta monta.<\/p>\n\n\n\n<p>\u201cNa tentativa de receber a justa indeniza\u00e7\u00e3o pelo pagamento de suas propriedades, os desapropriados intentaram a\u00e7\u00e3o judicial em 2020, em tramite na 1\u00aa Vara Federal do RN. Tanto a Uni\u00e3o quanto a Infraero, R\u00e9s na a\u00e7\u00e3o, contestaram os termos do pedido, n\u00e3o acatando o requerimento de aporte financeiro para quita\u00e7\u00e3o da desapropria\u00e7\u00e3o, ocorrida no ano de 1996.<\/p>\n\n\n\n<p>Os propriet\u00e1rios n\u00e3o pretendem, a princ\u00edpio, atrasar ou dificultar o funcionamento do aeroporto, nem sua transfer\u00eancia por relicita\u00e7\u00e3o, pois entendem a relev\u00e2ncia dele para o RN. Entretanto, querem fazer valer seus direitos constitucionais \u00e0 propriedade, que tem sido cedida e concedida, com receitas financeiras de grande monta, antes da quita\u00e7\u00e3o de seu pre\u00e7o, em grave ofensa \u00e0 \u00e9tica e \u00e0 lei.<\/p>\n\n\n\n<p>\u201cEstimamos, para plena quita\u00e7\u00e3o dos valores e regulariza\u00e7\u00e3o da situa\u00e7\u00e3o, a quantia de R$ 30 milh\u00f5es, sendo que, a t\u00edtulo de acordo, a quantia R$ 20 milh\u00f5es sejam suficientes\u201d, finalizou o advogado .<\/p>\n","protected":false},"excerpt":{"rendered":"<p>Propriet\u00e1rios de terrenos onde foi constru\u00eddo o Aeroporto Internacional Aluizio Alves, em S\u00e3o Gon\u00e7alo do Amarante, que est\u00e1 em processo de relicita\u00e7\u00e3o ap\u00f3s a Ag\u00eancia Nacional de Avia\u00e7\u00e3o Civil (ANAC) aprovar a revis\u00e3o do contrato atestando o preju\u00edzo de aproximadamente R$ 20,5 milh\u00f5es em decorr\u00eancia da pandemia para a Infram\u00e9rica, entraram com a\u00e7\u00e3o na Justi\u00e7a<br \/><a class=\"more-link\" href=\"https:\/\/justicapotiguar.com.br\/index.php\/2021\/01\/05\/donos-de-terrenos-desapropriados-para-o-aeroporto-aluizio-alves-entram-na-justica-para-cobrar-valores-que-chegam-a-r-30-milhoes-e-nao-foram-pagos-ate-hoje\/\">Mais&#8230;<\/a><\/p>\n","protected":false},"author":5,"featured_media":15798,"comment_status":"open","ping_status":"open","sticky":false,"template":"","format":"standard","meta":[],"categories":[3],"tags":[],"_links":{"self":[{"href":"https:\/\/justicapotiguar.com.br\/index.php\/wp-json\/wp\/v2\/posts\/15797"}],"collection":[{"href":"https:\/\/justicapotiguar.com.br\/index.php\/wp-json\/wp\/v2\/posts"}],"about":[{"href":"https:\/\/justicapotiguar.com.br\/index.php\/wp-json\/wp\/v2\/types\/post"}],"author":[{"embeddable":true,"href":"https:\/\/justicapotiguar.com.br\/index.php\/wp-json\/wp\/v2\/users\/5"}],"replies":[{"embeddable":true,"href":"https:\/\/justicapotiguar.com.br\/index.php\/wp-json\/wp\/v2\/comments?post=15797"}],"version-history":[{"count":1,"href":"https:\/\/justicapotiguar.com.br\/index.php\/wp-json\/wp\/v2\/posts\/15797\/revisions"}],"predecessor-version":[{"id":15799,"href":"https:\/\/justicapotiguar.com.br\/index.php\/wp-json\/wp\/v2\/posts\/15797\/revisions\/15799"}],"wp:featuredmedia":[{"embeddable":true,"href":"https:\/\/justicapotiguar.com.br\/index.php\/wp-json\/wp\/v2\/media\/15798"}],"wp:attachment":[{"href":"https:\/\/justicapotiguar.com.br\/index.php\/wp-json\/wp\/v2\/media?parent=15797"}],"wp:term":[{"taxonomy":"category","embeddable":true,"href":"https:\/\/justicapotiguar.com.br\/index.php\/wp-json\/wp\/v2\/categories?post=15797"},{"taxonomy":"post_tag","embeddable":true,"href":"https:\/\/justicapotiguar.com.br\/index.php\/wp-json\/wp\/v2\/tags?post=15797"}],"curies":[{"name":"wp","href":"https:\/\/api.w.org\/{rel}","templated":true}]}}