{"id":15795,"date":"2021-01-05T14:44:34","date_gmt":"2021-01-05T17:44:34","guid":{"rendered":"https:\/\/justicapotiguar.com.br\/?p=15795"},"modified":"2021-01-05T14:44:34","modified_gmt":"2021-01-05T17:44:34","slug":"pgr-questiona-no-stf-lei-do-rn-que-instituiu-moto-legal-permitindo-circulacao-mesmo-com-irregularidades","status":"publish","type":"post","link":"https:\/\/justicapotiguar.com.br\/index.php\/2021\/01\/05\/pgr-questiona-no-stf-lei-do-rn-que-instituiu-moto-legal-permitindo-circulacao-mesmo-com-irregularidades\/","title":{"rendered":"PGR questiona no STF lei do RN que instituiu &#8220;Moto Legal&#8221; permitindo circula\u00e7\u00e3o mesmo com irregularidades"},"content":{"rendered":"\n<figure class=\"wp-block-image\"><img src=\"http:\/\/www.stf.jus.br\/arquivo\/cms\/bancoImagemSco\/bancoImagemSco_IA_454187.jpg\" alt=\"\"\/><figcaption>Reprodu\u00e7\u00e3o <\/figcaption><\/figure>\n\n\n\n<p>O procurador-geral da Rep\u00fablica, Augusto Aras, ajuizou, no Supremo Tribunal Federal (STF), a A\u00e7\u00e3o Direta de Inconstitucionalidade (ADI) 6605, para contestar dispositivos da Lei estadual 10.639\/2019 do Rio Grande do Norte, que institui o Programa Moto Legal. A a\u00e7\u00e3o foi distribu\u00edda \u00e0 ministra C\u00e1rmen L\u00facia.<br><br>Entre outras provid\u00eancias, a norma possibilita a celebra\u00e7\u00e3o de compromisso entre o Executivo estadual e os donos de motocicletas, motonetas ou ciclomotores de at\u00e9 155 cilindradas para que permane\u00e7am em circula\u00e7\u00e3o em vias p\u00fablicas, mesmo quando constatadas irregularidades que causariam a reten\u00e7\u00e3o ou a remo\u00e7\u00e3o do ve\u00edculo. Autoriza, ainda, o pagamento de multas de tr\u00e2nsito por meio de cart\u00e3o de d\u00e9bito ou de cr\u00e9dito, com possibilidade de parcelamento.<br><br>Para Augusto Aras, v\u00e1rias disposi\u00e7\u00f5es da lei invadem a compet\u00eancia privativa da Uni\u00e3o para legislar sobre tr\u00e2nsito e transporte (artigo 22, inciso XI, da Constitui\u00e7\u00e3o Federal). Segundo ele, o C\u00f3digo de Tr\u00e2nsito Brasileiro (CTB) delegou ao Conselho Nacional de Tr\u00e2nsito (Contran) compet\u00eancia para normatizar procedimentos relativos \u00e0 aplica\u00e7\u00e3o de multas, \u00e0 arrecada\u00e7\u00e3o e ao repasse dos valores arrecadados, e o Conselho, no exerc\u00edcio dessa compet\u00eancia, estabeleceu regramento pormenorizado sobre o parcelamento das multas por infra\u00e7\u00e3o \u00e0 legisla\u00e7\u00e3o de tr\u00e2nsito. O procurador-geral argumenta, tamb\u00e9m, que o CTB prev\u00ea regras sobre reten\u00e7\u00e3o, remo\u00e7\u00e3o e libera\u00e7\u00e3o de ve\u00edculos irregulares, e, portanto, a lei estadual n\u00e3o poderia criar disciplina &#8220;paralela&#8221; sobre a mat\u00e9ria.<\/p>\n","protected":false},"excerpt":{"rendered":"<p>O procurador-geral da Rep\u00fablica, Augusto Aras, ajuizou, no Supremo Tribunal Federal (STF), a A\u00e7\u00e3o Direta de Inconstitucionalidade (ADI) 6605, para contestar dispositivos da Lei estadual 10.639\/2019 do Rio Grande do Norte, que institui o Programa Moto Legal. A a\u00e7\u00e3o foi distribu\u00edda \u00e0 ministra C\u00e1rmen L\u00facia. Entre outras provid\u00eancias, a norma possibilita a celebra\u00e7\u00e3o de compromisso<br \/><a class=\"more-link\" href=\"https:\/\/justicapotiguar.com.br\/index.php\/2021\/01\/05\/pgr-questiona-no-stf-lei-do-rn-que-instituiu-moto-legal-permitindo-circulacao-mesmo-com-irregularidades\/\">Mais&#8230;<\/a><\/p>\n","protected":false},"author":5,"featured_media":11388,"comment_status":"open","ping_status":"open","sticky":false,"template":"","format":"standard","meta":[],"categories":[3],"tags":[],"_links":{"self":[{"href":"https:\/\/justicapotiguar.com.br\/index.php\/wp-json\/wp\/v2\/posts\/15795"}],"collection":[{"href":"https:\/\/justicapotiguar.com.br\/index.php\/wp-json\/wp\/v2\/posts"}],"about":[{"href":"https:\/\/justicapotiguar.com.br\/index.php\/wp-json\/wp\/v2\/types\/post"}],"author":[{"embeddable":true,"href":"https:\/\/justicapotiguar.com.br\/index.php\/wp-json\/wp\/v2\/users\/5"}],"replies":[{"embeddable":true,"href":"https:\/\/justicapotiguar.com.br\/index.php\/wp-json\/wp\/v2\/comments?post=15795"}],"version-history":[{"count":1,"href":"https:\/\/justicapotiguar.com.br\/index.php\/wp-json\/wp\/v2\/posts\/15795\/revisions"}],"predecessor-version":[{"id":15796,"href":"https:\/\/justicapotiguar.com.br\/index.php\/wp-json\/wp\/v2\/posts\/15795\/revisions\/15796"}],"wp:featuredmedia":[{"embeddable":true,"href":"https:\/\/justicapotiguar.com.br\/index.php\/wp-json\/wp\/v2\/media\/11388"}],"wp:attachment":[{"href":"https:\/\/justicapotiguar.com.br\/index.php\/wp-json\/wp\/v2\/media?parent=15795"}],"wp:term":[{"taxonomy":"category","embeddable":true,"href":"https:\/\/justicapotiguar.com.br\/index.php\/wp-json\/wp\/v2\/categories?post=15795"},{"taxonomy":"post_tag","embeddable":true,"href":"https:\/\/justicapotiguar.com.br\/index.php\/wp-json\/wp\/v2\/tags?post=15795"}],"curies":[{"name":"wp","href":"https:\/\/api.w.org\/{rel}","templated":true}]}}