{"id":15793,"date":"2021-01-05T14:20:45","date_gmt":"2021-01-05T17:20:45","guid":{"rendered":"https:\/\/justicapotiguar.com.br\/?p=15793"},"modified":"2021-01-05T14:20:45","modified_gmt":"2021-01-05T17:20:45","slug":"fux-diz-que-vai-remarcar-audiencias-sobre-juiz-das-garantias-em-data-oportuna","status":"publish","type":"post","link":"https:\/\/justicapotiguar.com.br\/index.php\/2021\/01\/05\/fux-diz-que-vai-remarcar-audiencias-sobre-juiz-das-garantias-em-data-oportuna\/","title":{"rendered":"Fux diz que vai remarcar audi\u00eancias sobre juiz das garantias &#8220;em data oportuna&#8221;"},"content":{"rendered":"\n<p>O presidente do Supremo Tribunal Federal, ministro Luiz Fux, atendeu a um pedido do ministro Alexandre de Moraes e prestou esclarecimento&nbsp;<a href=\"https:\/\/www.conjur.com.br\/2020-jan-22\/fux-revoga-liminar-juiz-garantias-atereferendo-plenario\" target=\"_blank\" rel=\"noreferrer noopener\">sobre sua liminar<\/a>&nbsp;que, em janeiro de 2020, impediu a implementa\u00e7\u00e3o do juiz das garantias.<\/p>\n\n\n\n<figure class=\"wp-block-image\"><img src=\"https:\/\/www.conjur.com.br\/img\/b\/luiz-fux17.jpeg\" alt=\"\"\/><figcaption>Fux enviou of\u00edcio ao ministro Alexandre de Moraes<br><sup>Carlos Humberto\/SCO\/STF<\/sup><\/figcaption><\/figure>\n\n\n\n<p>De acordo com Fux, uma s\u00e9rie de audi\u00eancias p\u00fablicas sobre a implementa\u00e7\u00e3o estavam marcadas para a primeira metade de 2020. No entanto, elas tiveram que ser suspensas por&nbsp;causa da epidemia do novo coronav\u00edrus.&nbsp;<\/p>\n\n\n\n<p>&#8220;Com a entrada em vigor da Resolu\u00e7\u00e3o STF n. 663\/20, que estabeleceu medidas de preven\u00e7\u00e3o ao cont\u00e1gio pela covid-19 no \u00e2mbito deste Tribunal, suspendi, em 12.03.2020, a realiza\u00e7\u00e3o das referidas audi\u00eancias p\u00fablicas, as quais ser\u00e3o redesignadas para data oportuna&#8221;, diz o of\u00edcio enviado a Alexandre.&nbsp;<\/p>\n\n\n\n<p>A discuss\u00e3o central est\u00e1 focada na&nbsp;liminar de Fux que, h\u00e1 quase um ano, suspendeu a efic\u00e1cia de trechos da Lei Anticrime (Lei 13.964\/2019). Com a decis\u00e3o, Fux impediu a implementa\u00e7\u00e3o do juiz das garantias e&nbsp;<a href=\"https:\/\/www.conjur.com.br\/2020-jan-22\/fux-suspende-obrigatoriedade-audiencias-custodia-24-horas\" target=\"_blank\" rel=\"noreferrer noopener\">suspendeu a obrigatoriedade de audi\u00eancias de cust\u00f3dia<\/a>&nbsp;em 24 horas.<\/p>\n\n\n\n<p>Um HC foi impetrado pelo Instituto de Garantias Penais (IGP) para suspender a decis\u00e3o de Fux. O relator \u00e9 o ministro Alexandre de Moraes. Foi no \u00e2mbito desse&nbsp;HC que Alexandre pediu informa\u00e7\u00f5es ao presidente do Supremo.&nbsp;<\/p>\n\n\n\n<p><strong>Problem\u00e1tico desde o in\u00edcio<\/strong><br>A implanta\u00e7\u00e3o do juiz das garantias&nbsp;<a href=\"https:\/\/www.conjur.com.br\/2020-jan-15\/toffoli-suspende-implementacao-juiz-garantias\" target=\"_blank\" rel=\"noreferrer noopener\">tinha sido suspensa pela primeira vez<\/a>&nbsp;em janeiro, no recesso judici\u00e1rio, pelo ent\u00e3o presidente da corte, ministro Dias Toffoli, mas apenas por seis meses, para que os tribunais pudessem se organizar.&nbsp;<\/p><div class=\"fevxy69eeaaf0e3a7e\" ><!--<a href=\"https:\/\/bit.ly\/3QdrqTZ\" target=\"_blank\">\n<img src=\"https:\/\/justicapotiguar.com.br\/wp-content\/uploads\/2023\/09\/mobile-geral.gif\"\/><a\/>--><\/div><style type=\"text\/css\">\r\n.fevxy69eeaaf0e3a7e {\r\ntext-align: center;\r\n}\r\n@media screen and (min-width: 1201px) {\r\n.fevxy69eeaaf0e3a7e {\r\ndisplay: none;\r\n}\r\n}\r\n@media screen and (min-width: 993px) and (max-width: 1200px) {\r\n.fevxy69eeaaf0e3a7e {\r\ndisplay: none;\r\n}\r\n}\r\n@media screen and (min-width: 769px) and (max-width: 992px) {\r\n.fevxy69eeaaf0e3a7e {\r\ndisplay: none;\r\n}\r\n}\r\n@media screen and (min-width: 768px) and (max-width: 768px) {\r\n.fevxy69eeaaf0e3a7e {\r\ndisplay: block;\r\n}\r\n}\r\n@media screen and (max-width: 767px) {\r\n.fevxy69eeaaf0e3a7e {\r\ndisplay: block;\r\n}\r\n}\r\n<\/style>\r\n<div class=\"czlnt69eeaaf0e3a6a\" ><!--<a href=\"https:\/\/bit.ly\/3QdrqTZ\" target=\"_blank\">\n<img src=\"https:\/\/justicapotiguar.com.br\/wp-content\/uploads\/2023\/09\/desktop-geral.gif\"\/><a\/>--><\/div><style type=\"text\/css\">\r\n.czlnt69eeaaf0e3a6a {\r\ntext-align: center;\nmargin-bottom: 1em;\r\n}\r\n@media screen and (min-width: 1201px) {\r\n.czlnt69eeaaf0e3a6a {\r\ndisplay: block;\r\n}\r\n}\r\n@media screen and (min-width: 993px) and (max-width: 1200px) {\r\n.czlnt69eeaaf0e3a6a {\r\ndisplay: block;\r\n}\r\n}\r\n@media screen and (min-width: 769px) and (max-width: 992px) {\r\n.czlnt69eeaaf0e3a6a {\r\ndisplay: block;\r\n}\r\n}\r\n@media screen and (min-width: 768px) and (max-width: 768px) {\r\n.czlnt69eeaaf0e3a6a {\r\ndisplay: none;\r\n}\r\n}\r\n@media screen and (max-width: 767px) {\r\n.czlnt69eeaaf0e3a6a {\r\ndisplay: none;\r\n}\r\n}\r\n<\/style>\r\n\n\n\n\n<p>Uma semana depois, ao assumir o plant\u00e3o e atuando como presidente,&nbsp;<a href=\"https:\/\/www.conjur.com.br\/2020-jan-22\/fux-revoga-liminar-juiz-garantias-atereferendo-plenario\" target=\"_blank\" rel=\"noreferrer noopener\">Luiz Fux deu uma nova decis\u00e3o<\/a>. Em setembro deste ano, \u00e0s v\u00e9speras de assumir a presid\u00eancia do tribunal, Fux liberou as tr\u00eas a\u00e7\u00f5es diretas de inconstitucionalidade sobre o tema para julgamento pelo Plen\u00e1rio. Depois, j\u00e1 como presidente, deixou de pautar o tema.<\/p>\n\n\n\n<p><a href=\"https:\/\/www.cnnbrasil.com.br\/politica\/2020\/12\/18\/em-reacao-a-advogados-fux-tira-juiz-de-garantias-da-pauta-do-stf\" target=\"_blank\" rel=\"noreferrer noopener\">Segundo a&nbsp;<em>CNN<\/em><\/a>, a inten\u00e7\u00e3o de Fux era pautar as ADIs para o primeiro semestre de 2021, mas, por ter se irritado com o pedido de HC do IGP, mudou de ideia. As ADIs&nbsp;<a href=\"https:\/\/www.conjur.com.br\/2020-dez-17\/stf-anuncia-calendario-julgamentos-semestre-2021\" target=\"_blank\" rel=\"noreferrer noopener\">n\u00e3o constam do calend\u00e1rio<\/a>&nbsp;divulgado pelo Supremo.<\/p>\n\n\n\n<p>O pedido do IGP cita o ministro Luiz Fux como autoridade coatora, o que significa que ele n\u00e3o pode analisar a demanda. Normalmente, no recesso, que come\u00e7ou neste domingo (20\/12) e vai at\u00e9 6 de janeiro, caberia ao presidente (em revezamento com o vice) analisar os pedidos de urg\u00eancia.<\/p>\n\n\n\n<p>Mas, neste ano, em um cen\u00e1rio sem precedentes, quatro ministros anunciaram que pretendem continuar trabalhando: Gilmar Mendes, Marco Aur\u00e9lio, Alexandre de Moraes e Ricardo Lewandowski, considerados parte da ala garantista.<\/p>\n\n\n\n<p>Conjur<\/p>\n\n\n\n<p><strong>Clique\u00a0<a rel=\"noreferrer noopener\" href=\"https:\/\/www.conjur.com.br\/dl\/fux-presta-informacoes-ira-remarcar.pdf\" target=\"_blank\">aqui<\/a>\u00a0para ler o of\u00edcio<br>Of\u00edcio 508\/2020\/GPR<\/strong><\/p>\n","protected":false},"excerpt":{"rendered":"<p>O presidente do Supremo Tribunal Federal, ministro Luiz Fux, atendeu a um pedido do ministro Alexandre de Moraes e prestou esclarecimento&nbsp;sobre sua liminar&nbsp;que, em janeiro de 2020, impediu a implementa\u00e7\u00e3o do juiz das garantias. De acordo com Fux, uma s\u00e9rie de audi\u00eancias p\u00fablicas sobre a implementa\u00e7\u00e3o estavam marcadas para a primeira metade de 2020. No<br \/><a class=\"more-link\" href=\"https:\/\/justicapotiguar.com.br\/index.php\/2021\/01\/05\/fux-diz-que-vai-remarcar-audiencias-sobre-juiz-das-garantias-em-data-oportuna\/\">Mais&#8230;<\/a><\/p>\n","protected":false},"author":5,"featured_media":6757,"comment_status":"open","ping_status":"open","sticky":false,"template":"","format":"standard","meta":[],"categories":[3],"tags":[],"_links":{"self":[{"href":"https:\/\/justicapotiguar.com.br\/index.php\/wp-json\/wp\/v2\/posts\/15793"}],"collection":[{"href":"https:\/\/justicapotiguar.com.br\/index.php\/wp-json\/wp\/v2\/posts"}],"about":[{"href":"https:\/\/justicapotiguar.com.br\/index.php\/wp-json\/wp\/v2\/types\/post"}],"author":[{"embeddable":true,"href":"https:\/\/justicapotiguar.com.br\/index.php\/wp-json\/wp\/v2\/users\/5"}],"replies":[{"embeddable":true,"href":"https:\/\/justicapotiguar.com.br\/index.php\/wp-json\/wp\/v2\/comments?post=15793"}],"version-history":[{"count":1,"href":"https:\/\/justicapotiguar.com.br\/index.php\/wp-json\/wp\/v2\/posts\/15793\/revisions"}],"predecessor-version":[{"id":15794,"href":"https:\/\/justicapotiguar.com.br\/index.php\/wp-json\/wp\/v2\/posts\/15793\/revisions\/15794"}],"wp:featuredmedia":[{"embeddable":true,"href":"https:\/\/justicapotiguar.com.br\/index.php\/wp-json\/wp\/v2\/media\/6757"}],"wp:attachment":[{"href":"https:\/\/justicapotiguar.com.br\/index.php\/wp-json\/wp\/v2\/media?parent=15793"}],"wp:term":[{"taxonomy":"category","embeddable":true,"href":"https:\/\/justicapotiguar.com.br\/index.php\/wp-json\/wp\/v2\/categories?post=15793"},{"taxonomy":"post_tag","embeddable":true,"href":"https:\/\/justicapotiguar.com.br\/index.php\/wp-json\/wp\/v2\/tags?post=15793"}],"curies":[{"name":"wp","href":"https:\/\/api.w.org\/{rel}","templated":true}]}}