{"id":15791,"date":"2021-01-05T12:43:34","date_gmt":"2021-01-05T15:43:34","guid":{"rendered":"https:\/\/justicapotiguar.com.br\/?p=15791"},"modified":"2021-01-05T12:43:34","modified_gmt":"2021-01-05T15:43:34","slug":"apos-ser-intimado-juiz-obedece-stf-e-da-a-lula-acesso-a-mensagens-de-moro-e-procuradores","status":"publish","type":"post","link":"https:\/\/justicapotiguar.com.br\/index.php\/2021\/01\/05\/apos-ser-intimado-juiz-obedece-stf-e-da-a-lula-acesso-a-mensagens-de-moro-e-procuradores\/","title":{"rendered":"Ap\u00f3s ser intimado, juiz obedece STF e d\u00e1 a Lula acesso a mensagens de Moro e procuradores"},"content":{"rendered":"\n<p>Cumprindo uma decis\u00e3o do Supremo Tribunal Federal, o juiz Gabriel Zago Capanema Vianna de Paiva, plantonista da 10\u00aa Vara Federal Criminal do DF, deu \u00e0 defesa do ex-presidente Lula acesso \u00e0s mensagens apreendidas na chamada opera\u00e7\u00e3o &#8220;spoofing&#8221;. Os advogados dever\u00e3o apresentar of\u00edcio para que a Pol\u00edcia Federal compartilhe todo o material que tenha rela\u00e7\u00e3o com o petista.&nbsp;<\/p>\n\n\n\n<figure class=\"wp-block-image\"><img src=\"https:\/\/www.conjur.com.br\/img\/b\/presidente-lula3.jpeg\" alt=\"\"\/><figcaption>PF ter\u00e1 que entregar material apreendido pela &#8220;spoofing&#8221;<br><sup>Ricardo Stuckert<\/sup><\/figcaption><\/figure>\n\n\n\n<p>O acesso ao conte\u00fado hackeado dos celulares de autoridades, em especial de integrantes do Minist\u00e9rio P\u00fablico Federal no Paran\u00e1 e do ex-juiz Sergio Moro,&nbsp;<a href=\"https:\/\/www.conjur.com.br\/2020-dez-28\/justica-df-dar-acesso-lula-mensagens-vaza-jato\" target=\"_blank\" rel=\"noreferrer noopener\">foi determinado<\/a>&nbsp;pelo ministro Ricardo Lewandowski, do STF, no \u00faltimo dia 28. A decis\u00e3o, no entanto,&nbsp;<a href=\"https:\/\/www.conjur.com.br\/2021-jan-01\/juiz-contraria-stf-nega-acesso-lula-mensagens-lava-jato\" target=\"_blank\" rel=\"noreferrer noopener\">foi descumprida<\/a>&nbsp;por Waldemar Cl\u00e1udio de Carvalho, respons\u00e1vel anterior pelo plant\u00e3o da 10\u00aa Vara.<\/p>\n\n\n\n<p>Lewandowski precisou endossar sua determina\u00e7\u00e3o duas vezes at\u00e9 que ela fosse seguida. Primeiro&nbsp;<a href=\"https:\/\/www.conjur.com.br\/2020-dez-31\/lewandowski-reitera-ordem-acesso-arquivos-vaza-jato\" target=\"_blank\" rel=\"noreferrer noopener\">o ministro refor\u00e7ou a decis\u00e3o<\/a>&nbsp;ao ser notificado&nbsp;de que a 10\u00aa Vara abriu vistas ao MP ao inv\u00e9s de cumprir a ordem para&nbsp;compartilhar os dados da spoofing com Lula. Nesta segunda-feira (4\/1) ele subiu o tom,&nbsp;<a href=\"https:\/\/www.conjur.com.br\/2021-jan-04\/lewandowski-intima-vara-df-cumprir-decisao-lula\" target=\"_blank\" rel=\"noreferrer noopener\">mandando um oficial de justi\u00e7a<\/a>&nbsp;intimar pessoalmente o plantonista da 10\u00aa Vara para que a determina\u00e7\u00e3o fosse seguida com urg\u00eancia.&nbsp;<\/p>\n\n\n\n<p>&#8220;\u00c0 vista da decis\u00e3o juntada aos autos, prolatada pelo juiz federal Waldemar Cl\u00e1udio de Carvalho, que respondia pelo plant\u00e3o judici\u00e1rio da 10\u00aa Vara Federal Criminal da Se\u00e7\u00e3o Judici\u00e1ria do Distrito Federal, e considerando que o oficial de justi\u00e7a respons\u00e1vel por intim\u00e1-lo informou a cessa\u00e7\u00e3o de seu plant\u00e3o, determino sejam o novo plantonista e o juiz titular da referida Vara intimados das decis\u00f5es proferidas por este relator, tamb\u00e9m mediante oficial de justi\u00e7a, para o seu imediato cumprimento\u201d, disse o ministro em despacho assinado ontem.<\/p>\n\n\n\n<p>Carvalho havia descumprido a decis\u00e3o do STF com base na Resolu\u00e7\u00e3o 71\/09, do Conselho Nacional de Justi\u00e7a. A medida define quais mat\u00e9rias podem ser conhecidas durante o plant\u00e3o judicial.&nbsp;<\/p>\n\n\n\n<p>&#8220;N\u00e3o conhe\u00e7o do pedido formulado nos autos, por n\u00e3o se tratar de mat\u00e9ria pass\u00edvel de ser apreciada em regime de plant\u00e3o, porquanto n\u00e3o demonstrada a urg\u00eancia ou excepcionalidade necess\u00e1ria a justificar a subtra\u00e7\u00e3o da an\u00e1lise da quest\u00e3o pelo ju\u00edzo natural da casa&#8221;, disse o magistrado do DF ao negar o acesso.<\/p>\n\n\n\n<p>A defesa de Lula afirma que ao agir assim o juiz se portou como se estivesse julgando uma nova a\u00e7\u00e3o ou recurso, quando na verdade se tratava de mera solicita\u00e7\u00e3o para que a decis\u00e3o de Lewandowski fosse cumprida.&nbsp;<\/p><div class=\"etvvd69eeacc4c8b3d\" ><!--<a href=\"https:\/\/bit.ly\/3QdrqTZ\" target=\"_blank\">\n<img src=\"https:\/\/justicapotiguar.com.br\/wp-content\/uploads\/2023\/09\/mobile-geral.gif\"\/><a\/>--><\/div><style type=\"text\/css\">\r\n.etvvd69eeacc4c8b3d {\r\ntext-align: center;\r\n}\r\n@media screen and (min-width: 1201px) {\r\n.etvvd69eeacc4c8b3d {\r\ndisplay: none;\r\n}\r\n}\r\n@media screen and (min-width: 993px) and (max-width: 1200px) {\r\n.etvvd69eeacc4c8b3d {\r\ndisplay: none;\r\n}\r\n}\r\n@media screen and (min-width: 769px) and (max-width: 992px) {\r\n.etvvd69eeacc4c8b3d {\r\ndisplay: none;\r\n}\r\n}\r\n@media screen and (min-width: 768px) and (max-width: 768px) {\r\n.etvvd69eeacc4c8b3d {\r\ndisplay: block;\r\n}\r\n}\r\n@media screen and (max-width: 767px) {\r\n.etvvd69eeacc4c8b3d {\r\ndisplay: block;\r\n}\r\n}\r\n<\/style>\r\n<div class=\"hsxrh69eeacc4c8b24\" ><!--<a href=\"https:\/\/bit.ly\/3QdrqTZ\" target=\"_blank\">\n<img src=\"https:\/\/justicapotiguar.com.br\/wp-content\/uploads\/2023\/09\/desktop-geral.gif\"\/><a\/>--><\/div><style type=\"text\/css\">\r\n.hsxrh69eeacc4c8b24 {\r\ntext-align: center;\nmargin-bottom: 1em;\r\n}\r\n@media screen and (min-width: 1201px) {\r\n.hsxrh69eeacc4c8b24 {\r\ndisplay: block;\r\n}\r\n}\r\n@media screen and (min-width: 993px) and (max-width: 1200px) {\r\n.hsxrh69eeacc4c8b24 {\r\ndisplay: block;\r\n}\r\n}\r\n@media screen and (min-width: 769px) and (max-width: 992px) {\r\n.hsxrh69eeacc4c8b24 {\r\ndisplay: block;\r\n}\r\n}\r\n@media screen and (min-width: 768px) and (max-width: 768px) {\r\n.hsxrh69eeacc4c8b24 {\r\ndisplay: none;\r\n}\r\n}\r\n@media screen and (max-width: 767px) {\r\n.hsxrh69eeacc4c8b24 {\r\ndisplay: none;\r\n}\r\n}\r\n<\/style>\r\n\n\n\n\n<p>Defendem o ex-presidente os advogados&nbsp;<strong>Cristiano Zanin<\/strong>,&nbsp;<strong>Valeska Martins<\/strong>,&nbsp;<strong>Maria de Lourdes Lopes<\/strong>&nbsp;e&nbsp;<strong>Eliakin Tatsuo<\/strong>.<\/p>\n\n\n\n<p><strong>Suspei\u00e7\u00e3o<\/strong><br>A ordem de Lewandowski foi dada no curso de uma reclama\u00e7\u00e3o que concedeu \u00e0 defesa de Lula acesso ao acordo de leni\u00eancia da Odebrecht. A determina\u00e7\u00e3o leva em conta o fato de que a &#8220;lava jato&#8221; de Curitiba informou ao STF que n\u00e3o possui documenta\u00e7\u00e3o referente \u00e0s comunica\u00e7\u00f5es feitas com autoridades dos Estados Unidos, vers\u00e3o j\u00e1 desmentida em reportagens da &#8220;vaza jato&#8221;.&nbsp;<\/p>\n\n\n\n<p>Os advogados de Lula&nbsp;<a href=\"https:\/\/www.conjur.com.br\/2020-jul-02\/defesa-lula-acesso-mensagens-trocadas-entre-procuradores\" target=\"_blank\" rel=\"noreferrer noopener\">j\u00e1 haviam solicitado<\/a>&nbsp;ao ministro Luiz Edson Fachin acesso \u00e0s mensagens em outro processo: no HC que trata da suspei\u00e7\u00e3o de procuradores do Paran\u00e1.<\/p>\n\n\n\n<p>Os documentos tamb\u00e9m ser\u00e3o relevantes em outro julgado: o que trata da suspei\u00e7\u00e3o de Moro. O processo pode ser apreciado pelo STF j\u00e1 em fevereiro deste ano. Por causa disso, os advogados do ex-presidente querem levantar todos os dados poss\u00edveis que fa\u00e7am refer\u00eancia a Lula nos arquivos apreendidos pela &#8220;spoofing&#8221;.<\/p>\n\n\n\n<p>O julgado ser\u00e1 importante, uma vez que Lula voltar\u00e1 a poder se eleger caso o Supremo decida pela suspei\u00e7\u00e3o de Moro. As mensagens apreendidas&nbsp;<a href=\"https:\/\/www.conjur.com.br\/2020-dez-29\/pericia-atesta-integridade-mensagens-hackeadas-vaza-jato\" target=\"_blank\" rel=\"noreferrer noopener\">j\u00e1 foram periciadas pela PF<\/a>&nbsp;e tiveram sua integridade atestada.<\/p>\n\n\n\n<p><strong>Processo&nbsp;1015706-59.2019.4.01.3400<\/strong><\/p>\n","protected":false},"excerpt":{"rendered":"<p>Cumprindo uma decis\u00e3o do Supremo Tribunal Federal, o juiz Gabriel Zago Capanema Vianna de Paiva, plantonista da 10\u00aa Vara Federal Criminal do DF, deu \u00e0 defesa do ex-presidente Lula acesso \u00e0s mensagens apreendidas na chamada opera\u00e7\u00e3o &#8220;spoofing&#8221;. Os advogados dever\u00e3o apresentar of\u00edcio para que a Pol\u00edcia Federal compartilhe todo o material que tenha rela\u00e7\u00e3o com<br \/><a class=\"more-link\" href=\"https:\/\/justicapotiguar.com.br\/index.php\/2021\/01\/05\/apos-ser-intimado-juiz-obedece-stf-e-da-a-lula-acesso-a-mensagens-de-moro-e-procuradores\/\">Mais&#8230;<\/a><\/p>\n","protected":false},"author":5,"featured_media":3776,"comment_status":"open","ping_status":"open","sticky":false,"template":"","format":"standard","meta":[],"categories":[3],"tags":[],"_links":{"self":[{"href":"https:\/\/justicapotiguar.com.br\/index.php\/wp-json\/wp\/v2\/posts\/15791"}],"collection":[{"href":"https:\/\/justicapotiguar.com.br\/index.php\/wp-json\/wp\/v2\/posts"}],"about":[{"href":"https:\/\/justicapotiguar.com.br\/index.php\/wp-json\/wp\/v2\/types\/post"}],"author":[{"embeddable":true,"href":"https:\/\/justicapotiguar.com.br\/index.php\/wp-json\/wp\/v2\/users\/5"}],"replies":[{"embeddable":true,"href":"https:\/\/justicapotiguar.com.br\/index.php\/wp-json\/wp\/v2\/comments?post=15791"}],"version-history":[{"count":1,"href":"https:\/\/justicapotiguar.com.br\/index.php\/wp-json\/wp\/v2\/posts\/15791\/revisions"}],"predecessor-version":[{"id":15792,"href":"https:\/\/justicapotiguar.com.br\/index.php\/wp-json\/wp\/v2\/posts\/15791\/revisions\/15792"}],"wp:featuredmedia":[{"embeddable":true,"href":"https:\/\/justicapotiguar.com.br\/index.php\/wp-json\/wp\/v2\/media\/3776"}],"wp:attachment":[{"href":"https:\/\/justicapotiguar.com.br\/index.php\/wp-json\/wp\/v2\/media?parent=15791"}],"wp:term":[{"taxonomy":"category","embeddable":true,"href":"https:\/\/justicapotiguar.com.br\/index.php\/wp-json\/wp\/v2\/categories?post=15791"},{"taxonomy":"post_tag","embeddable":true,"href":"https:\/\/justicapotiguar.com.br\/index.php\/wp-json\/wp\/v2\/tags?post=15791"}],"curies":[{"name":"wp","href":"https:\/\/api.w.org\/{rel}","templated":true}]}}