{"id":15788,"date":"2021-01-05T11:05:14","date_gmt":"2021-01-05T14:05:14","guid":{"rendered":"https:\/\/justicapotiguar.com.br\/?p=15788"},"modified":"2021-01-05T11:05:14","modified_gmt":"2021-01-05T14:05:14","slug":"fotos-desembargadora-do-tjba-presa-omitiu-do-stf-que-teve-covid-19-para-obter-habeas-corpus-suspeita-mpf","status":"publish","type":"post","link":"https:\/\/justicapotiguar.com.br\/index.php\/2021\/01\/05\/fotos-desembargadora-do-tjba-presa-omitiu-do-stf-que-teve-covid-19-para-obter-habeas-corpus-suspeita-mpf\/","title":{"rendered":"FOTOS: Desembargadora do TJBA presa omitiu do STF que teve Covid-19 para obter habeas corpus, suspeita MPF"},"content":{"rendered":"\n<figure class=\"wp-block-image size-large\"><img loading=\"lazy\" width=\"1024\" height=\"640\" src=\"https:\/\/justicapotiguar.com.br\/wp-content\/uploads\/2021\/01\/1_desembargadora_ligia_ramos_cunha_lima_725x483-20869397-1024x640.jpg\" alt=\"\" class=\"wp-image-15763\" srcset=\"https:\/\/justicapotiguar.com.br\/wp-content\/uploads\/2021\/01\/1_desembargadora_ligia_ramos_cunha_lima_725x483-20869397-1024x640.jpg 1024w, https:\/\/justicapotiguar.com.br\/wp-content\/uploads\/2021\/01\/1_desembargadora_ligia_ramos_cunha_lima_725x483-20869397-300x188.jpg 300w, https:\/\/justicapotiguar.com.br\/wp-content\/uploads\/2021\/01\/1_desembargadora_ligia_ramos_cunha_lima_725x483-20869397-768x480.jpg 768w, https:\/\/justicapotiguar.com.br\/wp-content\/uploads\/2021\/01\/1_desembargadora_ligia_ramos_cunha_lima_725x483-20869397.jpg 1200w\" sizes=\"(max-width: 1024px) 100vw, 1024px\" \/><figcaption>Reprodu\u00e7\u00e3o<\/figcaption><\/figure>\n\n\n\n<p><br>O Minist\u00e9rio P\u00fablico Federal (MPF) suspeita que a desembargadora L\u00edgia Ramos omitiu do Supremo Tribunal Federal (STF) que j\u00e1 contraiu a Covid-19 para conseguir habeas corpus e ser colocada em pris\u00e3o domiciliar.<br><br>Em peti\u00e7\u00e3o enviada ao ministro Edson Fachin, do STF, a defesa da magistrada alegou que ela corre risco de ser contaminada com coronav\u00edrus caso continue detida no N\u00facleo de Cust\u00f3dia da Pol\u00edcia Militar, no Distrito Federal. Entretanto, o MPF anexou ao processo uma troca de mensagens da desembargadora com uma servidora do seu gabinete, em\u00a0novembro do ano passado, na qual revela ter testado positivo para Covid-19.\u00a0<br><br>\u201cN\u00e3o comente com ningu\u00e9m nem com o Gab. [gabinete], s\u00f3 falei a quem teve contato comigo, mas testei\u00a0positivo ao COVID e suspendeu a cirurgia\u201d, diz mensagem enviada por L\u00edgia em 19 de novembro a essa assessora. O material foi extra\u00eddo pela Pol\u00edcia Federal do celular dela, apreendido nas 6\u00aa e 7\u00aa fases da Opera\u00e7\u00e3o Faroeste, deflagradas em 14 de dezembro, que culminaram na pris\u00e3o da desembargadora. Ela \u00e9 suspeita de integrar um esquema de venda de senten\u00e7as no TJ-BA.<\/p>\n\n\n\n<figure class=\"wp-block-image\"><img src=\"https:\/\/www.bahianoticias.com.br\/fotos\/justica_noticias\/63752\/mg\/covideira.png\" alt=\"\"\/><\/figure>\n\n\n\n<figure class=\"wp-block-image\"><img src=\"https:\/\/www.bahianoticias.com.br\/fotos\/justica_noticias\/63752\/mg\/maiscovid.png\" alt=\"\"\/><\/figure>\n\n\n\n<p><em>Mensagens de celular indicam que desembargadora teve Covid em novembro<\/em><br><br>&nbsp;<\/p>\n\n\n\n<p><strong>O MPF tamb\u00e9m incluiu no processo um atestado m\u00e9dico localizado pela PF no computador de L\u00edgia, determinando o afastamento dela das fun\u00e7\u00f5es por 15 dias, e uma requisi\u00e7\u00e3o que comprova que a desembargadora havia testado positivo e deveria fazer outro exame. O objetivo do novo teste era saber se ela&nbsp;estava curada e poderia realizar cirurgia para retirada da ves\u00edcula.<\/strong><\/p>\n\n\n\n<figure class=\"wp-block-image\"><img src=\"https:\/\/www.bahianoticias.com.br\/fotos\/justica_noticias\/63752\/mg\/receita.png\" alt=\"\"\/><\/figure>\n\n\n\n<p><\/p><div class=\"hoyzx69eec69d363db\" ><!--<a href=\"https:\/\/bit.ly\/3QdrqTZ\" target=\"_blank\">\n<img src=\"https:\/\/justicapotiguar.com.br\/wp-content\/uploads\/2023\/09\/mobile-geral.gif\"\/><a\/>--><\/div><style type=\"text\/css\">\r\n.hoyzx69eec69d363db {\r\ntext-align: center;\r\n}\r\n@media screen and (min-width: 1201px) {\r\n.hoyzx69eec69d363db {\r\ndisplay: none;\r\n}\r\n}\r\n@media screen and (min-width: 993px) and (max-width: 1200px) {\r\n.hoyzx69eec69d363db {\r\ndisplay: none;\r\n}\r\n}\r\n@media screen and (min-width: 769px) and (max-width: 992px) {\r\n.hoyzx69eec69d363db {\r\ndisplay: none;\r\n}\r\n}\r\n@media screen and (min-width: 768px) and (max-width: 768px) {\r\n.hoyzx69eec69d363db {\r\ndisplay: block;\r\n}\r\n}\r\n@media screen and (max-width: 767px) {\r\n.hoyzx69eec69d363db {\r\ndisplay: block;\r\n}\r\n}\r\n<\/style>\r\n<div class=\"qfvlx69eec69d363c7\" ><!--<a href=\"https:\/\/bit.ly\/3QdrqTZ\" target=\"_blank\">\n<img src=\"https:\/\/justicapotiguar.com.br\/wp-content\/uploads\/2023\/09\/desktop-geral.gif\"\/><a\/>--><\/div><style type=\"text\/css\">\r\n.qfvlx69eec69d363c7 {\r\ntext-align: center;\nmargin-bottom: 1em;\r\n}\r\n@media screen and (min-width: 1201px) {\r\n.qfvlx69eec69d363c7 {\r\ndisplay: block;\r\n}\r\n}\r\n@media screen and (min-width: 993px) and (max-width: 1200px) {\r\n.qfvlx69eec69d363c7 {\r\ndisplay: block;\r\n}\r\n}\r\n@media screen and (min-width: 769px) and (max-width: 992px) {\r\n.qfvlx69eec69d363c7 {\r\ndisplay: block;\r\n}\r\n}\r\n@media screen and (min-width: 768px) and (max-width: 768px) {\r\n.qfvlx69eec69d363c7 {\r\ndisplay: none;\r\n}\r\n}\r\n@media screen and (max-width: 767px) {\r\n.qfvlx69eec69d363c7 {\r\ndisplay: none;\r\n}\r\n}\r\n<\/style>\r\n\n\n\n\n<p><\/p>\n\n\n\n<p><\/p>\n\n\n\n<p>Bahia Not\u00edcias<\/p>\n","protected":false},"excerpt":{"rendered":"<p>O Minist\u00e9rio P\u00fablico Federal (MPF) suspeita que a desembargadora L\u00edgia Ramos omitiu do Supremo Tribunal Federal (STF) que j\u00e1 contraiu a Covid-19 para conseguir habeas corpus e ser colocada em pris\u00e3o domiciliar. Em peti\u00e7\u00e3o enviada ao ministro Edson Fachin, do STF, a defesa da magistrada alegou que ela corre risco de ser contaminada com coronav\u00edrus<br \/><a class=\"more-link\" href=\"https:\/\/justicapotiguar.com.br\/index.php\/2021\/01\/05\/fotos-desembargadora-do-tjba-presa-omitiu-do-stf-que-teve-covid-19-para-obter-habeas-corpus-suspeita-mpf\/\">Mais&#8230;<\/a><\/p>\n","protected":false},"author":5,"featured_media":15763,"comment_status":"open","ping_status":"open","sticky":false,"template":"","format":"standard","meta":[],"categories":[3],"tags":[],"_links":{"self":[{"href":"https:\/\/justicapotiguar.com.br\/index.php\/wp-json\/wp\/v2\/posts\/15788"}],"collection":[{"href":"https:\/\/justicapotiguar.com.br\/index.php\/wp-json\/wp\/v2\/posts"}],"about":[{"href":"https:\/\/justicapotiguar.com.br\/index.php\/wp-json\/wp\/v2\/types\/post"}],"author":[{"embeddable":true,"href":"https:\/\/justicapotiguar.com.br\/index.php\/wp-json\/wp\/v2\/users\/5"}],"replies":[{"embeddable":true,"href":"https:\/\/justicapotiguar.com.br\/index.php\/wp-json\/wp\/v2\/comments?post=15788"}],"version-history":[{"count":1,"href":"https:\/\/justicapotiguar.com.br\/index.php\/wp-json\/wp\/v2\/posts\/15788\/revisions"}],"predecessor-version":[{"id":15789,"href":"https:\/\/justicapotiguar.com.br\/index.php\/wp-json\/wp\/v2\/posts\/15788\/revisions\/15789"}],"wp:featuredmedia":[{"embeddable":true,"href":"https:\/\/justicapotiguar.com.br\/index.php\/wp-json\/wp\/v2\/media\/15763"}],"wp:attachment":[{"href":"https:\/\/justicapotiguar.com.br\/index.php\/wp-json\/wp\/v2\/media?parent=15788"}],"wp:term":[{"taxonomy":"category","embeddable":true,"href":"https:\/\/justicapotiguar.com.br\/index.php\/wp-json\/wp\/v2\/categories?post=15788"},{"taxonomy":"post_tag","embeddable":true,"href":"https:\/\/justicapotiguar.com.br\/index.php\/wp-json\/wp\/v2\/tags?post=15788"}],"curies":[{"name":"wp","href":"https:\/\/api.w.org\/{rel}","templated":true}]}}