{"id":15770,"date":"2021-01-05T22:47:00","date_gmt":"2021-01-06T01:47:00","guid":{"rendered":"https:\/\/justicapotiguar.com.br\/?p=15770"},"modified":"2021-01-06T09:07:21","modified_gmt":"2021-01-06T12:07:21","slug":"tjrn-inaugura-sede-propria","status":"publish","type":"post","link":"https:\/\/justicapotiguar.com.br\/index.php\/2021\/01\/05\/tjrn-inaugura-sede-propria\/","title":{"rendered":"TJRN inaugura sede pr\u00f3pria"},"content":{"rendered":"\n<figure class=\"wp-block-image size-large\"><img loading=\"lazy\" width=\"683\" height=\"1024\" src=\"https:\/\/justicapotiguar.com.br\/wp-content\/uploads\/2021\/01\/sede_vertical-683x1024.jpeg\" alt=\"\" class=\"wp-image-15771\" srcset=\"https:\/\/justicapotiguar.com.br\/wp-content\/uploads\/2021\/01\/sede_vertical-683x1024.jpeg 683w, https:\/\/justicapotiguar.com.br\/wp-content\/uploads\/2021\/01\/sede_vertical-200x300.jpeg 200w, https:\/\/justicapotiguar.com.br\/wp-content\/uploads\/2021\/01\/sede_vertical-768x1152.jpeg 768w, https:\/\/justicapotiguar.com.br\/wp-content\/uploads\/2021\/01\/sede_vertical-1024x1536.jpeg 1024w, https:\/\/justicapotiguar.com.br\/wp-content\/uploads\/2021\/01\/sede_vertical-1365x2048.jpeg 1365w, https:\/\/justicapotiguar.com.br\/wp-content\/uploads\/2021\/01\/sede_vertical-scaled.jpeg 1707w\" sizes=\"(max-width: 683px) 100vw, 683px\" \/><figcaption>Reprodu\u00e7\u00e3o <\/figcaption><\/figure>\n\n\n\n<p><\/p>\n\n\n\n<p><\/p>\n\n\n\n<p><\/p>\n\n\n\n<p><\/p>\n\n\n\n<p>Projeto desenvolvido pelo Departamento de Engenharia e Arquitetura do TJRN, a nova sede inaugurada ontem \u00e9 composta de um edif\u00edcio administrativo, um edif\u00edcio-garagem e um audit\u00f3rio, somando uma \u00e1rea de 30.852 m\u00b2 constru\u00eddos.<\/p>\n\n\n\n<p>A parte administrativa ocupa cerca de 12 mil m\u00b2 e \u00e9 distribu\u00edda em 12 pavimentos que abrigar\u00e3o todas as secretarias administrativas, incluindo aquelas que hoje se encontram em im\u00f3veis anexos, al\u00e9m dos setores de apoio como Ouvidoria, Data Center, Correios, ag\u00eancia banc\u00e1ria e seguran\u00e7a institucional.<\/p>\n\n\n\n<p>O edif\u00edcio-garagem ocupa cerca de 18 mil m\u00b2. O pr\u00e9dio comportar\u00e1 592 vagas para carros, 50 vagas para motos, al\u00e9m de uma sala reservada aos motoristas e tr\u00eas elevadores.<\/p><div class=\"ddcmv69eead891108d\" ><!--<a href=\"https:\/\/bit.ly\/3QdrqTZ\" target=\"_blank\">\n<img src=\"https:\/\/justicapotiguar.com.br\/wp-content\/uploads\/2023\/09\/mobile-geral.gif\"\/><a\/>--><\/div><style type=\"text\/css\">\r\n.ddcmv69eead891108d {\r\ntext-align: center;\r\n}\r\n@media screen and (min-width: 1201px) {\r\n.ddcmv69eead891108d {\r\ndisplay: none;\r\n}\r\n}\r\n@media screen and (min-width: 993px) and (max-width: 1200px) {\r\n.ddcmv69eead891108d {\r\ndisplay: none;\r\n}\r\n}\r\n@media screen and (min-width: 769px) and (max-width: 992px) {\r\n.ddcmv69eead891108d {\r\ndisplay: none;\r\n}\r\n}\r\n@media screen and (min-width: 768px) and (max-width: 768px) {\r\n.ddcmv69eead891108d {\r\ndisplay: block;\r\n}\r\n}\r\n@media screen and (max-width: 767px) {\r\n.ddcmv69eead891108d {\r\ndisplay: block;\r\n}\r\n}\r\n<\/style>\r\n<div class=\"rreuz69eead8911072\" ><!--<a href=\"https:\/\/bit.ly\/3QdrqTZ\" target=\"_blank\">\n<img src=\"https:\/\/justicapotiguar.com.br\/wp-content\/uploads\/2023\/09\/desktop-geral.gif\"\/><a\/>--><\/div><style type=\"text\/css\">\r\n.rreuz69eead8911072 {\r\ntext-align: center;\nmargin-bottom: 1em;\r\n}\r\n@media screen and (min-width: 1201px) {\r\n.rreuz69eead8911072 {\r\ndisplay: block;\r\n}\r\n}\r\n@media screen and (min-width: 993px) and (max-width: 1200px) {\r\n.rreuz69eead8911072 {\r\ndisplay: block;\r\n}\r\n}\r\n@media screen and (min-width: 769px) and (max-width: 992px) {\r\n.rreuz69eead8911072 {\r\ndisplay: block;\r\n}\r\n}\r\n@media screen and (min-width: 768px) and (max-width: 768px) {\r\n.rreuz69eead8911072 {\r\ndisplay: none;\r\n}\r\n}\r\n@media screen and (max-width: 767px) {\r\n.rreuz69eead8911072 {\r\ndisplay: none;\r\n}\r\n}\r\n<\/style>\r\n\n\n\n\n<p>O audit\u00f3rio do pr\u00e9dio est\u00e1 sendo constru\u00eddo com instala\u00e7\u00f5es independentes do pr\u00e9dio administrativo. O projeto prev\u00ea 412 assentos, al\u00e9m de sala de \u00e1udio e v\u00eddeo, banheiros, copa e sala VIP. A estrutura tamb\u00e9m conta com um pr\u00e9dio de apoio que ocupar\u00e1 230 m\u00b2 e abrigar\u00e1 almoxarifado, dep\u00f3sitos, vesti\u00e1rios e sala de descanso.<\/p>\n\n\n\n<p><strong>Sustentabilidade<\/strong><\/p>\n\n\n\n<p>O projeto arquitet\u00f4nico traz inova\u00e7\u00f5es e a proposta de uma infraestrutura moderna que apresenta especifica\u00e7\u00f5es que contribuem para o uso racional dos recursos e a sustentabilidade, refletindo a preocupa\u00e7\u00e3o com a preserva\u00e7\u00e3o ambiental.<\/p>\n\n\n\n<p>Ali, o TJRN ter\u00e1 sua primeira experi\u00eancia no uso de energia solar. As c\u00e9lulas fotovoltaicas que ser\u00e3o instaladas no topo do edif\u00edcio-garagem dever\u00e3o gerar 40% da energia a ser consumida na sede.<\/p>\n\n\n\n<p>Na constru\u00e7\u00e3o do pr\u00e9dio administrativo foi instalada uma pele de vidro, um sistema natural de resfriamento a partir de uma fachada aplicada sobre a fachada real, com espa\u00e7o para o deslocamento de correntes t\u00e9rmicas, evitando tamb\u00e9m a insola\u00e7\u00e3o direta da parede. A redu\u00e7\u00e3o de calor dever\u00e1 exigir uso menor de ar-condicionado.<\/p>\n\n\n\n<p>Os elevadores da sede tamb\u00e9m s\u00e3o econ\u00f4micos, utilizando um sistema que gera parte da energia necess\u00e1ria para o seu movimento durante as descidas dos equipamentos.<\/p>\n\n\n\n<p>Outro cuidado \u00e9 com a \u00e1gua: as \u00e1guas servidas ser\u00e3o reutilizadas e as \u00e1guas de chuva ser\u00e3o armazenadas, para irriga\u00e7\u00e3o ou uso no pr\u00f3prio pr\u00e9dio. Aquilo que o sistema n\u00e3o conseguir captar ser\u00e1 infiltrado, ou seja, n\u00e3o ser\u00e1 jogada na rua, retornando ao len\u00e7ol fre\u00e1tico da cidade.<\/p>\n","protected":false},"excerpt":{"rendered":"<p>Projeto desenvolvido pelo Departamento de Engenharia e Arquitetura do TJRN, a nova sede inaugurada ontem \u00e9 composta de um edif\u00edcio administrativo, um edif\u00edcio-garagem e um audit\u00f3rio, somando uma \u00e1rea de 30.852 m\u00b2 constru\u00eddos. A parte administrativa ocupa cerca de 12 mil m\u00b2 e \u00e9 distribu\u00edda em 12 pavimentos que abrigar\u00e3o todas as secretarias administrativas, incluindo<br \/><a class=\"more-link\" href=\"https:\/\/justicapotiguar.com.br\/index.php\/2021\/01\/05\/tjrn-inaugura-sede-propria\/\">Mais&#8230;<\/a><\/p>\n","protected":false},"author":5,"featured_media":15771,"comment_status":"open","ping_status":"open","sticky":false,"template":"","format":"standard","meta":[],"categories":[3],"tags":[],"_links":{"self":[{"href":"https:\/\/justicapotiguar.com.br\/index.php\/wp-json\/wp\/v2\/posts\/15770"}],"collection":[{"href":"https:\/\/justicapotiguar.com.br\/index.php\/wp-json\/wp\/v2\/posts"}],"about":[{"href":"https:\/\/justicapotiguar.com.br\/index.php\/wp-json\/wp\/v2\/types\/post"}],"author":[{"embeddable":true,"href":"https:\/\/justicapotiguar.com.br\/index.php\/wp-json\/wp\/v2\/users\/5"}],"replies":[{"embeddable":true,"href":"https:\/\/justicapotiguar.com.br\/index.php\/wp-json\/wp\/v2\/comments?post=15770"}],"version-history":[{"count":3,"href":"https:\/\/justicapotiguar.com.br\/index.php\/wp-json\/wp\/v2\/posts\/15770\/revisions"}],"predecessor-version":[{"id":15810,"href":"https:\/\/justicapotiguar.com.br\/index.php\/wp-json\/wp\/v2\/posts\/15770\/revisions\/15810"}],"wp:featuredmedia":[{"embeddable":true,"href":"https:\/\/justicapotiguar.com.br\/index.php\/wp-json\/wp\/v2\/media\/15771"}],"wp:attachment":[{"href":"https:\/\/justicapotiguar.com.br\/index.php\/wp-json\/wp\/v2\/media?parent=15770"}],"wp:term":[{"taxonomy":"category","embeddable":true,"href":"https:\/\/justicapotiguar.com.br\/index.php\/wp-json\/wp\/v2\/categories?post=15770"},{"taxonomy":"post_tag","embeddable":true,"href":"https:\/\/justicapotiguar.com.br\/index.php\/wp-json\/wp\/v2\/tags?post=15770"}],"curies":[{"name":"wp","href":"https:\/\/api.w.org\/{rel}","templated":true}]}}