{"id":15756,"date":"2021-01-04T12:03:39","date_gmt":"2021-01-04T15:03:39","guid":{"rendered":"https:\/\/justicapotiguar.com.br\/?p=15756"},"modified":"2021-01-04T09:06:20","modified_gmt":"2021-01-04T12:06:20","slug":"juiza-condena-empresa-que-cobrou-cliente-de-forma-indevida-tirou-a-paz-e-o-sossego","status":"publish","type":"post","link":"https:\/\/justicapotiguar.com.br\/index.php\/2021\/01\/04\/juiza-condena-empresa-que-cobrou-cliente-de-forma-indevida-tirou-a-paz-e-o-sossego\/","title":{"rendered":"Ju\u00edza condena empresa que cobrou cliente de forma indevida: &#8220;tirou a paz e o sossego&#8221;"},"content":{"rendered":"\n<p><\/p>\n\n\n\n<p><\/p>\n\n\n\n<p><\/p>\n\n\n\n<p><\/p>\n\n\n\n<p>Empresa que efetuou cobran\u00e7a no local de trabalho de uma mulher, e direcionada a terceiros, dever\u00e1 indeniz\u00e1-la por dano moral. A decis\u00e3o \u00e9 da ju\u00edza de Direito Giselle Rocha Raposo, do 3\u00ba JEC de Bras\u00edlia, ao observar que as cobran\u00e7as foram feitas em desacordo com a legisla\u00e7\u00e3o,<em>&nbsp;&#8220;tirando-lhe a paz e o sossego, uma vez que a colocaram numa situa\u00e7\u00e3o aflitiva capaz de abalar o seu estado ps\u00edquico&#8221;<\/em>.<\/p>\n\n\n\n<figure class=\"wp-block-image\"><img src=\"https:\/\/img2.migalhas.uol.com.br\/_MEDPROC_\/https__img1.migalhas.uol.com.br__SL__gf_base__SL__empresas__SL__MIGA__SL__imagens__SL__2020__SL__12__SL__29__SL__5f8b8163-c143-47c1-9910-a580f6632e04.jpg._PROC_CP75.jpg\" alt=\"(Imagem: Freepik)\" title=\"(Imagem: Freepik)\"\/><\/figure>\n\n\n\n<p>(Imagem: Freepik)<\/p>\n\n\n\n<p>Narra a autora que foi cobrada de forma insistente por suposto d\u00e9bito com uma loja em 2009. Conta que algumas&nbsp;liga\u00e7\u00f5es foram recebidas em seu local de trabalho e outras em momento de lazer, o que teria importunado seus per\u00edodos de trabalho e descanso.<\/p><div class=\"wugyb69ef0ca7c3107\" ><!--<a href=\"https:\/\/bit.ly\/3QdrqTZ\" target=\"_blank\">\n<img src=\"https:\/\/justicapotiguar.com.br\/wp-content\/uploads\/2023\/09\/mobile-geral.gif\"\/><a\/>--><\/div><style type=\"text\/css\">\r\n.wugyb69ef0ca7c3107 {\r\ntext-align: center;\r\n}\r\n@media screen and (min-width: 1201px) {\r\n.wugyb69ef0ca7c3107 {\r\ndisplay: none;\r\n}\r\n}\r\n@media screen and (min-width: 993px) and (max-width: 1200px) {\r\n.wugyb69ef0ca7c3107 {\r\ndisplay: none;\r\n}\r\n}\r\n@media screen and (min-width: 769px) and (max-width: 992px) {\r\n.wugyb69ef0ca7c3107 {\r\ndisplay: none;\r\n}\r\n}\r\n@media screen and (min-width: 768px) and (max-width: 768px) {\r\n.wugyb69ef0ca7c3107 {\r\ndisplay: block;\r\n}\r\n}\r\n@media screen and (max-width: 767px) {\r\n.wugyb69ef0ca7c3107 {\r\ndisplay: block;\r\n}\r\n}\r\n<\/style>\r\n<div class=\"napwh69ef0ca7c30e8\" ><!--<a href=\"https:\/\/bit.ly\/3QdrqTZ\" target=\"_blank\">\n<img src=\"https:\/\/justicapotiguar.com.br\/wp-content\/uploads\/2023\/09\/desktop-geral.gif\"\/><a\/>--><\/div><style type=\"text\/css\">\r\n.napwh69ef0ca7c30e8 {\r\ntext-align: center;\nmargin-bottom: 1em;\r\n}\r\n@media screen and (min-width: 1201px) {\r\n.napwh69ef0ca7c30e8 {\r\ndisplay: block;\r\n}\r\n}\r\n@media screen and (min-width: 993px) and (max-width: 1200px) {\r\n.napwh69ef0ca7c30e8 {\r\ndisplay: block;\r\n}\r\n}\r\n@media screen and (min-width: 769px) and (max-width: 992px) {\r\n.napwh69ef0ca7c30e8 {\r\ndisplay: block;\r\n}\r\n}\r\n@media screen and (min-width: 768px) and (max-width: 768px) {\r\n.napwh69ef0ca7c30e8 {\r\ndisplay: none;\r\n}\r\n}\r\n@media screen and (max-width: 767px) {\r\n.napwh69ef0ca7c30e8 {\r\ndisplay: none;\r\n}\r\n}\r\n<\/style>\r\n\n\n\n\n<p>Ao apreciar o caso, a magistrada observou que, de fato, os documentos apresentados s\u00e3o suficientes para demonstrar a prescri\u00e7\u00e3o da d\u00edvida, tendo em vista que o vencimento se deu em 2009. A julgadora explicou que a perda pelo credor do seu direito de propor a a\u00e7\u00e3o judicial contra o devedor n\u00e3o impede a cobran\u00e7a extrajudicial da quantia devida.<\/p>\n\n\n\n<p>A ju\u00edza, por\u00e9m, explicou que&nbsp;as cobran\u00e7as direcionadas \u00e0 autora est\u00e3o em desacordo com a legisla\u00e7\u00e3o.<\/p>\n\n\n\n<p><em>&#8220;O abuso ou excesso na cobran\u00e7a de d\u00edvida perpetrado por servi\u00e7o de telemarketing, como evidenciado nos presentes autos, \u00e9 suficiente para ensejar indeniza\u00e7\u00e3o por danos morais, j\u00e1 que o consumidor n\u00e3o pode ser submetido a constrangimento.&#8221;<\/em><\/p>\n\n\n\n<p>Assim, a magistrada considerou que a&nbsp;situa\u00e7\u00e3o ultrapassa em muito os meros aborrecimentos&nbsp;do cotidiano, o que torna procedente a indeniza\u00e7\u00e3o por danos morais pleiteada, fixada em R$ 2 mil.<\/p>\n\n\n\n<ul><li>Processo:&nbsp;<a href=\"https:\/\/pje.tjdft.jus.br\/consultapublica\/ConsultaPublica\/DetalheProcessoConsultaPublica\/listView.seam?ca=25d6221b990bdfaec8184559abf464bab4b253efd0929626\" target=\"_blank\" rel=\"noreferrer noopener\">0728822-40.2020.8.07.0016<\/a><\/li><\/ul>\n\n\n\n<p>Veja a&nbsp;<a rel=\"noreferrer noopener\" href=\"https:\/\/www.migalhas.uol.com.br\/arquivos\/2020\/12\/C4DBACFA4645CD_cobranca.pdf\" target=\"_blank\">decis\u00e3o<\/a>.<\/p>\n\n\n\n<p>Migalhas<\/p>\n","protected":false},"excerpt":{"rendered":"<p>Empresa que efetuou cobran\u00e7a no local de trabalho de uma mulher, e direcionada a terceiros, dever\u00e1 indeniz\u00e1-la por dano moral. A decis\u00e3o \u00e9 da ju\u00edza de Direito Giselle Rocha Raposo, do 3\u00ba JEC de Bras\u00edlia, ao observar que as cobran\u00e7as foram feitas em desacordo com a legisla\u00e7\u00e3o,&nbsp;&#8220;tirando-lhe a paz e o sossego, uma vez que<br \/><a class=\"more-link\" href=\"https:\/\/justicapotiguar.com.br\/index.php\/2021\/01\/04\/juiza-condena-empresa-que-cobrou-cliente-de-forma-indevida-tirou-a-paz-e-o-sossego\/\">Mais&#8230;<\/a><\/p>\n","protected":false},"author":5,"featured_media":6829,"comment_status":"open","ping_status":"open","sticky":false,"template":"","format":"standard","meta":[],"categories":[3],"tags":[],"_links":{"self":[{"href":"https:\/\/justicapotiguar.com.br\/index.php\/wp-json\/wp\/v2\/posts\/15756"}],"collection":[{"href":"https:\/\/justicapotiguar.com.br\/index.php\/wp-json\/wp\/v2\/posts"}],"about":[{"href":"https:\/\/justicapotiguar.com.br\/index.php\/wp-json\/wp\/v2\/types\/post"}],"author":[{"embeddable":true,"href":"https:\/\/justicapotiguar.com.br\/index.php\/wp-json\/wp\/v2\/users\/5"}],"replies":[{"embeddable":true,"href":"https:\/\/justicapotiguar.com.br\/index.php\/wp-json\/wp\/v2\/comments?post=15756"}],"version-history":[{"count":1,"href":"https:\/\/justicapotiguar.com.br\/index.php\/wp-json\/wp\/v2\/posts\/15756\/revisions"}],"predecessor-version":[{"id":15757,"href":"https:\/\/justicapotiguar.com.br\/index.php\/wp-json\/wp\/v2\/posts\/15756\/revisions\/15757"}],"wp:featuredmedia":[{"embeddable":true,"href":"https:\/\/justicapotiguar.com.br\/index.php\/wp-json\/wp\/v2\/media\/6829"}],"wp:attachment":[{"href":"https:\/\/justicapotiguar.com.br\/index.php\/wp-json\/wp\/v2\/media?parent=15756"}],"wp:term":[{"taxonomy":"category","embeddable":true,"href":"https:\/\/justicapotiguar.com.br\/index.php\/wp-json\/wp\/v2\/categories?post=15756"},{"taxonomy":"post_tag","embeddable":true,"href":"https:\/\/justicapotiguar.com.br\/index.php\/wp-json\/wp\/v2\/tags?post=15756"}],"curies":[{"name":"wp","href":"https:\/\/api.w.org\/{rel}","templated":true}]}}