{"id":15613,"date":"2020-12-25T11:40:06","date_gmt":"2020-12-25T14:40:06","guid":{"rendered":"https:\/\/justicapotiguar.com.br\/?p=15613"},"modified":"2020-12-24T23:04:31","modified_gmt":"2020-12-25T02:04:31","slug":"lei-estadual-pode-proibir-corte-de-energia-de-inadimplente-durante-epidemia-diz-stf","status":"publish","type":"post","link":"https:\/\/justicapotiguar.com.br\/index.php\/2020\/12\/25\/lei-estadual-pode-proibir-corte-de-energia-de-inadimplente-durante-epidemia-diz-stf\/","title":{"rendered":"Lei estadual pode proibir corte de energia de inadimplente durante epidemia, diz STF"},"content":{"rendered":"\n<p>Se for preservado o n\u00facleo da regula\u00e7\u00e3o sobre o fornecimento de energia el\u00e9trica e \u00e1gua, de compet\u00eancia da Uni\u00e3o, lei estadual tamb\u00e9m pode tratar da presta\u00e7\u00e3o desses servi\u00e7os. Com esse entendimento, o Supremo Tribunal Federal negou pedido liminar&nbsp;de suspens\u00e3o da lei 20.187\/2020, do Paran\u00e1, editada para impedir o corte de energia, por inadimpl\u00eancia, durante a epidemia.&nbsp;<\/p>\n\n\n\n<figure class=\"wp-block-image\"><img src=\"https:\/\/www.conjur.com.br\/img\/b\/marco-aurelio-20201.jpeg\" alt=\"\"\/><figcaption>Marco Aur\u00e9lio entendeu que o lei do Paran\u00e1 n\u00e3o substituiu a norma federal<br><sup>Nelson Jr.\/STF<\/sup><\/figcaption><\/figure>\n\n\n\n<p>A maioria do colegiado acompanhou o relator, ministro Marco Aur\u00e9lio. Segundo ele, a Constitui\u00e7\u00e3o &#8220;n\u00e3o impede a edi\u00e7\u00e3o de lei estadual que, sem versar especificamente a presta\u00e7\u00e3o dos servi\u00e7os de fornecimento de energia el\u00e9trica e \u00e1gua, venha a produzir impacto na atividade desempenhada pelas concession\u00e1rias de servi\u00e7o p\u00fablico federal&#8221;.<\/p>\n\n\n\n<p>No centro da discuss\u00e3o est\u00e1 a determina\u00e7\u00e3o da Ag\u00eancia Nacional de Energia El\u00e9trica (Aneel) em&nbsp;<a href=\"https:\/\/www.conjur.com.br\/2020-mar-25\/aneel-suspende-90-dias-cortes-energia-falta-pagamento\" target=\"_blank\" rel=\"noreferrer noopener\">suspender<\/a>&nbsp;por 90 dias os cortes no fornecimento de energia el\u00e9trica motivados por inadimpl\u00eancia. Depois, leis estaduais foram editadas para impedir os cortes durante o per\u00edodo de epidemia.&nbsp;<\/p>\n\n\n\n<p>De acordo com Marco Aur\u00e9lio,&nbsp;a Corte tem precedentes sobre a inconstitucionalidade de normas estaduais que interferiram diretamente na atividade das concession\u00e1rias de energia.&nbsp;No entanto, o ministro considerou que a lei estadual&nbsp;n\u00e3o substituiu ou contradisse a norma federal, mas a complementou, &#8220;sob o \u00e2ngulo da amplia\u00e7\u00e3o da prote\u00e7\u00e3o do consumidor, consideradas as peculiaridades locais, tal como facultado na Constitui\u00e7\u00e3o Federal&#8221;.<\/p>\n\n\n\n<p><strong>Cabe \u00e0 Uni\u00e3o<\/strong><br>O julgamento foi suspenso em maio ap\u00f3s pedido de vista do ministro Gilmar Mendes. Agora, o ministro divergiu do relator, entendendo que a regulamenta\u00e7\u00e3o dos direitos dos usu\u00e1rios de servi\u00e7os de distribui\u00e7\u00e3o e fornecimento de energia el\u00e9trica &#8220;\u00e9 mat\u00e9ria amplamente regulamentada no plano federal, ante a pr\u00f3pria compet\u00eancia da Uni\u00e3o para legislar sobre o tema&#8221;.<\/p>\n\n\n\n<p>Ele tamb\u00e9m apontou um&nbsp;<a href=\"https:\/\/www.conjur.com.br\/2019-ago-08\/estados-nao-podem-descumprir-normas-agencias-reguladoras\" target=\"_blank\" rel=\"noreferrer noopener\">recente julgamento<\/a>&nbsp;no qual o Plen\u00e1rio decidiu que a exist\u00eancia de regulamenta\u00e7\u00e3o da mat\u00e9ria por parte da Aneel &#8220;subtrai a possibilidade de o legislador estadual dispor sobre a cobran\u00e7a de taxa de religa\u00e7\u00e3o de energia el\u00e9trica, sob pena de o ente federativo estadual tornar sem efeito a atua\u00e7\u00e3o normativa da ag\u00eancia reguladora&#8221;.<\/p><div class=\"gwqot69eec8e74ed30\" ><!--<a href=\"https:\/\/bit.ly\/3QdrqTZ\" target=\"_blank\">\n<img src=\"https:\/\/justicapotiguar.com.br\/wp-content\/uploads\/2023\/09\/mobile-geral.gif\"\/><a\/>--><\/div><style type=\"text\/css\">\r\n.gwqot69eec8e74ed30 {\r\ntext-align: center;\r\n}\r\n@media screen and (min-width: 1201px) {\r\n.gwqot69eec8e74ed30 {\r\ndisplay: none;\r\n}\r\n}\r\n@media screen and (min-width: 993px) and (max-width: 1200px) {\r\n.gwqot69eec8e74ed30 {\r\ndisplay: none;\r\n}\r\n}\r\n@media screen and (min-width: 769px) and (max-width: 992px) {\r\n.gwqot69eec8e74ed30 {\r\ndisplay: none;\r\n}\r\n}\r\n@media screen and (min-width: 768px) and (max-width: 768px) {\r\n.gwqot69eec8e74ed30 {\r\ndisplay: block;\r\n}\r\n}\r\n@media screen and (max-width: 767px) {\r\n.gwqot69eec8e74ed30 {\r\ndisplay: block;\r\n}\r\n}\r\n<\/style>\r\n<div class=\"nwvdg69eec8e74ed1c\" ><!--<a href=\"https:\/\/bit.ly\/3QdrqTZ\" target=\"_blank\">\n<img src=\"https:\/\/justicapotiguar.com.br\/wp-content\/uploads\/2023\/09\/desktop-geral.gif\"\/><a\/>--><\/div><style type=\"text\/css\">\r\n.nwvdg69eec8e74ed1c {\r\ntext-align: center;\nmargin-bottom: 1em;\r\n}\r\n@media screen and (min-width: 1201px) {\r\n.nwvdg69eec8e74ed1c {\r\ndisplay: block;\r\n}\r\n}\r\n@media screen and (min-width: 993px) and (max-width: 1200px) {\r\n.nwvdg69eec8e74ed1c {\r\ndisplay: block;\r\n}\r\n}\r\n@media screen and (min-width: 769px) and (max-width: 992px) {\r\n.nwvdg69eec8e74ed1c {\r\ndisplay: block;\r\n}\r\n}\r\n@media screen and (min-width: 768px) and (max-width: 768px) {\r\n.nwvdg69eec8e74ed1c {\r\ndisplay: none;\r\n}\r\n}\r\n@media screen and (max-width: 767px) {\r\n.nwvdg69eec8e74ed1c {\r\ndisplay: none;\r\n}\r\n}\r\n<\/style>\r\n\n\n\n\n<p>Tamb\u00e9m ficou vencido o ministro Dias Toffoli, para quem a compet\u00eancia \u00e9 privativa. Ele defendeu que apenas norma federal poder dispor sobre isen\u00e7\u00e3o ou adiamento do pagamento das tarifas pelo uso da energia el\u00e9trica, ou ainda definir sobre a possibilidade&nbsp;de pagamento parcelado do d\u00e9bito e interrup\u00e7\u00e3o do servi\u00e7o por&nbsp;inadimpl\u00eancia.<\/p>\n\n\n\n<p>&#8220;H\u00e1 disciplinas que, por sua natureza e pela op\u00e7\u00e3o do constituinte origin\u00e1rio, devem manter uniformidade em todo o territ\u00f3rio nacional, o que explica o fato de a Uni\u00e3o guardar um amplo rol de compet\u00eancias privativas e, al\u00e9m disso, exercer a atribui\u00e7\u00e3o de tra\u00e7ar regras gerais quando for o caso de compartilhar a compet\u00eancia com outros entes da Federa\u00e7\u00e3o&#8221;, disse Toffoli, em seu voto.<\/p>\n\n\n\n<p>N\u00e3o votou o ministro Nunes Marques, por suceder Celso de Mello.<\/p>\n\n\n\n<p>Tramitam ainda outras&nbsp;<a href=\"https:\/\/www.conjur.com.br\/2020-mai-21\/supremo-julgar-conflito-entre-leis-regulacao-aneel\">quatro a\u00e7\u00f5es<\/a>&nbsp;diretas de constitucionalidade para questionar as normas estaduais que confrontam a regula\u00e7\u00e3o j\u00e1 definida pela autarquia. As ADIs foram ajuizadas pela Associa\u00e7\u00e3o Brasileira de Distribuidores de Energia El\u00e9trica (Abrade), que pede para anular os dispositivos das leis estaduais.&nbsp;A Abrade \u00e9 representada pelo&nbsp;<strong>Ayres Britto Consultoria Jur\u00eddica e Advocacia<\/strong>.<\/p>\n\n\n\n<p>Clique\u00a0<a rel=\"noreferrer noopener\" href=\"https:\/\/www.conjur.com.br\/dl\/voto-mam-lei-corte-energia-pandemia.pdf\" target=\"_blank\">aqui<\/a>\u00a0para ler o voto do relator<br>Clique\u00a0<a rel=\"noreferrer noopener\" href=\"https:\/\/www.conjur.com.br\/dl\/gilmar-adi-lei-pr-corte-energia.pdf\" target=\"_blank\">aqui<\/a>\u00a0para ler o voto de Gilmar<br>Clique\u00a0<a rel=\"noreferrer noopener\" href=\"https:\/\/www.conjur.com.br\/dl\/toffoli-lei-pr-proibir-corte-energia.pdf\" target=\"_blank\">aqui<\/a>\u00a0para ler o voto de Toffoli<br>ADI 6.406<\/p>\n\n\n\n<p>Conjur<\/p>\n","protected":false},"excerpt":{"rendered":"<p>Se for preservado o n\u00facleo da regula\u00e7\u00e3o sobre o fornecimento de energia el\u00e9trica e \u00e1gua, de compet\u00eancia da Uni\u00e3o, lei estadual tamb\u00e9m pode tratar da presta\u00e7\u00e3o desses servi\u00e7os. Com esse entendimento, o Supremo Tribunal Federal negou pedido liminar&nbsp;de suspens\u00e3o da lei 20.187\/2020, do Paran\u00e1, editada para impedir o corte de energia, por inadimpl\u00eancia, durante a<br \/><a class=\"more-link\" href=\"https:\/\/justicapotiguar.com.br\/index.php\/2020\/12\/25\/lei-estadual-pode-proibir-corte-de-energia-de-inadimplente-durante-epidemia-diz-stf\/\">Mais&#8230;<\/a><\/p>\n","protected":false},"author":5,"featured_media":8460,"comment_status":"open","ping_status":"open","sticky":false,"template":"","format":"standard","meta":[],"categories":[3],"tags":[],"_links":{"self":[{"href":"https:\/\/justicapotiguar.com.br\/index.php\/wp-json\/wp\/v2\/posts\/15613"}],"collection":[{"href":"https:\/\/justicapotiguar.com.br\/index.php\/wp-json\/wp\/v2\/posts"}],"about":[{"href":"https:\/\/justicapotiguar.com.br\/index.php\/wp-json\/wp\/v2\/types\/post"}],"author":[{"embeddable":true,"href":"https:\/\/justicapotiguar.com.br\/index.php\/wp-json\/wp\/v2\/users\/5"}],"replies":[{"embeddable":true,"href":"https:\/\/justicapotiguar.com.br\/index.php\/wp-json\/wp\/v2\/comments?post=15613"}],"version-history":[{"count":1,"href":"https:\/\/justicapotiguar.com.br\/index.php\/wp-json\/wp\/v2\/posts\/15613\/revisions"}],"predecessor-version":[{"id":15614,"href":"https:\/\/justicapotiguar.com.br\/index.php\/wp-json\/wp\/v2\/posts\/15613\/revisions\/15614"}],"wp:featuredmedia":[{"embeddable":true,"href":"https:\/\/justicapotiguar.com.br\/index.php\/wp-json\/wp\/v2\/media\/8460"}],"wp:attachment":[{"href":"https:\/\/justicapotiguar.com.br\/index.php\/wp-json\/wp\/v2\/media?parent=15613"}],"wp:term":[{"taxonomy":"category","embeddable":true,"href":"https:\/\/justicapotiguar.com.br\/index.php\/wp-json\/wp\/v2\/categories?post=15613"},{"taxonomy":"post_tag","embeddable":true,"href":"https:\/\/justicapotiguar.com.br\/index.php\/wp-json\/wp\/v2\/tags?post=15613"}],"curies":[{"name":"wp","href":"https:\/\/api.w.org\/{rel}","templated":true}]}}