{"id":15560,"date":"2020-12-23T08:39:22","date_gmt":"2020-12-23T11:39:22","guid":{"rendered":"https:\/\/justicapotiguar.com.br\/?p=15560"},"modified":"2020-12-22T22:19:19","modified_gmt":"2020-12-23T01:19:19","slug":"prefeitura-de-guamare-e-condenada-no-trt-rn-por-nao-fiscalizar-contrato-de-terceirizado","status":"publish","type":"post","link":"https:\/\/justicapotiguar.com.br\/index.php\/2020\/12\/23\/prefeitura-de-guamare-e-condenada-no-trt-rn-por-nao-fiscalizar-contrato-de-terceirizado\/","title":{"rendered":"Prefeitura de Guamar\u00e9 \u00e9 condenada no TRT-RN por n\u00e3o fiscalizar contrato de terceirizado"},"content":{"rendered":"\n<figure class=\"wp-block-image size-large\"><img loading=\"lazy\" width=\"960\" height=\"640\" src=\"https:\/\/justicapotiguar.com.br\/wp-content\/uploads\/2019\/08\/processo-exame.jpg\" alt=\"\" class=\"wp-image-679\" srcset=\"https:\/\/justicapotiguar.com.br\/wp-content\/uploads\/2019\/08\/processo-exame.jpg 960w, https:\/\/justicapotiguar.com.br\/wp-content\/uploads\/2019\/08\/processo-exame-300x200.jpg 300w, https:\/\/justicapotiguar.com.br\/wp-content\/uploads\/2019\/08\/processo-exame-768x512.jpg 768w\" sizes=\"(max-width: 960px) 100vw, 960px\" \/><figcaption>Reprodu\u00e7\u00e3o<\/figcaption><\/figure>\n\n\n\n<p>A Primeira Turma do Tribunal Regional do Trabalho da 21\u00aa Regi\u00e3o (TRT-RN) condenou subsidiariamente a Prefeitura Municipal de Guamar\u00e9, localizada no interior do Rio Grande do Norte, no pagamento dos d\u00e9bitos trabalhistas de um cozinheiro que prestava servi\u00e7os de forma terceirizada.<\/p>\n\n\n\n<p>O desembargador Jos\u00e9 Barbosa Filho, redator do processo no Tribunal, ressaltou que o munic\u00edpio de Guamar\u00e9 confirmou que \u201cn\u00e3o fiscalizou a empresa contratada quanto ao adimplemento das obriga\u00e7\u00f5es trabalhistas (culpa in vigilando), o que atrai a aplica\u00e7\u00e3o da S\u00famula 331, V, do Tribunal Superior do Trabalho (TST) e, por conseguinte, a responsabiliza\u00e7\u00e3o subsidi\u00e1ria\u201d.<\/p>\n\n\n\n<p>O cozinheiro come\u00e7ou a prestar servi\u00e7os para a Prefeitura, como empregado da Paisagem Com\u00e9rcio e Servi\u00e7os LTDA., de novembro de 2017 a abril de 2018, quando terminou o contrato da empresa com o munic\u00edpio. Ele foi demitido sem receber as verbas rescis\u00f3rias (f\u00e9rias, 13\u00b0 sal\u00e1rio e FGTS) nem as horas extras n\u00e3o pagas.<\/p>\n\n\n\n<p>O executivo municipal alegou no processo que n\u00e3o possu\u00eda nenhum tipo de inger\u00eancia na administra\u00e7\u00e3o da empresa, o que a impossibilitaria de averiguar as situa\u00e7\u00f5es apontadas pelo autor da a\u00e7\u00e3o, principalmente com rela\u00e7\u00e3o \u00e0 jornada de trabalho.<\/p><div class=\"onwkz69eeb1782a114\" ><!--<a href=\"https:\/\/bit.ly\/3QdrqTZ\" target=\"_blank\">\n<img src=\"https:\/\/justicapotiguar.com.br\/wp-content\/uploads\/2023\/09\/mobile-geral.gif\"\/><a\/>--><\/div><style type=\"text\/css\">\r\n.onwkz69eeb1782a114 {\r\ntext-align: center;\r\n}\r\n@media screen and (min-width: 1201px) {\r\n.onwkz69eeb1782a114 {\r\ndisplay: none;\r\n}\r\n}\r\n@media screen and (min-width: 993px) and (max-width: 1200px) {\r\n.onwkz69eeb1782a114 {\r\ndisplay: none;\r\n}\r\n}\r\n@media screen and (min-width: 769px) and (max-width: 992px) {\r\n.onwkz69eeb1782a114 {\r\ndisplay: none;\r\n}\r\n}\r\n@media screen and (min-width: 768px) and (max-width: 768px) {\r\n.onwkz69eeb1782a114 {\r\ndisplay: block;\r\n}\r\n}\r\n@media screen and (max-width: 767px) {\r\n.onwkz69eeb1782a114 {\r\ndisplay: block;\r\n}\r\n}\r\n<\/style>\r\n<div class=\"twgvk69eeb1782a0f3\" ><!--<a href=\"https:\/\/bit.ly\/3QdrqTZ\" target=\"_blank\">\n<img src=\"https:\/\/justicapotiguar.com.br\/wp-content\/uploads\/2023\/09\/desktop-geral.gif\"\/><a\/>--><\/div><style type=\"text\/css\">\r\n.twgvk69eeb1782a0f3 {\r\ntext-align: center;\nmargin-bottom: 1em;\r\n}\r\n@media screen and (min-width: 1201px) {\r\n.twgvk69eeb1782a0f3 {\r\ndisplay: block;\r\n}\r\n}\r\n@media screen and (min-width: 993px) and (max-width: 1200px) {\r\n.twgvk69eeb1782a0f3 {\r\ndisplay: block;\r\n}\r\n}\r\n@media screen and (min-width: 769px) and (max-width: 992px) {\r\n.twgvk69eeb1782a0f3 {\r\ndisplay: block;\r\n}\r\n}\r\n@media screen and (min-width: 768px) and (max-width: 768px) {\r\n.twgvk69eeb1782a0f3 {\r\ndisplay: none;\r\n}\r\n}\r\n@media screen and (max-width: 767px) {\r\n.twgvk69eeb1782a0f3 {\r\ndisplay: none;\r\n}\r\n}\r\n<\/style>\r\n\n\n\n\n<p>Assim, para o desembargador, o munic\u00edpio confirmou, com essa alega\u00e7\u00e3o, que n\u00e3o fiscalizou a empresa contratada quanto ao adimplemento das obriga\u00e7\u00f5es trabalhistas.<\/p>\n\n\n\n<p>O magistrado destacou ainda que o Supremo Tribunal Federal (STF) decidiu que a responsabilidade subsidi\u00e1ria do poder p\u00fablico n\u00e3o \u00e9 autom\u00e1tica. Ela s\u00f3 existe com a comprova\u00e7\u00e3o de \u201cculpa in eligendo\u201d ou \u201cculpa in vigilando\u201d, que decorrem \u201cda inarred\u00e1vel obriga\u00e7\u00e3o da administra\u00e7\u00e3o p\u00fablica de fiscalizar os contratos administrativos firmados sob os efeitos da estrita legalidade&#8221;.<\/p>\n\n\n\n<p>Para ele, a afirma\u00e7\u00e3o de que era imposs\u00edvel a fiscaliza\u00e7\u00e3o quanto ao controle da jornada n\u00e3o procede, \u201cuma vez que bastava ao contratante exigir da contratada a entrega dos controles de ponto dos empregados\u201d.<\/p>\n\n\n\n<p>A decis\u00e3o da Primeira Turma foi por maioria e manteve o julgamento da Vara do Trabalho de Macau. O n\u00famero do processo \u00e9 o 0000811-48.2018.5.21.0024.<\/p>\n","protected":false},"excerpt":{"rendered":"<p>A Primeira Turma do Tribunal Regional do Trabalho da 21\u00aa Regi\u00e3o (TRT-RN) condenou subsidiariamente a Prefeitura Municipal de Guamar\u00e9, localizada no interior do Rio Grande do Norte, no pagamento dos d\u00e9bitos trabalhistas de um cozinheiro que prestava servi\u00e7os de forma terceirizada. O desembargador Jos\u00e9 Barbosa Filho, redator do processo no Tribunal, ressaltou que o munic\u00edpio<br \/><a class=\"more-link\" href=\"https:\/\/justicapotiguar.com.br\/index.php\/2020\/12\/23\/prefeitura-de-guamare-e-condenada-no-trt-rn-por-nao-fiscalizar-contrato-de-terceirizado\/\">Mais&#8230;<\/a><\/p>\n","protected":false},"author":5,"featured_media":0,"comment_status":"open","ping_status":"open","sticky":false,"template":"","format":"standard","meta":[],"categories":[3],"tags":[],"_links":{"self":[{"href":"https:\/\/justicapotiguar.com.br\/index.php\/wp-json\/wp\/v2\/posts\/15560"}],"collection":[{"href":"https:\/\/justicapotiguar.com.br\/index.php\/wp-json\/wp\/v2\/posts"}],"about":[{"href":"https:\/\/justicapotiguar.com.br\/index.php\/wp-json\/wp\/v2\/types\/post"}],"author":[{"embeddable":true,"href":"https:\/\/justicapotiguar.com.br\/index.php\/wp-json\/wp\/v2\/users\/5"}],"replies":[{"embeddable":true,"href":"https:\/\/justicapotiguar.com.br\/index.php\/wp-json\/wp\/v2\/comments?post=15560"}],"version-history":[{"count":1,"href":"https:\/\/justicapotiguar.com.br\/index.php\/wp-json\/wp\/v2\/posts\/15560\/revisions"}],"predecessor-version":[{"id":15561,"href":"https:\/\/justicapotiguar.com.br\/index.php\/wp-json\/wp\/v2\/posts\/15560\/revisions\/15561"}],"wp:attachment":[{"href":"https:\/\/justicapotiguar.com.br\/index.php\/wp-json\/wp\/v2\/media?parent=15560"}],"wp:term":[{"taxonomy":"category","embeddable":true,"href":"https:\/\/justicapotiguar.com.br\/index.php\/wp-json\/wp\/v2\/categories?post=15560"},{"taxonomy":"post_tag","embeddable":true,"href":"https:\/\/justicapotiguar.com.br\/index.php\/wp-json\/wp\/v2\/tags?post=15560"}],"curies":[{"name":"wp","href":"https:\/\/api.w.org\/{rel}","templated":true}]}}