{"id":15513,"date":"2020-12-21T12:15:48","date_gmt":"2020-12-21T15:15:48","guid":{"rendered":"https:\/\/justicapotiguar.com.br\/?p=15513"},"modified":"2020-12-21T11:51:46","modified_gmt":"2020-12-21T14:51:46","slug":"mossoro-juiz-determina-dissolucao-definitiva-da-apamim-e-da-2-anos-para-conclusao-da-intervencao","status":"publish","type":"post","link":"https:\/\/justicapotiguar.com.br\/index.php\/2020\/12\/21\/mossoro-juiz-determina-dissolucao-definitiva-da-apamim-e-da-2-anos-para-conclusao-da-intervencao\/","title":{"rendered":"Mossor\u00f3: Juiz determina dissolu\u00e7\u00e3o definitiva da APAMIM e d\u00e1 2 anos para conclus\u00e3o da interven\u00e7\u00e3o"},"content":{"rendered":"\n<p>O Juiz Federal Orlan Donato Rocha, titular da 8\u00aa Vara Federal, da Subse\u00e7\u00e3o de Mossor\u00f3, sentenciou o processo envolvendo a Associa\u00e7\u00e3o de Assist\u00eancia e Prote\u00e7\u00e3o \u00e0 Maternidade e \u00e0 Infa\u00e2ncia de Mossor\u00f3(APAMIM) e definiu o prazo de dois anos para conclus\u00e3o da interven\u00e7\u00e3o, contado a partir de 5 de janeiro de 2021. <\/p>\n\n\n\n<p>O magistrado determinou a dissolu\u00e7\u00e3o em definitivo da APAMIM. Ele ainda sentenciou para o imediato bloqueio de R$ 3.492.455,83, das contas da Prefeitura de Mossor\u00f3, valor que dever\u00e1 ser destinado \u00e0 unidade hospitalar. O Juiz Federal observou que o custeio das cooperativas Neocl\u00ednica, CAM, SAM, NGO e COOPERFISIO, al\u00e9m do fornecimento de oxig\u00eanio para o hospital, devem continuar sendo custeados pelo Governo do Estado.\u00a0 <\/p>\n\n\n\n<p>O processo que agora culminou com a senten\u00e7a judicial foi iniciado com o Conselho Regional de Medicina do Rio Grande do Norte contra o Munic\u00edpio de Mossor\u00f3 e encontrou na interven\u00e7\u00e3o, decretada em 2014, um importante cap\u00edtulo. Foi a partir dessa medida que a unidade hospitalar come\u00e7ou a viver uma nova realidade. <\/p>\n\n\n\n<p>Foi realizada uma ampla reforma f\u00edsica e a melhoria dos servi\u00e7os de assist\u00eancia materno-infantil \u00e9 enaltecida pelos cidad\u00e3os.\u00a0 Inclusive a interven\u00e7\u00e3o na unidade j\u00e1 produziu outro projeto: conv\u00eanio entre a entidade e a Universidade Federal Rural do Semi\u00e1rido, contempla est\u00e1gio obrigat\u00f3rio e ainda doa\u00e7\u00e3o de equipamentos. <\/p><div class=\"xoqmk69ee99a38a8a6\" ><!--<a href=\"https:\/\/bit.ly\/3QdrqTZ\" target=\"_blank\">\n<img src=\"https:\/\/justicapotiguar.com.br\/wp-content\/uploads\/2023\/09\/mobile-geral.gif\"\/><a\/>--><\/div><style type=\"text\/css\">\r\n.xoqmk69ee99a38a8a6 {\r\ntext-align: center;\r\n}\r\n@media screen and (min-width: 1201px) {\r\n.xoqmk69ee99a38a8a6 {\r\ndisplay: none;\r\n}\r\n}\r\n@media screen and (min-width: 993px) and (max-width: 1200px) {\r\n.xoqmk69ee99a38a8a6 {\r\ndisplay: none;\r\n}\r\n}\r\n@media screen and (min-width: 769px) and (max-width: 992px) {\r\n.xoqmk69ee99a38a8a6 {\r\ndisplay: none;\r\n}\r\n}\r\n@media screen and (min-width: 768px) and (max-width: 768px) {\r\n.xoqmk69ee99a38a8a6 {\r\ndisplay: block;\r\n}\r\n}\r\n@media screen and (max-width: 767px) {\r\n.xoqmk69ee99a38a8a6 {\r\ndisplay: block;\r\n}\r\n}\r\n<\/style>\r\n<div class=\"xcwus69ee99a38a890\" ><!--<a href=\"https:\/\/bit.ly\/3QdrqTZ\" target=\"_blank\">\n<img src=\"https:\/\/justicapotiguar.com.br\/wp-content\/uploads\/2023\/09\/desktop-geral.gif\"\/><a\/>--><\/div><style type=\"text\/css\">\r\n.xcwus69ee99a38a890 {\r\ntext-align: center;\nmargin-bottom: 1em;\r\n}\r\n@media screen and (min-width: 1201px) {\r\n.xcwus69ee99a38a890 {\r\ndisplay: block;\r\n}\r\n}\r\n@media screen and (min-width: 993px) and (max-width: 1200px) {\r\n.xcwus69ee99a38a890 {\r\ndisplay: block;\r\n}\r\n}\r\n@media screen and (min-width: 769px) and (max-width: 992px) {\r\n.xcwus69ee99a38a890 {\r\ndisplay: block;\r\n}\r\n}\r\n@media screen and (min-width: 768px) and (max-width: 768px) {\r\n.xcwus69ee99a38a890 {\r\ndisplay: none;\r\n}\r\n}\r\n@media screen and (max-width: 767px) {\r\n.xcwus69ee99a38a890 {\r\ndisplay: none;\r\n}\r\n}\r\n<\/style>\r\n\n\n\n\n<p>Na senten\u00e7a do Juiz Federal Orlan Donato lembrou que \u201co cen\u00e1rio fruto da a\u00e7\u00e3o foi arquitetado por uma administra\u00e7\u00e3o desastrosa ao longo de anos, sendo que a situa\u00e7\u00e3o ca\u00f3tica chegou ao \u00e1pice em abril de 2014, quando foi fechada uma das duas salas cir\u00fargicas pela cl\u00ednica de anestesiologistas, por absoluta falta de condi\u00e7\u00f5es de funcionamento, ante a aus\u00eancia dos instrumentos necess\u00e1rios e imprescind\u00edveis para a pr\u00e1tica segura de tal especialidade, juntamente com isto a falta de medicamentos e materiais se tornou rotina, o que culminava suspendendo os procedimentos m\u00e9dicos \u00e0 \u00e9poca. <\/p>\n\n\n\n<figure class=\"wp-block-image size-large\"><img loading=\"lazy\" width=\"1024\" height=\"683\" src=\"https:\/\/justicapotiguar.com.br\/wp-content\/uploads\/2020\/12\/orlan-donato-1024x683.jpg\" alt=\"\" class=\"wp-image-15514\" srcset=\"https:\/\/justicapotiguar.com.br\/wp-content\/uploads\/2020\/12\/orlan-donato-1024x683.jpg 1024w, https:\/\/justicapotiguar.com.br\/wp-content\/uploads\/2020\/12\/orlan-donato-300x200.jpg 300w, https:\/\/justicapotiguar.com.br\/wp-content\/uploads\/2020\/12\/orlan-donato-768x512.jpg 768w, https:\/\/justicapotiguar.com.br\/wp-content\/uploads\/2020\/12\/orlan-donato-1536x1024.jpg 1536w, https:\/\/justicapotiguar.com.br\/wp-content\/uploads\/2020\/12\/orlan-donato.jpg 2048w\" sizes=\"(max-width: 1024px) 100vw, 1024px\" \/><figcaption>Reprodu\u00e7\u00e3o<\/figcaption><\/figure>\n\n\n\n<p>O atendimento ao p\u00fablico, quando chegava a ser realizado, era de forma extremamente prec\u00e1ria e com a constante falta de medicamentos\u201d. Ele observou que a entidade apresentava d\u00edvidas de R$ 1,5 milh\u00e3o em trabalhistas, R$ 2,2 milh\u00f5es para fornecedores e outros R$ 9,2 milh\u00f5es de tribut\u00e1rias e encargos.<\/p>\n\n\n\n<p><\/p>\n","protected":false},"excerpt":{"rendered":"<p>O Juiz Federal Orlan Donato Rocha, titular da 8\u00aa Vara Federal, da Subse\u00e7\u00e3o de Mossor\u00f3, sentenciou o processo envolvendo a Associa\u00e7\u00e3o de Assist\u00eancia e Prote\u00e7\u00e3o \u00e0 Maternidade e \u00e0 Infa\u00e2ncia de Mossor\u00f3(APAMIM) e definiu o prazo de dois anos para conclus\u00e3o da interven\u00e7\u00e3o, contado a partir de 5 de janeiro de 2021. O magistrado determinou<br \/><a class=\"more-link\" href=\"https:\/\/justicapotiguar.com.br\/index.php\/2020\/12\/21\/mossoro-juiz-determina-dissolucao-definitiva-da-apamim-e-da-2-anos-para-conclusao-da-intervencao\/\">Mais&#8230;<\/a><\/p>\n","protected":false},"author":5,"featured_media":15514,"comment_status":"open","ping_status":"open","sticky":false,"template":"","format":"standard","meta":[],"categories":[3],"tags":[],"_links":{"self":[{"href":"https:\/\/justicapotiguar.com.br\/index.php\/wp-json\/wp\/v2\/posts\/15513"}],"collection":[{"href":"https:\/\/justicapotiguar.com.br\/index.php\/wp-json\/wp\/v2\/posts"}],"about":[{"href":"https:\/\/justicapotiguar.com.br\/index.php\/wp-json\/wp\/v2\/types\/post"}],"author":[{"embeddable":true,"href":"https:\/\/justicapotiguar.com.br\/index.php\/wp-json\/wp\/v2\/users\/5"}],"replies":[{"embeddable":true,"href":"https:\/\/justicapotiguar.com.br\/index.php\/wp-json\/wp\/v2\/comments?post=15513"}],"version-history":[{"count":1,"href":"https:\/\/justicapotiguar.com.br\/index.php\/wp-json\/wp\/v2\/posts\/15513\/revisions"}],"predecessor-version":[{"id":15515,"href":"https:\/\/justicapotiguar.com.br\/index.php\/wp-json\/wp\/v2\/posts\/15513\/revisions\/15515"}],"wp:featuredmedia":[{"embeddable":true,"href":"https:\/\/justicapotiguar.com.br\/index.php\/wp-json\/wp\/v2\/media\/15514"}],"wp:attachment":[{"href":"https:\/\/justicapotiguar.com.br\/index.php\/wp-json\/wp\/v2\/media?parent=15513"}],"wp:term":[{"taxonomy":"category","embeddable":true,"href":"https:\/\/justicapotiguar.com.br\/index.php\/wp-json\/wp\/v2\/categories?post=15513"},{"taxonomy":"post_tag","embeddable":true,"href":"https:\/\/justicapotiguar.com.br\/index.php\/wp-json\/wp\/v2\/tags?post=15513"}],"curies":[{"name":"wp","href":"https:\/\/api.w.org\/{rel}","templated":true}]}}