{"id":15498,"date":"2020-12-20T12:35:16","date_gmt":"2020-12-20T15:35:16","guid":{"rendered":"https:\/\/justicapotiguar.com.br\/?p=15498"},"modified":"2020-12-20T12:35:16","modified_gmt":"2020-12-20T15:35:16","slug":"ministros-do-supremo-recusam-ferias-e-tiram-poder-de-fux-no-recesso","status":"publish","type":"post","link":"https:\/\/justicapotiguar.com.br\/index.php\/2020\/12\/20\/ministros-do-supremo-recusam-ferias-e-tiram-poder-de-fux-no-recesso\/","title":{"rendered":"Ministros do Supremo recusam f\u00e9rias e &#8220;tiram&#8221; poder de Fux no recesso"},"content":{"rendered":"\n<p>Pelo menos quatro ministros do Supremo Tribunal Federal informaram o presidente Luiz Fux que n\u00e3o v\u00e3o folgar no recesso judici\u00e1rio das pr\u00f3ximas semanas, segundo informou o&nbsp;<em>Estad\u00e3o<\/em>&nbsp;neste domingo (20\/12).<\/p>\n\n\n\n<figure class=\"wp-block-image\"><img src=\"https:\/\/www.conjur.com.br\/img\/b\/luiz-fux17.jpeg\" alt=\"\"\/><figcaption><sup>Carlos Humberto\/SCO\/STF<\/sup>Presidente do Supremo n\u00e3o estar\u00e1 sozinho no recesso judici\u00e1rio<\/figcaption><\/figure>\n\n\n\n<p>Marco Aur\u00e9lio, Gilmar Mendes, Ricardo Lewandowski e Alexandre de Moraes v\u00e3o continuar despachando durante o plant\u00e3o. Na pr\u00e1tica, isso esvazia um pouco os poderes do presidente, que seria o respons\u00e1vel pela an\u00e1lise dos casos urgentes na aus\u00eancia dos relatores originais dos processos, em revezamento com a vice-presidente, Rosa Weber.<\/p>\n\n\n\n<p>Segundo o Estad\u00e3o, essa teria sido justamente a inten\u00e7\u00e3o dos ministros ao anunciar o cancelamento do recesso. No entanto, quando questionado, o ministro Marco Aur\u00e9lio recha\u00e7ou a ideia de retalia\u00e7\u00e3o.<\/p><div class=\"jhhga69ee99a4896ba\" ><!--<a href=\"https:\/\/bit.ly\/3QdrqTZ\" target=\"_blank\">\n<img src=\"https:\/\/justicapotiguar.com.br\/wp-content\/uploads\/2023\/09\/mobile-geral.gif\"\/><a\/>--><\/div><style type=\"text\/css\">\r\n.jhhga69ee99a4896ba {\r\ntext-align: center;\r\n}\r\n@media screen and (min-width: 1201px) {\r\n.jhhga69ee99a4896ba {\r\ndisplay: none;\r\n}\r\n}\r\n@media screen and (min-width: 993px) and (max-width: 1200px) {\r\n.jhhga69ee99a4896ba {\r\ndisplay: none;\r\n}\r\n}\r\n@media screen and (min-width: 769px) and (max-width: 992px) {\r\n.jhhga69ee99a4896ba {\r\ndisplay: none;\r\n}\r\n}\r\n@media screen and (min-width: 768px) and (max-width: 768px) {\r\n.jhhga69ee99a4896ba {\r\ndisplay: block;\r\n}\r\n}\r\n@media screen and (max-width: 767px) {\r\n.jhhga69ee99a4896ba {\r\ndisplay: block;\r\n}\r\n}\r\n<\/style>\r\n<div class=\"shpub69ee99a4896a7\" ><!--<a href=\"https:\/\/bit.ly\/3QdrqTZ\" target=\"_blank\">\n<img src=\"https:\/\/justicapotiguar.com.br\/wp-content\/uploads\/2023\/09\/desktop-geral.gif\"\/><a\/>--><\/div><style type=\"text\/css\">\r\n.shpub69ee99a4896a7 {\r\ntext-align: center;\nmargin-bottom: 1em;\r\n}\r\n@media screen and (min-width: 1201px) {\r\n.shpub69ee99a4896a7 {\r\ndisplay: block;\r\n}\r\n}\r\n@media screen and (min-width: 993px) and (max-width: 1200px) {\r\n.shpub69ee99a4896a7 {\r\ndisplay: block;\r\n}\r\n}\r\n@media screen and (min-width: 769px) and (max-width: 992px) {\r\n.shpub69ee99a4896a7 {\r\ndisplay: block;\r\n}\r\n}\r\n@media screen and (min-width: 768px) and (max-width: 768px) {\r\n.shpub69ee99a4896a7 {\r\ndisplay: none;\r\n}\r\n}\r\n@media screen and (max-width: 767px) {\r\n.shpub69ee99a4896a7 {\r\ndisplay: none;\r\n}\r\n}\r\n<\/style>\r\n\n\n\n\n<p>&#8220;Eu ficando em Bras\u00edlia, como os processos s\u00e3o meus, e ficam no meu res\u00edduo, se eu posso adiantar o servi\u00e7o, eu adianto. E pra mim, como gosto do que eu fa\u00e7o, o trabalho n\u00e3o \u00e9 fardo pesado. Eu abandono a burocracia do servi\u00e7o p\u00fablico, n\u00e3o sou um burocrata&#8221;, afirmou.<\/p>\n\n\n\n<p><strong>Plant\u00e3o<\/strong><br>O recesso forense come\u00e7a neste domingo (20\/12) e vai at\u00e9 o dia 6 de janeiro. Segundo\u00a0<a rel=\"noreferrer noopener\" href=\"https:\/\/www.conjur.com.br\/2020-dez-18\/stf-publica-portaria-horarios-atendimento-fim-ano\" target=\"_blank\">portaria<\/a>\u00a0editada pelo Supremo, haver\u00e1 plant\u00e3o judicial para recebimento de pedidos com risco imediato de perecimento do direito ao longo de todo o recesso, exceto nos dias 25 de dezembro e 1\u00ba de janeiro.\u00a0<\/p>\n\n\n\n<p>Conjur<\/p>\n","protected":false},"excerpt":{"rendered":"<p>Pelo menos quatro ministros do Supremo Tribunal Federal informaram o presidente Luiz Fux que n\u00e3o v\u00e3o folgar no recesso judici\u00e1rio das pr\u00f3ximas semanas, segundo informou o&nbsp;Estad\u00e3o&nbsp;neste domingo (20\/12). Marco Aur\u00e9lio, Gilmar Mendes, Ricardo Lewandowski e Alexandre de Moraes v\u00e3o continuar despachando durante o plant\u00e3o. Na pr\u00e1tica, isso esvazia um pouco os poderes do presidente, que<br \/><a class=\"more-link\" href=\"https:\/\/justicapotiguar.com.br\/index.php\/2020\/12\/20\/ministros-do-supremo-recusam-ferias-e-tiram-poder-de-fux-no-recesso\/\">Mais&#8230;<\/a><\/p>\n","protected":false},"author":5,"featured_media":7404,"comment_status":"open","ping_status":"open","sticky":false,"template":"","format":"standard","meta":[],"categories":[3],"tags":[],"_links":{"self":[{"href":"https:\/\/justicapotiguar.com.br\/index.php\/wp-json\/wp\/v2\/posts\/15498"}],"collection":[{"href":"https:\/\/justicapotiguar.com.br\/index.php\/wp-json\/wp\/v2\/posts"}],"about":[{"href":"https:\/\/justicapotiguar.com.br\/index.php\/wp-json\/wp\/v2\/types\/post"}],"author":[{"embeddable":true,"href":"https:\/\/justicapotiguar.com.br\/index.php\/wp-json\/wp\/v2\/users\/5"}],"replies":[{"embeddable":true,"href":"https:\/\/justicapotiguar.com.br\/index.php\/wp-json\/wp\/v2\/comments?post=15498"}],"version-history":[{"count":1,"href":"https:\/\/justicapotiguar.com.br\/index.php\/wp-json\/wp\/v2\/posts\/15498\/revisions"}],"predecessor-version":[{"id":15499,"href":"https:\/\/justicapotiguar.com.br\/index.php\/wp-json\/wp\/v2\/posts\/15498\/revisions\/15499"}],"wp:featuredmedia":[{"embeddable":true,"href":"https:\/\/justicapotiguar.com.br\/index.php\/wp-json\/wp\/v2\/media\/7404"}],"wp:attachment":[{"href":"https:\/\/justicapotiguar.com.br\/index.php\/wp-json\/wp\/v2\/media?parent=15498"}],"wp:term":[{"taxonomy":"category","embeddable":true,"href":"https:\/\/justicapotiguar.com.br\/index.php\/wp-json\/wp\/v2\/categories?post=15498"},{"taxonomy":"post_tag","embeddable":true,"href":"https:\/\/justicapotiguar.com.br\/index.php\/wp-json\/wp\/v2\/tags?post=15498"}],"curies":[{"name":"wp","href":"https:\/\/api.w.org\/{rel}","templated":true}]}}