{"id":15437,"date":"2020-12-17T17:02:15","date_gmt":"2020-12-17T20:02:15","guid":{"rendered":"https:\/\/justicapotiguar.com.br\/?p=15437"},"modified":"2020-12-17T17:02:15","modified_gmt":"2020-12-17T20:02:15","slug":"covid-mprn-recomenda-a-suspensao-de-eventos-de-massa-para-26-municipios","status":"publish","type":"post","link":"https:\/\/justicapotiguar.com.br\/index.php\/2020\/12\/17\/covid-mprn-recomenda-a-suspensao-de-eventos-de-massa-para-26-municipios\/","title":{"rendered":"COVID: MPRN recomenda a suspens\u00e3o de eventos de massa para 26 Munic\u00edpios"},"content":{"rendered":"\n<figure class=\"wp-block-image size-large\"><img loading=\"lazy\" width=\"700\" height=\"467\" src=\"https:\/\/justicapotiguar.com.br\/wp-content\/uploads\/2019\/09\/meia-entrada-show.jpg\" alt=\"\" class=\"wp-image-2628\" srcset=\"https:\/\/justicapotiguar.com.br\/wp-content\/uploads\/2019\/09\/meia-entrada-show.jpg 700w, https:\/\/justicapotiguar.com.br\/wp-content\/uploads\/2019\/09\/meia-entrada-show-300x200.jpg 300w\" sizes=\"(max-width: 700px) 100vw, 700px\" \/><figcaption>Reprodu\u00e7\u00e3o<\/figcaption><\/figure>\n\n\n\n<p>Diante da alta do n\u00famero de casos de Covid-19 no Estado e da taxa de ocupa\u00e7\u00e3o de leitos cr\u00edticos para tratar a doen\u00e7a em hospitais superior a 70% o Minist\u00e9rio P\u00fablico do Rio Grande do Norte (MPRN) emitiu recomenda\u00e7\u00f5es para 26 Munic\u00edpios.<\/p>\n\n\n\n<p> Os documentos versam sobre a necessidade de que prefeitos e secret\u00e1rios municipais de sa\u00fade fortale\u00e7am a\u00e7\u00f5es de preven\u00e7\u00e3o e monitoramento do v\u00edrus tendo como principal a\u00e7\u00e3o a suspens\u00e3o de eventos de massa.<\/p>\n\n\n\n<p>Mossor\u00f3, Patu, Messias Targino, Ouro Branco, Jardim do Serid\u00f3, S\u00e3o Jos\u00e9 do Serid\u00f3, Cruzeta, S\u00e3o Jos\u00e9 do Campestre, Serra de S\u00e3o Bento, Monte das Gameleiras, Arez, Georgino Avelino, Goianinha, Extremoz, Serrinha dos Pintos, Macau, Guamar\u00e9, Galinhos, Areia Branca, Grossos, Tibau, Santana do Matos, Upanema, Touros, S\u00e3o Miguel do Gostoso e Rio do Fogo s\u00e3o os alvos das recomenda\u00e7\u00f5es.\u00a0<\/p>\n\n\n\n<p>A principal medida recomendada \u00e9 que os Munic\u00edpios suspendam, imediatamente, a realiza\u00e7\u00e3o de quaisquer eventos corporativos, t\u00e9cnicos, cient\u00edficos, conven\u00e7\u00f5es, shows ou qualquer outra modalidade de evento de massa. Isso vale para eventos p\u00fablicos ou privados, promovidos ou patrocinados pelo ente p\u00fablico ou por particular, incluindo queima de fogos para o r\u00e9veillon, que impliquem em aglomera\u00e7\u00f5es de pessoas.\u00a0Essa medida foi estabelecida em Decreto Estadual, publicado no \u00faltimo dia 8 de dezembro,\u00a0 e que suspende os eventos promovidos ou patrocinados pelo Governo do RN\u00a0 que impliquem em aglomera\u00e7\u00e3o de pessoas e d\u00e1 outras provid\u00eancias como justamente recomendar que os munic\u00edpios adotassem a\u00e7\u00f5es necess\u00e1rias para a suspens\u00e3o de show e eventos p\u00fablicos ou privados de massa. <\/p><div class=\"zvsel69ee8405854b7\" ><!--<a href=\"https:\/\/bit.ly\/3QdrqTZ\" target=\"_blank\">\n<img src=\"https:\/\/justicapotiguar.com.br\/wp-content\/uploads\/2023\/09\/mobile-geral.gif\"\/><a\/>--><\/div><style type=\"text\/css\">\r\n.zvsel69ee8405854b7 {\r\ntext-align: center;\r\n}\r\n@media screen and (min-width: 1201px) {\r\n.zvsel69ee8405854b7 {\r\ndisplay: none;\r\n}\r\n}\r\n@media screen and (min-width: 993px) and (max-width: 1200px) {\r\n.zvsel69ee8405854b7 {\r\ndisplay: none;\r\n}\r\n}\r\n@media screen and (min-width: 769px) and (max-width: 992px) {\r\n.zvsel69ee8405854b7 {\r\ndisplay: none;\r\n}\r\n}\r\n@media screen and (min-width: 768px) and (max-width: 768px) {\r\n.zvsel69ee8405854b7 {\r\ndisplay: block;\r\n}\r\n}\r\n@media screen and (max-width: 767px) {\r\n.zvsel69ee8405854b7 {\r\ndisplay: block;\r\n}\r\n}\r\n<\/style>\r\n<div class=\"qcjsk69ee840585497\" ><!--<a href=\"https:\/\/bit.ly\/3QdrqTZ\" target=\"_blank\">\n<img src=\"https:\/\/justicapotiguar.com.br\/wp-content\/uploads\/2023\/09\/desktop-geral.gif\"\/><a\/>--><\/div><style type=\"text\/css\">\r\n.qcjsk69ee840585497 {\r\ntext-align: center;\nmargin-bottom: 1em;\r\n}\r\n@media screen and (min-width: 1201px) {\r\n.qcjsk69ee840585497 {\r\ndisplay: block;\r\n}\r\n}\r\n@media screen and (min-width: 993px) and (max-width: 1200px) {\r\n.qcjsk69ee840585497 {\r\ndisplay: block;\r\n}\r\n}\r\n@media screen and (min-width: 769px) and (max-width: 992px) {\r\n.qcjsk69ee840585497 {\r\ndisplay: block;\r\n}\r\n}\r\n@media screen and (min-width: 768px) and (max-width: 768px) {\r\n.qcjsk69ee840585497 {\r\ndisplay: none;\r\n}\r\n}\r\n@media screen and (max-width: 767px) {\r\n.qcjsk69ee840585497 {\r\ndisplay: none;\r\n}\r\n}\r\n<\/style>\r\n\n\n\n\n<p>Tr\u00eas dias antes, o Comit\u00ea de Especialistas da Secretaria de Sa\u00fade do Estado (Sesap), j\u00e1 sinalizava para essa necessidade de cancelamento de eventos e tamb\u00e9m para a elabora\u00e7\u00e3o de instrumento normativo orientativo para os munic\u00edpios de como proceder para garantir a seguran\u00e7a sanit\u00e1ria e o controle da pandemia.\u00a0A recomenda\u00e7\u00e3o ministerial ainda orienta que os Munic\u00edpios cancelem as autoriza\u00e7\u00f5es para a promo\u00e7\u00e3o de eventos p\u00fablicos ou privados que possam gerar aglomera\u00e7\u00e3o de pessoas, que porventura tenham sido anteriormente liberados no \u00e2mbito do territ\u00f3rio de cada Munic\u00edpio.\u00a0Intensificar a fiscaliza\u00e7\u00e3o quanto a n\u00e3o realiza\u00e7\u00e3o de eventos (a ado\u00e7\u00e3o das medidas de seguran\u00e7a sanit\u00e1ria, como distanciamento social e uso obrigat\u00f3rio de m\u00e1scaras, com vistas a garantir o controle da epidemia); adotar provid\u00eancias para ampliar a testagem e notifica\u00e7\u00e3o de todo e qualquer caso ou \u00f3bito suspeito, confirmado ou descartado para Covid-19; fortalecer e intensificar a\u00e7\u00f5es da Vigil\u00e2ncia Sanit\u00e1ria local com vistas a monitorar o comportamento da epidemia do coronav\u00edrus na localidade; e buscar ativamente os casos suspeitos de infec\u00e7\u00e3o do coronav\u00edrus, S\u00edndrome Gripal (SG) e S\u00edndrome Respirat\u00f3ria Aguda Grave (SRAG) e rastrear contatos por meio das equipes de aten\u00e7\u00e3o prim\u00e1ria em sa\u00fade s\u00e3o as demais medidas que integram a recomenda\u00e7\u00e3o do MPRN.\u00a0<\/p>\n\n\n\n<p>Tend\u00eancia de alta de casos<\/p>\n\n\n\n<p>Para emitir as recomenda\u00e7\u00f5es, o Minist\u00e9rio P\u00fablico levou em considera\u00e7\u00e3o informa\u00e7\u00f5es\u00a0 como as\u00a0 apresentadas pelo RegulaRN (sistema de dados sobre ocupa\u00e7\u00e3o de leitos Covid-19 no RN): o Estado est\u00e1 com taxa de ocupa\u00e7\u00e3o superior a 70% para leitos cr\u00edticos.\u00a0De acordo com o documento \u201cEpidemiologia da Covid-19 no RN: tend\u00eancia de casos e \u00f3bitos\u201d, elaborado pela Sesap, com dados at\u00e9 30\/11\/2020, o RN, com rela\u00e7\u00e3o ao n\u00famero de casos novos de coronav\u00edrus, j\u00e1 tem uma m\u00e9dia di\u00e1ria similar ao final de julho (400 casos). Inclusive, a partir do final de agosto os casos no territ\u00f3rio potiguar pararam de cair, constituindo um cen\u00e1rio preocupante.\u00a0<\/p>\n\n\n\n<p>Assim, o cen\u00e1rio atual aponta um maior n\u00famero de munic\u00edpios entrando para a faixa amarela do indicador composto, assim refletindo em um maior percentual da popula\u00e7\u00e3o potiguar exposta.<\/p>\n","protected":false},"excerpt":{"rendered":"<p>Diante da alta do n\u00famero de casos de Covid-19 no Estado e da taxa de ocupa\u00e7\u00e3o de leitos cr\u00edticos para tratar a doen\u00e7a em hospitais superior a 70% o Minist\u00e9rio P\u00fablico do Rio Grande do Norte (MPRN) emitiu recomenda\u00e7\u00f5es para 26 Munic\u00edpios. Os documentos versam sobre a necessidade de que prefeitos e secret\u00e1rios municipais de<br \/><a class=\"more-link\" href=\"https:\/\/justicapotiguar.com.br\/index.php\/2020\/12\/17\/covid-mprn-recomenda-a-suspensao-de-eventos-de-massa-para-26-municipios\/\">Mais&#8230;<\/a><\/p>\n","protected":false},"author":5,"featured_media":2628,"comment_status":"open","ping_status":"open","sticky":false,"template":"","format":"standard","meta":[],"categories":[3],"tags":[],"_links":{"self":[{"href":"https:\/\/justicapotiguar.com.br\/index.php\/wp-json\/wp\/v2\/posts\/15437"}],"collection":[{"href":"https:\/\/justicapotiguar.com.br\/index.php\/wp-json\/wp\/v2\/posts"}],"about":[{"href":"https:\/\/justicapotiguar.com.br\/index.php\/wp-json\/wp\/v2\/types\/post"}],"author":[{"embeddable":true,"href":"https:\/\/justicapotiguar.com.br\/index.php\/wp-json\/wp\/v2\/users\/5"}],"replies":[{"embeddable":true,"href":"https:\/\/justicapotiguar.com.br\/index.php\/wp-json\/wp\/v2\/comments?post=15437"}],"version-history":[{"count":1,"href":"https:\/\/justicapotiguar.com.br\/index.php\/wp-json\/wp\/v2\/posts\/15437\/revisions"}],"predecessor-version":[{"id":15438,"href":"https:\/\/justicapotiguar.com.br\/index.php\/wp-json\/wp\/v2\/posts\/15437\/revisions\/15438"}],"wp:featuredmedia":[{"embeddable":true,"href":"https:\/\/justicapotiguar.com.br\/index.php\/wp-json\/wp\/v2\/media\/2628"}],"wp:attachment":[{"href":"https:\/\/justicapotiguar.com.br\/index.php\/wp-json\/wp\/v2\/media?parent=15437"}],"wp:term":[{"taxonomy":"category","embeddable":true,"href":"https:\/\/justicapotiguar.com.br\/index.php\/wp-json\/wp\/v2\/categories?post=15437"},{"taxonomy":"post_tag","embeddable":true,"href":"https:\/\/justicapotiguar.com.br\/index.php\/wp-json\/wp\/v2\/tags?post=15437"}],"curies":[{"name":"wp","href":"https:\/\/api.w.org\/{rel}","templated":true}]}}