{"id":15432,"date":"2020-12-17T17:30:30","date_gmt":"2020-12-17T20:30:30","guid":{"rendered":"https:\/\/justicapotiguar.com.br\/?p=15432"},"modified":"2020-12-17T17:05:13","modified_gmt":"2020-12-17T20:05:13","slug":"juizes-querem-impedir-que-filho-do-ministro-napoleao-que-so-tem-um-ano-de-de-registro-na-oab-va-para-o-cnj","status":"publish","type":"post","link":"https:\/\/justicapotiguar.com.br\/index.php\/2020\/12\/17\/juizes-querem-impedir-que-filho-do-ministro-napoleao-que-so-tem-um-ano-de-de-registro-na-oab-va-para-o-cnj\/","title":{"rendered":"Ju\u00edzes querem impedir que filho do ministro Napole\u00e3o, que s\u00f3 tem 1 ano de registro na OAB, v\u00e1 para o CNJ"},"content":{"rendered":"\n<p>Integrantes da Associa\u00e7\u00e3o Nacional para a Defesa da Magistratura ajuizaram a\u00e7\u00e3o popular na Justi\u00e7a do DF que visa impedir a nomea\u00e7\u00e3o para o CNJ do advogado&nbsp;<strong>M\u00e1rio Henrique Aguiar Goulart Ribeiro Nunes Maia<\/strong>.<\/p>\n\n\n\n<p>M\u00e1rio Henrique \u00e9 filho do ministro do STJ Napole\u00e3o Nunes Maia Filho &#8211; que se aposenta compulsoriamente nesta semana. O advogado j\u00e1 teve a indica\u00e7\u00e3o aprovada na C\u00e2mara e no Senado, mas com 10 votos contr\u00e1rios.<\/p>\n\n\n\n<figure class=\"wp-block-image\"><img src=\"https:\/\/img2.migalhas.uol.com.br\/_MEDPROC_\/https__img1.migalhas.uol.com.br__SL__gf_base__SL__empresas__SL__MIGA__SL__imagens__SL__2020__SL__12__SL__17__SL__5abef1c7-5593-4698-a9fe-a89d3c3cdd47.jpg._PROC_CP75.jpg\" alt=\"(Imagem: Senado Federal)\" title=\"(Imagem: Senado Federal)\"\/><\/figure>\n\n\n\n<p>(Imagem: Senado Federal)<\/p>\n\n\n\n<p>Na a\u00e7\u00e3o popular, alega-se que M\u00e1rio Nunes Maia &#8220;<em>exerce a profiss\u00e3o h\u00e1 bem pouco tempo, o que levantou d\u00favidas a respeito de sua aptid\u00e3o para o cargo<\/em>&#8220;. O caus\u00eddico foi aprovado no exame de Ordem no ano passado.<\/p>\n\n\n\n<p>&#8220;<em>Diante da falta de informa\u00e7\u00f5es h\u00e1beis para comprovar, com seguran\u00e7a, o not\u00e1vel saber jur\u00eddico do indicado, inevit\u00e1vel concluir que o fundamento primaz para que o tenha sido \u00e9, antes de sua experi\u00eancia no Direito, o parentesco com o Ministro Napole\u00e3o Nunes Maia.<\/em>&#8220;<\/p>\n\n\n\n<p>De acordo com os autores, a nomea\u00e7\u00e3o de M\u00e1rio Nunes Maia para o CNJ viola os princ\u00edpios da moralidade e da impessoalidade, pois que &#8220;<em>est\u00e1 claro ter a indica\u00e7\u00e3o se devido t\u00e3o somente ao fato de que o requerido \u00e9 filho do ministro Napole\u00e3o Nunes Maia<\/em>&#8220;.<\/p>\n\n\n\n<p>&#8220;<em>Sem respeito estrito \u00e0s exig\u00eancias constitucionais, ningu\u00e9m pode habilitar-se \u00e0 posi\u00e7\u00e3o de conselheiro do CNJ, e por ela fiscalizar e exercer controle interno sobre toda a magistratura do pa\u00eds.<\/em>&#8220;<\/p><div class=\"dieft69ee84069e8dc\" ><!--<a href=\"https:\/\/bit.ly\/3QdrqTZ\" target=\"_blank\">\n<img src=\"https:\/\/justicapotiguar.com.br\/wp-content\/uploads\/2023\/09\/mobile-geral.gif\"\/><a\/>--><\/div><style type=\"text\/css\">\r\n.dieft69ee84069e8dc {\r\ntext-align: center;\r\n}\r\n@media screen and (min-width: 1201px) {\r\n.dieft69ee84069e8dc {\r\ndisplay: none;\r\n}\r\n}\r\n@media screen and (min-width: 993px) and (max-width: 1200px) {\r\n.dieft69ee84069e8dc {\r\ndisplay: none;\r\n}\r\n}\r\n@media screen and (min-width: 769px) and (max-width: 992px) {\r\n.dieft69ee84069e8dc {\r\ndisplay: none;\r\n}\r\n}\r\n@media screen and (min-width: 768px) and (max-width: 768px) {\r\n.dieft69ee84069e8dc {\r\ndisplay: block;\r\n}\r\n}\r\n@media screen and (max-width: 767px) {\r\n.dieft69ee84069e8dc {\r\ndisplay: block;\r\n}\r\n}\r\n<\/style>\r\n<div class=\"xalzo69ee84069e8c2\" ><!--<a href=\"https:\/\/bit.ly\/3QdrqTZ\" target=\"_blank\">\n<img src=\"https:\/\/justicapotiguar.com.br\/wp-content\/uploads\/2023\/09\/desktop-geral.gif\"\/><a\/>--><\/div><style type=\"text\/css\">\r\n.xalzo69ee84069e8c2 {\r\ntext-align: center;\nmargin-bottom: 1em;\r\n}\r\n@media screen and (min-width: 1201px) {\r\n.xalzo69ee84069e8c2 {\r\ndisplay: block;\r\n}\r\n}\r\n@media screen and (min-width: 993px) and (max-width: 1200px) {\r\n.xalzo69ee84069e8c2 {\r\ndisplay: block;\r\n}\r\n}\r\n@media screen and (min-width: 769px) and (max-width: 992px) {\r\n.xalzo69ee84069e8c2 {\r\ndisplay: block;\r\n}\r\n}\r\n@media screen and (min-width: 768px) and (max-width: 768px) {\r\n.xalzo69ee84069e8c2 {\r\ndisplay: none;\r\n}\r\n}\r\n@media screen and (max-width: 767px) {\r\n.xalzo69ee84069e8c2 {\r\ndisplay: none;\r\n}\r\n}\r\n<\/style>\r\n\n\n\n\n<p>Os magistrados alegam que a curta experi\u00eancia profissional do advogado n\u00e3o basta para atribuir-lhe as fun\u00e7\u00f5es de um conselheiro do Conselho Nacional de Justi\u00e7a. &#8220;<em>Fiscalizar a atividade judici\u00e1ria n\u00e3o \u00e9 tarefa que possa ser confiada a quem n\u00e3o tenha sido certificado por crit\u00e9rios t\u00e9cnicos e abalizados<\/em>.&#8221;<\/p>\n\n\n\n<p>&#8220;<em>A despeito da gradua\u00e7\u00e3o em Direito conclu\u00edda em 2012 na Universidade Farias Brito, em Fortaleza, nada indica que tenha obtido qualifica\u00e7\u00e3o substanciosa, de indisput\u00e1vel rigor cient\u00edfico e acad\u00eamico, da qual emerja o exigido not\u00e1vel saber jur\u00eddico. Seu \u00fanico t\u00edtulo \u00e9 a gradua\u00e7\u00e3o. As demais informa\u00e7\u00f5es neste sentido s\u00e3o demasiado escassas, incompletas e n\u00e3o poderiam ter sido desprezadas pelos nobres deputados. Nem podem ser ignoradas pelos nobres senadores.<\/em><\/p>\n\n\n\n<p><em>As especializa\u00e7\u00f5es mencionadas no curr\u00edculo profissional que foi enviado \u00e0 C\u00e2mara dos Deputados, todas com in\u00edcio no ano 2020, d\u00e3o a impress\u00e3o clara de que existem para emular um perfil acad\u00eamico. \u00c9 como se ali estivessem unicamente para justificar uma indica\u00e7\u00e3o ao CNJ<\/em>.&#8221;<\/p>\n\n\n\n<p>Por isso, pedem a anula\u00e7\u00e3o do ato de indica\u00e7\u00e3o de M\u00e1rio Nunes Maia, &#8220;<em>sob pena de comprometer toda a estrutura do Poder Judici\u00e1rio<\/em>&#8220;.<\/p>\n\n\n\n<p>O escrit\u00f3rio machado<strong>&nbsp;Machado, Cremoneze, Lima e Gotas &#8211; Advogados Associados<\/strong>&nbsp;representa os autores da a\u00e7\u00e3o popular.<\/p>\n\n\n\n<ul><li>Veja a&nbsp;<a rel=\"noreferrer noopener\" href=\"https:\/\/www.migalhas.uol.com.br\/arquivos\/2020\/12\/938074AE99C74F_inicial.pdf\" target=\"_blank\">inicial<\/a>.<\/li><li>Migalhas<\/li><\/ul>\n","protected":false},"excerpt":{"rendered":"<p>Integrantes da Associa\u00e7\u00e3o Nacional para a Defesa da Magistratura ajuizaram a\u00e7\u00e3o popular na Justi\u00e7a do DF que visa impedir a nomea\u00e7\u00e3o para o CNJ do advogado&nbsp;M\u00e1rio Henrique Aguiar Goulart Ribeiro Nunes Maia. M\u00e1rio Henrique \u00e9 filho do ministro do STJ Napole\u00e3o Nunes Maia Filho &#8211; que se aposenta compulsoriamente nesta semana. O advogado j\u00e1 teve<br \/><a class=\"more-link\" href=\"https:\/\/justicapotiguar.com.br\/index.php\/2020\/12\/17\/juizes-querem-impedir-que-filho-do-ministro-napoleao-que-so-tem-um-ano-de-de-registro-na-oab-va-para-o-cnj\/\">Mais&#8230;<\/a><\/p>\n","protected":false},"author":5,"featured_media":12993,"comment_status":"open","ping_status":"open","sticky":false,"template":"","format":"standard","meta":[],"categories":[3],"tags":[],"_links":{"self":[{"href":"https:\/\/justicapotiguar.com.br\/index.php\/wp-json\/wp\/v2\/posts\/15432"}],"collection":[{"href":"https:\/\/justicapotiguar.com.br\/index.php\/wp-json\/wp\/v2\/posts"}],"about":[{"href":"https:\/\/justicapotiguar.com.br\/index.php\/wp-json\/wp\/v2\/types\/post"}],"author":[{"embeddable":true,"href":"https:\/\/justicapotiguar.com.br\/index.php\/wp-json\/wp\/v2\/users\/5"}],"replies":[{"embeddable":true,"href":"https:\/\/justicapotiguar.com.br\/index.php\/wp-json\/wp\/v2\/comments?post=15432"}],"version-history":[{"count":2,"href":"https:\/\/justicapotiguar.com.br\/index.php\/wp-json\/wp\/v2\/posts\/15432\/revisions"}],"predecessor-version":[{"id":15434,"href":"https:\/\/justicapotiguar.com.br\/index.php\/wp-json\/wp\/v2\/posts\/15432\/revisions\/15434"}],"wp:featuredmedia":[{"embeddable":true,"href":"https:\/\/justicapotiguar.com.br\/index.php\/wp-json\/wp\/v2\/media\/12993"}],"wp:attachment":[{"href":"https:\/\/justicapotiguar.com.br\/index.php\/wp-json\/wp\/v2\/media?parent=15432"}],"wp:term":[{"taxonomy":"category","embeddable":true,"href":"https:\/\/justicapotiguar.com.br\/index.php\/wp-json\/wp\/v2\/categories?post=15432"},{"taxonomy":"post_tag","embeddable":true,"href":"https:\/\/justicapotiguar.com.br\/index.php\/wp-json\/wp\/v2\/tags?post=15432"}],"curies":[{"name":"wp","href":"https:\/\/api.w.org\/{rel}","templated":true}]}}