{"id":15430,"date":"2020-12-17T16:27:22","date_gmt":"2020-12-17T19:27:22","guid":{"rendered":"https:\/\/justicapotiguar.com.br\/?p=15430"},"modified":"2020-12-17T16:27:22","modified_gmt":"2020-12-17T19:27:22","slug":"colegio-de-presidentes-da-oab-emite-nota-de-apoio-a-projeto-de-lei-que-reforca-prerrogativas-dos-advogados","status":"publish","type":"post","link":"https:\/\/justicapotiguar.com.br\/index.php\/2020\/12\/17\/colegio-de-presidentes-da-oab-emite-nota-de-apoio-a-projeto-de-lei-que-reforca-prerrogativas-dos-advogados\/","title":{"rendered":"Col\u00e9gio de Presidentes da OAB emite nota de apoio a projeto de lei que refor\u00e7a prerrogativas dos advogados"},"content":{"rendered":"\n<p>O Colegio de Presidentes da OAB emitiu nota em apoio ao PL 5.284\/2020 que estabelece crit\u00e9rios objetivos para identificar e coibir a viola\u00e7\u00e3o do sigilo profissional entre advogado e cliente e refor\u00e7a as prerrogativas dos advogados. A nota ainda faz cr\u00edticas a postura dos membros do Minist\u00e9rio P\u00fablico. Confira abaixo<\/p>\n\n\n\n<figure class=\"wp-block-image size-large\"><img loading=\"lazy\" width=\"1024\" height=\"535\" src=\"https:\/\/justicapotiguar.com.br\/wp-content\/uploads\/2020\/08\/exame-oab-1024x535.jpeg\" alt=\"\" class=\"wp-image-12284\" srcset=\"https:\/\/justicapotiguar.com.br\/wp-content\/uploads\/2020\/08\/exame-oab-1024x535.jpeg 1024w, https:\/\/justicapotiguar.com.br\/wp-content\/uploads\/2020\/08\/exame-oab-300x157.jpeg 300w, https:\/\/justicapotiguar.com.br\/wp-content\/uploads\/2020\/08\/exame-oab-768x401.jpeg 768w, https:\/\/justicapotiguar.com.br\/wp-content\/uploads\/2020\/08\/exame-oab.jpeg 1200w\" sizes=\"(max-width: 1024px) 100vw, 1024px\" \/><figcaption>Ilustrativa<\/figcaption><\/figure>\n\n\n\n<p><em>Nota de apoio ao PL 5.284\/2020<\/em><\/p>\n\n\n\n<p>O Col\u00e9gio de Presidentes das Seccionais da Ordem dos Advogados do Brasil, no seu papel institucional de lutar de forma intransigente pela defesa da Constitui\u00e7\u00e3o Federal e dos princ\u00edpios da ampla defesa e do contradit\u00f3rio, vem reafirmar a import\u00e2ncia do Projeto de Lei 5.284\/2020.<\/p>\n\n\n\n<p>Ao contr\u00e1rio do que tentam imprimir associa\u00e7\u00f5es de integrantes do Minist\u00e9rio P\u00fablico, institui\u00e7\u00e3o esta que deveria ser a primeira a salvaguardar a Carta Magna, difundindo preconceitos que n\u00e3o encontram quaisquer respaldo no aparato legal brasileiro, o projeto de lei estabelece crit\u00e9rios objetivos para identificar e coibir a viola\u00e7\u00e3o do sigilo profissional entre advogado e cliente.<\/p>\n\n\n\n<p>Trata-se, portanto, de medida necess\u00e1ria e urgente porque diminui as chances de as investiga\u00e7\u00f5es se valerem de atalhos ilegais para considerar resolvidos os casos criminais sem encontrar os verdadeiros culpados. Mais que isso, assevera a garantia do inviol\u00e1vel e t\u00e3o caro direito \u00e0 ampla defesa.<\/p><div class=\"jgglc69ee840623a87\" ><!--<a href=\"https:\/\/bit.ly\/3QdrqTZ\" target=\"_blank\">\n<img src=\"https:\/\/justicapotiguar.com.br\/wp-content\/uploads\/2023\/09\/mobile-geral.gif\"\/><a\/>--><\/div><style type=\"text\/css\">\r\n.jgglc69ee840623a87 {\r\ntext-align: center;\r\n}\r\n@media screen and (min-width: 1201px) {\r\n.jgglc69ee840623a87 {\r\ndisplay: none;\r\n}\r\n}\r\n@media screen and (min-width: 993px) and (max-width: 1200px) {\r\n.jgglc69ee840623a87 {\r\ndisplay: none;\r\n}\r\n}\r\n@media screen and (min-width: 769px) and (max-width: 992px) {\r\n.jgglc69ee840623a87 {\r\ndisplay: none;\r\n}\r\n}\r\n@media screen and (min-width: 768px) and (max-width: 768px) {\r\n.jgglc69ee840623a87 {\r\ndisplay: block;\r\n}\r\n}\r\n@media screen and (max-width: 767px) {\r\n.jgglc69ee840623a87 {\r\ndisplay: block;\r\n}\r\n}\r\n<\/style>\r\n<div class=\"wkynp69ee840623a6a\" ><!--<a href=\"https:\/\/bit.ly\/3QdrqTZ\" target=\"_blank\">\n<img src=\"https:\/\/justicapotiguar.com.br\/wp-content\/uploads\/2023\/09\/desktop-geral.gif\"\/><a\/>--><\/div><style type=\"text\/css\">\r\n.wkynp69ee840623a6a {\r\ntext-align: center;\nmargin-bottom: 1em;\r\n}\r\n@media screen and (min-width: 1201px) {\r\n.wkynp69ee840623a6a {\r\ndisplay: block;\r\n}\r\n}\r\n@media screen and (min-width: 993px) and (max-width: 1200px) {\r\n.wkynp69ee840623a6a {\r\ndisplay: block;\r\n}\r\n}\r\n@media screen and (min-width: 769px) and (max-width: 992px) {\r\n.wkynp69ee840623a6a {\r\ndisplay: block;\r\n}\r\n}\r\n@media screen and (min-width: 768px) and (max-width: 768px) {\r\n.wkynp69ee840623a6a {\r\ndisplay: none;\r\n}\r\n}\r\n@media screen and (max-width: 767px) {\r\n.wkynp69ee840623a6a {\r\ndisplay: none;\r\n}\r\n}\r\n<\/style>\r\n\n\n\n\n<p>O cidad\u00e3o, que \u00e9 o bem maior do pa\u00eds, \u00e9 o destinat\u00e1rio final do projeto de lei em quest\u00e3o e n\u00e3o pode se tornar alvo vastamente desprotegido quando a estrutura judici\u00e1ria falha, ora por omiss\u00e3o, ora por excesso. E \u00e9 justamente este excesso que, historicamente, a sociedade vem lutando para combater. \u00c9 no corte de excessos, de abusos de autoridades que n\u00e3o se amparam estritamente na lei, tentando fazer prevalecer interesses outros que n\u00e3o os constitucionais, que se pode estruturar devidamente a m\u00e1quina p\u00fablica para eliminar tamb\u00e9m as omiss\u00f5es.<\/p>\n\n\n\n<p>O C\u00f3digo de Processo Penal j\u00e1 estabelece que os vest\u00edgios de qualquer situa\u00e7\u00e3o de crime ou potencial crime precisam, obrigatoriamente, ser submetidos ao exame de per\u00edcia oficial, de modo isento e equidistante das partes. Por esse motivo, a simples palavra dos delatores interessados em obter vantagens junto ao Minist\u00e9rio P\u00fablico n\u00e3o pode ser usada, sozinha, como elemento de prova e confirma\u00e7\u00e3o absoluta dos fatos narrados. \u00c9 preciso haver elementos de comprova\u00e7\u00e3o das narrativas dos delatores.<\/p>\n\n\n\n<p>O Estado precisa dar respostas \u00e0s quest\u00f5es levantadas nos \u00faltimos anos em diversos casos judiciais, inclusive com grande repercuss\u00e3o social. Entre essas quest\u00f5es est\u00e3o, por exemplo, o espa\u00e7o existente para que investigadores possam coagir delatores e manipular processos. E \u00e9 pelo instrumento da lei que podemos e devemos responder a essas inquieta\u00e7\u00f5es.<\/p>\n\n\n\n<p>A OAB tem atuado de modo rigoroso contra privil\u00e9gios concretos de algumas carreiras de Estado, como \u00e9 o caso das que comp\u00f5em o Minist\u00e9rio P\u00fablico, que percebem penduricalhos como aux\u00edlios que extrapolam o teto constitucional. A sociedade clama e a Ordem tem no seu trabalho cont\u00ednuo a luta contra o abuso de autoridade. Assim, diante do que reza a Constitui\u00e7\u00e3o Federal e da legisla\u00e7\u00e3o em vigor no pa\u00eds, s\u00f3 se pode ver num ataque a um Projeto de Lei democraticamente aprovado em uma Casa Legislativa, mera rea\u00e7\u00e3o corporativista ao trabalho em defesa do patrim\u00f4nio p\u00fablico e dos interesses da sociedade. As prerrogativas s\u00e3o exercidas pelos advogados mas protegem o cidad\u00e3o: as prerrogativas s\u00e3o do direito de defesa e do cidad\u00e3o defendido pelo advogado.<\/p>\n\n\n\n<p>Col\u00e9gio de Presidentes das Seccionais da Ordem dos Advogados do Brasil<\/p>\n","protected":false},"excerpt":{"rendered":"<p>O Colegio de Presidentes da OAB emitiu nota em apoio ao PL 5.284\/2020 que estabelece crit\u00e9rios objetivos para identificar e coibir a viola\u00e7\u00e3o do sigilo profissional entre advogado e cliente e refor\u00e7a as prerrogativas dos advogados. A nota ainda faz cr\u00edticas a postura dos membros do Minist\u00e9rio P\u00fablico. Confira abaixo Nota de apoio ao PL<br \/><a class=\"more-link\" href=\"https:\/\/justicapotiguar.com.br\/index.php\/2020\/12\/17\/colegio-de-presidentes-da-oab-emite-nota-de-apoio-a-projeto-de-lei-que-reforca-prerrogativas-dos-advogados\/\">Mais&#8230;<\/a><\/p>\n","protected":false},"author":5,"featured_media":12284,"comment_status":"open","ping_status":"open","sticky":false,"template":"","format":"standard","meta":[],"categories":[3],"tags":[],"_links":{"self":[{"href":"https:\/\/justicapotiguar.com.br\/index.php\/wp-json\/wp\/v2\/posts\/15430"}],"collection":[{"href":"https:\/\/justicapotiguar.com.br\/index.php\/wp-json\/wp\/v2\/posts"}],"about":[{"href":"https:\/\/justicapotiguar.com.br\/index.php\/wp-json\/wp\/v2\/types\/post"}],"author":[{"embeddable":true,"href":"https:\/\/justicapotiguar.com.br\/index.php\/wp-json\/wp\/v2\/users\/5"}],"replies":[{"embeddable":true,"href":"https:\/\/justicapotiguar.com.br\/index.php\/wp-json\/wp\/v2\/comments?post=15430"}],"version-history":[{"count":1,"href":"https:\/\/justicapotiguar.com.br\/index.php\/wp-json\/wp\/v2\/posts\/15430\/revisions"}],"predecessor-version":[{"id":15431,"href":"https:\/\/justicapotiguar.com.br\/index.php\/wp-json\/wp\/v2\/posts\/15430\/revisions\/15431"}],"wp:featuredmedia":[{"embeddable":true,"href":"https:\/\/justicapotiguar.com.br\/index.php\/wp-json\/wp\/v2\/media\/12284"}],"wp:attachment":[{"href":"https:\/\/justicapotiguar.com.br\/index.php\/wp-json\/wp\/v2\/media?parent=15430"}],"wp:term":[{"taxonomy":"category","embeddable":true,"href":"https:\/\/justicapotiguar.com.br\/index.php\/wp-json\/wp\/v2\/categories?post=15430"},{"taxonomy":"post_tag","embeddable":true,"href":"https:\/\/justicapotiguar.com.br\/index.php\/wp-json\/wp\/v2\/tags?post=15430"}],"curies":[{"name":"wp","href":"https:\/\/api.w.org\/{rel}","templated":true}]}}