{"id":15421,"date":"2020-12-17T13:26:57","date_gmt":"2020-12-17T16:26:57","guid":{"rendered":"https:\/\/justicapotiguar.com.br\/?p=15421"},"modified":"2020-12-17T13:26:56","modified_gmt":"2020-12-17T16:26:56","slug":"estupro-culposo-juiz-e-promotor-do-caso-mariana-ferrer-processam-sites-e-reporter-por-danos-morais","status":"publish","type":"post","link":"https:\/\/justicapotiguar.com.br\/index.php\/2020\/12\/17\/estupro-culposo-juiz-e-promotor-do-caso-mariana-ferrer-processam-sites-e-reporter-por-danos-morais\/","title":{"rendered":"&#8220;Estupro culposo&#8221;: Juiz e promotor do caso Mariana Ferrer processam sites e rep\u00f3rter por danos morais"},"content":{"rendered":"\n<p>O\u00a0<a href=\"https:\/\/www1.folha.uol.com.br\/cotidiano\/2020\/11\/corregedoria-nacional-de-justica-vai-apurar-conduta-de-juiz-de-sc-em-caso-de-mariana-ferrer.shtml\">juiz Rudson Marcos<\/a>\u00a0e o\u00a0<a href=\"https:\/\/www1.folha.uol.com.br\/cotidiano\/2020\/11\/ministerio-publico-de-sc-afirma-que-video-de-audiencia-do-caso-mariana-ferrer-foi-editado.shtml\">promotor Thiago Carri\u00e7o<\/a>, de Santa Catarina, ingressaram com a\u00e7\u00f5es de danos morais contra a jornalista Schirlei Alves, da First Look Media, empresa detentora do site The Intercept Brasil, e a editora Not\u00edcias do Dia, do portal catarinense ND+, que publicaram reportagens sobre o\u00a0<a href=\"https:\/\/www1.folha.uol.com.br\/cotidiano\/2020\/11\/tese-de-estupro-culposo-por-promotor-em-caso-de-mariana-ferrer-gera-revolta.shtml\">caso da influencer Mariana Ferrer<\/a>.<\/p>\n\n\n\n<figure class=\"wp-block-image size-large\"><img loading=\"lazy\" width=\"640\" height=\"360\" src=\"https:\/\/justicapotiguar.com.br\/wp-content\/uploads\/2020\/11\/mariana-ferrer.jpg\" alt=\"\" class=\"wp-image-14303\" srcset=\"https:\/\/justicapotiguar.com.br\/wp-content\/uploads\/2020\/11\/mariana-ferrer.jpg 640w, https:\/\/justicapotiguar.com.br\/wp-content\/uploads\/2020\/11\/mariana-ferrer-300x169.jpg 300w\" sizes=\"(max-width: 640px) 100vw, 640px\" \/><\/figure>\n\n\n\n<p>Segundo o Portal JusCatarina, o juiz e o promotor pedem aos ve\u00edculos e \u00e0 rep\u00f3rter pagamento de indeniza\u00e7\u00e3o de R$ 450 mil e R$ 350 mil, respectivamente. Ainda de acordo com o portal, ap\u00f3s ter sido noticiada a exist\u00eancia dos processos, na \u00faltima quinta-feira (10), eles foram colocados em segredo de Justi\u00e7a, nesta segunda-feira (14).<\/p>\n\n\n\n<p><a href=\"https:\/\/www1.folha.uol.com.br\/cotidiano\/2020\/11\/especialistas-contestam-argumentacao-do-ministerio-publico-no-caso-mariana-ferrer.shtml\">Imagens da audi\u00eancia foram divulgadas pelo site The Intercept&nbsp;<\/a>no in\u00edcio do m\u00eas passado. O ve\u00edculo usou a express\u00e3o &#8220;estupro culposo&#8221; [sem inten\u00e7\u00e3o] para resumir a tese da promotoria \u2014o termo n\u00e3o foi utilizado no processo. No mesmo dia, o site incluiu uma nota aos leitores em que esclarecia que a express\u00e3o foi usada \u201cpara resumir o caso e explic\u00e1-lo para o p\u00fablico leigo\u201d.<\/p>\n\n\n\n<p>Antes mesmo da publica\u00e7\u00e3o do Intercept, Schirlei Alves assinou, em setembro, outra reportagem tratando do desfecho do caso, publicada no portal ND+. A express\u00e3o &#8220;estupro culposo&#8221; tamb\u00e9m consta desse texto.<\/p>\n\n\n\n<p>O Sindicato dos Jornalistas Profissionais de Santa Catarina e a Federa\u00e7\u00e3o Nacional dos Jornalistas publicaram nota se solidarizando com Alves e informando que colocaram sua assessoria jur\u00eddica \u00e0 disposi\u00e7\u00e3o da profissional.<\/p><div class=\"ogxbn69ee73ead3a0e\" ><!--<a href=\"https:\/\/bit.ly\/3QdrqTZ\" target=\"_blank\">\n<img src=\"https:\/\/justicapotiguar.com.br\/wp-content\/uploads\/2023\/09\/mobile-geral.gif\"\/><a\/>--><\/div><style type=\"text\/css\">\r\n.ogxbn69ee73ead3a0e {\r\ntext-align: center;\r\n}\r\n@media screen and (min-width: 1201px) {\r\n.ogxbn69ee73ead3a0e {\r\ndisplay: none;\r\n}\r\n}\r\n@media screen and (min-width: 993px) and (max-width: 1200px) {\r\n.ogxbn69ee73ead3a0e {\r\ndisplay: none;\r\n}\r\n}\r\n@media screen and (min-width: 769px) and (max-width: 992px) {\r\n.ogxbn69ee73ead3a0e {\r\ndisplay: none;\r\n}\r\n}\r\n@media screen and (min-width: 768px) and (max-width: 768px) {\r\n.ogxbn69ee73ead3a0e {\r\ndisplay: block;\r\n}\r\n}\r\n@media screen and (max-width: 767px) {\r\n.ogxbn69ee73ead3a0e {\r\ndisplay: block;\r\n}\r\n}\r\n<\/style>\r\n<div class=\"eohji69ee73ead39ec\" ><!--<a href=\"https:\/\/bit.ly\/3QdrqTZ\" target=\"_blank\">\n<img src=\"https:\/\/justicapotiguar.com.br\/wp-content\/uploads\/2023\/09\/desktop-geral.gif\"\/><a\/>--><\/div><style type=\"text\/css\">\r\n.eohji69ee73ead39ec {\r\ntext-align: center;\nmargin-bottom: 1em;\r\n}\r\n@media screen and (min-width: 1201px) {\r\n.eohji69ee73ead39ec {\r\ndisplay: block;\r\n}\r\n}\r\n@media screen and (min-width: 993px) and (max-width: 1200px) {\r\n.eohji69ee73ead39ec {\r\ndisplay: block;\r\n}\r\n}\r\n@media screen and (min-width: 769px) and (max-width: 992px) {\r\n.eohji69ee73ead39ec {\r\ndisplay: block;\r\n}\r\n}\r\n@media screen and (min-width: 768px) and (max-width: 768px) {\r\n.eohji69ee73ead39ec {\r\ndisplay: none;\r\n}\r\n}\r\n@media screen and (max-width: 767px) {\r\n.eohji69ee73ead39ec {\r\ndisplay: none;\r\n}\r\n}\r\n<\/style>\r\n\n\n\n\n<p>\u201cA judicializa\u00e7\u00e3o de casos como o presente contra jornalista pode ocasionar a desqualifica\u00e7\u00e3o do livre exerc\u00edcio da profiss\u00e3o, confundindo a opini\u00e3o p\u00fablica e estimulando, mesmo que involuntariamente, manifesta\u00e7\u00f5es agressivas contra profissionais da comunica\u00e7\u00e3o. Schirlei tem sido alvo de constantes ataques em suas redes\u201d, afirmam na nota.<\/p>\n\n\n\n<p>A&nbsp;<strong>Folha<\/strong>&nbsp;n\u00e3o conseguiu contato com Schirlei Alves nem com representantes do portal ND+.<\/p>\n\n\n\n<p>O The Intercept Brasil afirmou que n\u00e3o foi citado em nenhum processo e que, por isso, s\u00f3 se manifestar\u00e1 a respeito deles \u201cap\u00f3s tomar conhecimento de seu conte\u00fado e das provas apresentadas\u201d. Informou ainda que apoia seus jornalistas, incluindo Alves, e que diariamente coloca todos os instrumentos legais \u00e0 disposi\u00e7\u00e3o para defend\u00ea-los.<\/p>\n\n\n\n<p>Folha de S Paulo<\/p>\n","protected":false},"excerpt":{"rendered":"<p>O\u00a0juiz Rudson Marcos\u00a0e o\u00a0promotor Thiago Carri\u00e7o, de Santa Catarina, ingressaram com a\u00e7\u00f5es de danos morais contra a jornalista Schirlei Alves, da First Look Media, empresa detentora do site The Intercept Brasil, e a editora Not\u00edcias do Dia, do portal catarinense ND+, que publicaram reportagens sobre o\u00a0caso da influencer Mariana Ferrer. Segundo o Portal JusCatarina, o<br \/><a class=\"more-link\" href=\"https:\/\/justicapotiguar.com.br\/index.php\/2020\/12\/17\/estupro-culposo-juiz-e-promotor-do-caso-mariana-ferrer-processam-sites-e-reporter-por-danos-morais\/\">Mais&#8230;<\/a><\/p>\n","protected":false},"author":5,"featured_media":14303,"comment_status":"open","ping_status":"open","sticky":false,"template":"","format":"standard","meta":[],"categories":[3],"tags":[],"_links":{"self":[{"href":"https:\/\/justicapotiguar.com.br\/index.php\/wp-json\/wp\/v2\/posts\/15421"}],"collection":[{"href":"https:\/\/justicapotiguar.com.br\/index.php\/wp-json\/wp\/v2\/posts"}],"about":[{"href":"https:\/\/justicapotiguar.com.br\/index.php\/wp-json\/wp\/v2\/types\/post"}],"author":[{"embeddable":true,"href":"https:\/\/justicapotiguar.com.br\/index.php\/wp-json\/wp\/v2\/users\/5"}],"replies":[{"embeddable":true,"href":"https:\/\/justicapotiguar.com.br\/index.php\/wp-json\/wp\/v2\/comments?post=15421"}],"version-history":[{"count":1,"href":"https:\/\/justicapotiguar.com.br\/index.php\/wp-json\/wp\/v2\/posts\/15421\/revisions"}],"predecessor-version":[{"id":15422,"href":"https:\/\/justicapotiguar.com.br\/index.php\/wp-json\/wp\/v2\/posts\/15421\/revisions\/15422"}],"wp:featuredmedia":[{"embeddable":true,"href":"https:\/\/justicapotiguar.com.br\/index.php\/wp-json\/wp\/v2\/media\/14303"}],"wp:attachment":[{"href":"https:\/\/justicapotiguar.com.br\/index.php\/wp-json\/wp\/v2\/media?parent=15421"}],"wp:term":[{"taxonomy":"category","embeddable":true,"href":"https:\/\/justicapotiguar.com.br\/index.php\/wp-json\/wp\/v2\/categories?post=15421"},{"taxonomy":"post_tag","embeddable":true,"href":"https:\/\/justicapotiguar.com.br\/index.php\/wp-json\/wp\/v2\/tags?post=15421"}],"curies":[{"name":"wp","href":"https:\/\/api.w.org\/{rel}","templated":true}]}}