{"id":15416,"date":"2020-12-17T15:44:32","date_gmt":"2020-12-17T18:44:32","guid":{"rendered":"https:\/\/justicapotiguar.com.br\/?p=15416"},"modified":"2020-12-17T16:13:19","modified_gmt":"2020-12-17T19:13:19","slug":"stj-abre-inquerito-contra-desembargador-que-ofendeu-guarda-apos-ser-multado","status":"publish","type":"post","link":"https:\/\/justicapotiguar.com.br\/index.php\/2020\/12\/17\/stj-abre-inquerito-contra-desembargador-que-ofendeu-guarda-apos-ser-multado\/","title":{"rendered":"STJ abre inqu\u00e9rito contra desembargador que ofendeu guarda ap\u00f3s ser multado"},"content":{"rendered":"\n<p>A Corte Especial do Superior Tribunal de Justi\u00e7a (STJ) decidiu nesta quarta-feira (16) autorizar a abertura de um inqu\u00e9rito contra o desembargador Eduardo Siqueira, do Tribunal de Justi\u00e7a de S\u00e3o Paulo (TJ-SP).<\/p>\n\n\n\n<p>Siqueira foi flagrado em julho ofendendo guardas municipais de Santos (SP) ap\u00f3s ser multado por n\u00e3o utilizar m\u00e1scara de prote\u00e7\u00e3o individual.<\/p>\n\n\n\n<figure class=\"wp-block-image size-large\"><img loading=\"lazy\" width=\"715\" height=\"429\" src=\"https:\/\/justicapotiguar.com.br\/wp-content\/uploads\/2020\/07\/images-4-2.jpeg\" alt=\"\" class=\"wp-image-11733\" srcset=\"https:\/\/justicapotiguar.com.br\/wp-content\/uploads\/2020\/07\/images-4-2.jpeg 715w, https:\/\/justicapotiguar.com.br\/wp-content\/uploads\/2020\/07\/images-4-2-300x180.jpeg 300w\" sizes=\"(max-width: 715px) 100vw, 715px\" \/><figcaption>Reprodu\u00e7\u00e3o<\/figcaption><\/figure>\n\n\n\n<p>Inicialmente, o ministro do STJ Raul Ara\u00fajo havia rejeitado o pedido para que fossem investigados poss\u00edveis crimes pertinentes \u00e0 conduta do desembargador no epis\u00f3dio. A Procuradoria-Geral da Rep\u00fablica (PGR) recorreu e a Corte Especial decidiu, por maioria, autorizar que Eduardo Siqueira seja investigado.<\/p><div class=\"xbvav69ee725769428\" ><!--<a href=\"https:\/\/bit.ly\/3QdrqTZ\" target=\"_blank\">\n<img src=\"https:\/\/justicapotiguar.com.br\/wp-content\/uploads\/2023\/09\/mobile-geral.gif\"\/><a\/>--><\/div><style type=\"text\/css\">\r\n.xbvav69ee725769428 {\r\ntext-align: center;\r\n}\r\n@media screen and (min-width: 1201px) {\r\n.xbvav69ee725769428 {\r\ndisplay: none;\r\n}\r\n}\r\n@media screen and (min-width: 993px) and (max-width: 1200px) {\r\n.xbvav69ee725769428 {\r\ndisplay: none;\r\n}\r\n}\r\n@media screen and (min-width: 769px) and (max-width: 992px) {\r\n.xbvav69ee725769428 {\r\ndisplay: none;\r\n}\r\n}\r\n@media screen and (min-width: 768px) and (max-width: 768px) {\r\n.xbvav69ee725769428 {\r\ndisplay: block;\r\n}\r\n}\r\n@media screen and (max-width: 767px) {\r\n.xbvav69ee725769428 {\r\ndisplay: block;\r\n}\r\n}\r\n<\/style>\r\n<div class=\"mynic69ee72576940c\" ><!--<a href=\"https:\/\/bit.ly\/3QdrqTZ\" target=\"_blank\">\n<img src=\"https:\/\/justicapotiguar.com.br\/wp-content\/uploads\/2023\/09\/desktop-geral.gif\"\/><a\/>--><\/div><style type=\"text\/css\">\r\n.mynic69ee72576940c {\r\ntext-align: center;\nmargin-bottom: 1em;\r\n}\r\n@media screen and (min-width: 1201px) {\r\n.mynic69ee72576940c {\r\ndisplay: block;\r\n}\r\n}\r\n@media screen and (min-width: 993px) and (max-width: 1200px) {\r\n.mynic69ee72576940c {\r\ndisplay: block;\r\n}\r\n}\r\n@media screen and (min-width: 769px) and (max-width: 992px) {\r\n.mynic69ee72576940c {\r\ndisplay: block;\r\n}\r\n}\r\n@media screen and (min-width: 768px) and (max-width: 768px) {\r\n.mynic69ee72576940c {\r\ndisplay: none;\r\n}\r\n}\r\n@media screen and (max-width: 767px) {\r\n.mynic69ee72576940c {\r\ndisplay: none;\r\n}\r\n}\r\n<\/style>\r\n\n\n\n\n<p>Na grava\u00e7\u00e3o, o desembargador chama um dos guardas de &#8220;analfabeto&#8221; e rasga a multa de R$ 100, como previa o decreto estabelecido pela Prefeitura de Santos.<\/p>\n\n\n\n<p>CNN Brasil<\/p>\n","protected":false},"excerpt":{"rendered":"<p>A Corte Especial do Superior Tribunal de Justi\u00e7a (STJ) decidiu nesta quarta-feira (16) autorizar a abertura de um inqu\u00e9rito contra o desembargador Eduardo Siqueira, do Tribunal de Justi\u00e7a de S\u00e3o Paulo (TJ-SP). Siqueira foi flagrado em julho ofendendo guardas municipais de Santos (SP) ap\u00f3s ser multado por n\u00e3o utilizar m\u00e1scara de prote\u00e7\u00e3o individual. Inicialmente, o<br \/><a class=\"more-link\" href=\"https:\/\/justicapotiguar.com.br\/index.php\/2020\/12\/17\/stj-abre-inquerito-contra-desembargador-que-ofendeu-guarda-apos-ser-multado\/\">Mais&#8230;<\/a><\/p>\n","protected":false},"author":5,"featured_media":7407,"comment_status":"open","ping_status":"open","sticky":false,"template":"","format":"standard","meta":[],"categories":[3],"tags":[],"_links":{"self":[{"href":"https:\/\/justicapotiguar.com.br\/index.php\/wp-json\/wp\/v2\/posts\/15416"}],"collection":[{"href":"https:\/\/justicapotiguar.com.br\/index.php\/wp-json\/wp\/v2\/posts"}],"about":[{"href":"https:\/\/justicapotiguar.com.br\/index.php\/wp-json\/wp\/v2\/types\/post"}],"author":[{"embeddable":true,"href":"https:\/\/justicapotiguar.com.br\/index.php\/wp-json\/wp\/v2\/users\/5"}],"replies":[{"embeddable":true,"href":"https:\/\/justicapotiguar.com.br\/index.php\/wp-json\/wp\/v2\/comments?post=15416"}],"version-history":[{"count":1,"href":"https:\/\/justicapotiguar.com.br\/index.php\/wp-json\/wp\/v2\/posts\/15416\/revisions"}],"predecessor-version":[{"id":15417,"href":"https:\/\/justicapotiguar.com.br\/index.php\/wp-json\/wp\/v2\/posts\/15416\/revisions\/15417"}],"wp:featuredmedia":[{"embeddable":true,"href":"https:\/\/justicapotiguar.com.br\/index.php\/wp-json\/wp\/v2\/media\/7407"}],"wp:attachment":[{"href":"https:\/\/justicapotiguar.com.br\/index.php\/wp-json\/wp\/v2\/media?parent=15416"}],"wp:term":[{"taxonomy":"category","embeddable":true,"href":"https:\/\/justicapotiguar.com.br\/index.php\/wp-json\/wp\/v2\/categories?post=15416"},{"taxonomy":"post_tag","embeddable":true,"href":"https:\/\/justicapotiguar.com.br\/index.php\/wp-json\/wp\/v2\/tags?post=15416"}],"curies":[{"name":"wp","href":"https:\/\/api.w.org\/{rel}","templated":true}]}}