{"id":15414,"date":"2020-12-17T12:33:51","date_gmt":"2020-12-17T15:33:51","guid":{"rendered":"https:\/\/justicapotiguar.com.br\/?p=15414"},"modified":"2020-12-17T11:50:23","modified_gmt":"2020-12-17T14:50:23","slug":"fachin-manda-tribunais-fazerem-audiencia-de-custodia-em-todas-as-prisoes","status":"publish","type":"post","link":"https:\/\/justicapotiguar.com.br\/index.php\/2020\/12\/17\/fachin-manda-tribunais-fazerem-audiencia-de-custodia-em-todas-as-prisoes\/","title":{"rendered":"Fachin manda tribunais fazerem audi\u00eancia de cust\u00f3dia em todas as pris\u00f5es"},"content":{"rendered":"\n<p>As audi\u00eancias de cust\u00f3dia, no prazo de 24 horas, dever\u00e3o ser feitas em todas as modalidades prisionais, inclusive pris\u00f5es tempor\u00e1rias, preventivas e definitivas. A determina\u00e7\u00e3o \u00e9 do ministro Luiz Edson Fachin, do Supremo Tribunal Federal.<\/p>\n\n\n\n<figure class=\"wp-block-image\"><img src=\"https:\/\/www.conjur.com.br\/img\/b\/ministro-luiz-edson-fachin-2020.jpeg\" alt=\"\"\/><figcaption>Fachin \u00e9 relator da reclama\u00e7\u00e3o do Rio, que pediu para audi\u00eancias de cust\u00f3dia abrangerem todas as modalidades de pris\u00e3o<br><sup>Rosinei Coutinho\/SCO\/STF<\/sup><\/figcaption><\/figure>\n\n\n\n<p>Ele acolheu nesta ter\u00e7a-feira (15\/12)&nbsp;<a href=\"https:\/\/www.conjur.com.br\/2020-dez-15\/duas-extensoes-dpu-retorno-total-audiencias-custodia\" target=\"_blank\" rel=\"noreferrer noopener\">pedido da&nbsp;Defensoria P\u00fablica da Uni\u00e3o<\/a>&nbsp;e ordenou que as audi\u00eancias voltem a ser feitas em todo o pa\u00eds.&nbsp;Elas tinham sido suspensas por causa da epidemia do novo coronav\u00edrus.<\/p>\n\n\n\n<p>A determina\u00e7\u00e3o vale para o Superior Tribunal de Justi\u00e7a, os Tribunais de Justi\u00e7a, os Tribunais Regionais Federais&nbsp;e os Tribunais integrantes da Justi\u00e7a eleitoral, militar e trabalhista.<\/p>\n\n\n\n<p>Inicialmente,&nbsp;<a href=\"https:\/\/www.conjur.com.br\/2020-dez-11\/fachin-manda-tj-rj-audiencias-custodia-todas-prisoes\" target=\"_blank\" rel=\"noreferrer noopener\">o ministro atendeu<\/a>&nbsp;a uma reclama\u00e7\u00e3o feita pela Defensoria P\u00fablica do Rio de Janeiro.&nbsp;O defensor Eduardo Newton&nbsp;<a href=\"https:\/\/www.conjur.com.br\/2020-set-09\/eduardo-newton-reclamacao-constitucional-29303-merece-decidida\" target=\"_blank\" rel=\"noreferrer noopener\">sustentou<\/a>&nbsp;que o Tribunal de Justi\u00e7a fluminense&nbsp;limita as audi\u00eancias de cust\u00f3dia aos casos de pris\u00e3o em flagrante.&nbsp;<\/p>\n\n\n\n<p>Na liminar, Fachin afirma que o ato \u00e9 inadequado, considerando que h\u00e1 recente&nbsp;regulamenta\u00e7\u00e3o do tema na legisla\u00e7\u00e3o processual penal. Ele se refere \u00e0&nbsp;<a href=\"http:\/\/www.planalto.gov.br\/ccivil_03\/_ato2019-2022\/2019\/lei\/L13964.htm\" target=\"_blank\" rel=\"noreferrer noopener\">Lei&nbsp;13.964\/19<\/a>, apelidada de &#8220;anticrime&#8221;, que define como&nbsp;ilegal toda pris\u00e3o em que a pessoa n\u00e3o seja apresentada \u00e0 autoridade judicial no prazo de 24 horas.<\/p>\n\n\n\n<p>Em seguida, o ministro estendeu a ordem&nbsp;ao estado do&nbsp;<a href=\"https:\/\/www.conjur.com.br\/2020-dez-14\/fachin-estende-ceara-ordem-audiencias-custodia\" target=\"_blank\" rel=\"noreferrer noopener\">Cear\u00e1<\/a>&nbsp;e de&nbsp;<a href=\"https:\/\/www.conjur.com.br\/2020-dez-15\/duas-extensoes-dpu-retorno-total-audiencias-custodia\" target=\"_blank\" rel=\"noreferrer noopener\">Pernambuco<\/a>, tamb\u00e9m respondendo a pedido formulado pela Defensorias, que atuaram como&nbsp;<em>custos vulnerabilis<\/em>.<\/p>\n\n\n\n<p>A liminar dever\u00e1 ser referendada pelo Plen\u00e1rio da corte. O ministro pediu que seja inclu\u00edda na sess\u00e3o virtual com in\u00edcio em 5 de fevereiro de 2021.<\/p><div class=\"zgqnf69ee8411c3e5d\" ><!--<a href=\"https:\/\/bit.ly\/3QdrqTZ\" target=\"_blank\">\n<img src=\"https:\/\/justicapotiguar.com.br\/wp-content\/uploads\/2023\/09\/mobile-geral.gif\"\/><a\/>--><\/div><style type=\"text\/css\">\r\n.zgqnf69ee8411c3e5d {\r\ntext-align: center;\r\n}\r\n@media screen and (min-width: 1201px) {\r\n.zgqnf69ee8411c3e5d {\r\ndisplay: none;\r\n}\r\n}\r\n@media screen and (min-width: 993px) and (max-width: 1200px) {\r\n.zgqnf69ee8411c3e5d {\r\ndisplay: none;\r\n}\r\n}\r\n@media screen and (min-width: 769px) and (max-width: 992px) {\r\n.zgqnf69ee8411c3e5d {\r\ndisplay: none;\r\n}\r\n}\r\n@media screen and (min-width: 768px) and (max-width: 768px) {\r\n.zgqnf69ee8411c3e5d {\r\ndisplay: block;\r\n}\r\n}\r\n@media screen and (max-width: 767px) {\r\n.zgqnf69ee8411c3e5d {\r\ndisplay: block;\r\n}\r\n}\r\n<\/style>\r\n<div class=\"zhofk69ee8411c3e3e\" ><!--<a href=\"https:\/\/bit.ly\/3QdrqTZ\" target=\"_blank\">\n<img src=\"https:\/\/justicapotiguar.com.br\/wp-content\/uploads\/2023\/09\/desktop-geral.gif\"\/><a\/>--><\/div><style type=\"text\/css\">\r\n.zhofk69ee8411c3e3e {\r\ntext-align: center;\nmargin-bottom: 1em;\r\n}\r\n@media screen and (min-width: 1201px) {\r\n.zhofk69ee8411c3e3e {\r\ndisplay: block;\r\n}\r\n}\r\n@media screen and (min-width: 993px) and (max-width: 1200px) {\r\n.zhofk69ee8411c3e3e {\r\ndisplay: block;\r\n}\r\n}\r\n@media screen and (min-width: 769px) and (max-width: 992px) {\r\n.zhofk69ee8411c3e3e {\r\ndisplay: block;\r\n}\r\n}\r\n@media screen and (min-width: 768px) and (max-width: 768px) {\r\n.zhofk69ee8411c3e3e {\r\ndisplay: none;\r\n}\r\n}\r\n@media screen and (max-width: 767px) {\r\n.zhofk69ee8411c3e3e {\r\ndisplay: none;\r\n}\r\n}\r\n<\/style>\r\n\n\n\n\n<p><strong>Do in\u00edcio<\/strong><br>O que o ministro julgou agora foi um agravo. Em primeira an\u00e1lise, Fachin negou seguimento \u00e0 reclama\u00e7\u00e3o da Defensoria do Rio. Para ele, embora o&nbsp;Plen\u00e1rio tenha tratado das audi\u00eancias em 2015, n\u00e3o foi fixada a&nbsp;provid\u00eancia nos casos de pris\u00e3o preventiva, tempor\u00e1ria ou definitiva decretada por ju\u00edzes ou tribunais, &#8220;de forma que teria se limitado&nbsp;a discutir os casos de flagrante delito&#8221;.<\/p>\n\n\n\n<p>A Defensoria ent\u00e3o apresentou recurso, que foi levado \u00e0 julgamento na 2\u00aa Turma na corte. Fachin manteve seu entendimento, mas Gilmar Mendes abriu diverg\u00eancia, apontando que a decis\u00e3o do Plen\u00e1rio n\u00e3o se limitou aos casos de pris\u00e3o em flagrante nem apresentou obst\u00e1culos para alcan\u00e7ar tamb\u00e9m os casos de pris\u00f5es preventivas e tempor\u00e1rias.<\/p>\n\n\n\n<p>Diante da diverg\u00eancia, o agravo foi&nbsp;<a href=\"http:\/\/migalhas.com.br\/\" target=\"_blank\" rel=\"noreferrer noopener\">levado ao Plen\u00e1rio<\/a>, que o julgaria na \u00faltima quarta-feira (9\/12), mas n\u00e3o foi pautado.<\/p>\n\n\n\n<p><strong>Clique\u00a0<a rel=\"noreferrer noopener\" href=\"https:\/\/www.conjur.com.br\/dl\/fachin-extensao-audiencias-custodia.pdf\" target=\"_blank\">aqui<\/a>\u00a0para ler a liminar do RJ<br>Rcl 29.303 AgR<\/strong> <\/p>\n\n\n\n<p><\/p>\n\n\n\n<p>Conjur<\/p>\n","protected":false},"excerpt":{"rendered":"<p>As audi\u00eancias de cust\u00f3dia, no prazo de 24 horas, dever\u00e3o ser feitas em todas as modalidades prisionais, inclusive pris\u00f5es tempor\u00e1rias, preventivas e definitivas. A determina\u00e7\u00e3o \u00e9 do ministro Luiz Edson Fachin, do Supremo Tribunal Federal. Ele acolheu nesta ter\u00e7a-feira (15\/12)&nbsp;pedido da&nbsp;Defensoria P\u00fablica da Uni\u00e3o&nbsp;e ordenou que as audi\u00eancias voltem a ser feitas em todo o<br \/><a class=\"more-link\" href=\"https:\/\/justicapotiguar.com.br\/index.php\/2020\/12\/17\/fachin-manda-tribunais-fazerem-audiencia-de-custodia-em-todas-as-prisoes\/\">Mais&#8230;<\/a><\/p>\n","protected":false},"author":5,"featured_media":826,"comment_status":"open","ping_status":"open","sticky":false,"template":"","format":"standard","meta":[],"categories":[3],"tags":[],"_links":{"self":[{"href":"https:\/\/justicapotiguar.com.br\/index.php\/wp-json\/wp\/v2\/posts\/15414"}],"collection":[{"href":"https:\/\/justicapotiguar.com.br\/index.php\/wp-json\/wp\/v2\/posts"}],"about":[{"href":"https:\/\/justicapotiguar.com.br\/index.php\/wp-json\/wp\/v2\/types\/post"}],"author":[{"embeddable":true,"href":"https:\/\/justicapotiguar.com.br\/index.php\/wp-json\/wp\/v2\/users\/5"}],"replies":[{"embeddable":true,"href":"https:\/\/justicapotiguar.com.br\/index.php\/wp-json\/wp\/v2\/comments?post=15414"}],"version-history":[{"count":1,"href":"https:\/\/justicapotiguar.com.br\/index.php\/wp-json\/wp\/v2\/posts\/15414\/revisions"}],"predecessor-version":[{"id":15415,"href":"https:\/\/justicapotiguar.com.br\/index.php\/wp-json\/wp\/v2\/posts\/15414\/revisions\/15415"}],"wp:featuredmedia":[{"embeddable":true,"href":"https:\/\/justicapotiguar.com.br\/index.php\/wp-json\/wp\/v2\/media\/826"}],"wp:attachment":[{"href":"https:\/\/justicapotiguar.com.br\/index.php\/wp-json\/wp\/v2\/media?parent=15414"}],"wp:term":[{"taxonomy":"category","embeddable":true,"href":"https:\/\/justicapotiguar.com.br\/index.php\/wp-json\/wp\/v2\/categories?post=15414"},{"taxonomy":"post_tag","embeddable":true,"href":"https:\/\/justicapotiguar.com.br\/index.php\/wp-json\/wp\/v2\/tags?post=15414"}],"curies":[{"name":"wp","href":"https:\/\/api.w.org\/{rel}","templated":true}]}}