{"id":15409,"date":"2020-12-17T10:13:54","date_gmt":"2020-12-17T13:13:54","guid":{"rendered":"https:\/\/justicapotiguar.com.br\/?p=15409"},"modified":"2020-12-17T17:09:01","modified_gmt":"2020-12-17T20:09:01","slug":"caso-kerinho-entra-na-pauta-do-tre-rn-e-julgamento-pode-repercutir-na-vaga-de-beto-rosado-na-camara","status":"publish","type":"post","link":"https:\/\/justicapotiguar.com.br\/index.php\/2020\/12\/17\/caso-kerinho-entra-na-pauta-do-tre-rn-e-julgamento-pode-repercutir-na-vaga-de-beto-rosado-na-camara\/","title":{"rendered":"&#8216;Caso Kerinho&#8217; entra na pauta do TRE-RN e julgamento pode repercutir na vaga de Beto Rosado na C\u00e2mara"},"content":{"rendered":"\n<figure class=\"wp-block-image size-large\"><img loading=\"lazy\" width=\"602\" height=\"400\" src=\"https:\/\/justicapotiguar.com.br\/wp-content\/uploads\/2020\/03\/TRE-RN.jpg\" alt=\"\" class=\"wp-image-7252\" srcset=\"https:\/\/justicapotiguar.com.br\/wp-content\/uploads\/2020\/03\/TRE-RN.jpg 602w, https:\/\/justicapotiguar.com.br\/wp-content\/uploads\/2020\/03\/TRE-RN-300x199.jpg 300w\" sizes=\"(max-width: 602px) 100vw, 602px\" \/><figcaption>Reprodu\u00e7\u00e3o<\/figcaption><\/figure>\n\n\n\n<p>Est\u00e1 pautado para a sess\u00e3o do pr\u00f3ximo dia 22 de janeiro de 2021, no Plen\u00e1rio do Tribunal Regional Eleitoral (TRE-RN), o caso que ir\u00e1 analisar poss\u00edveis irregularidades no registro de candidatura de Kericles Alves, &#8220;Kerinho&#8221;, para deputado federal nas elei\u00e7\u00f5es de 2018. O julgamento pode causar repercuss\u00e3o na vaga de Beto Rosado (PP) que eventualmente perderia a cadeira com uma poss\u00edvel anula\u00e7\u00e3o dos votos de Kerinho, de forma que uma recontagem daria a vaga a Fernando Mineiro.<\/p>\n\n\n\n<p>Na sess\u00e3o, o relator do caso, juiz Ricardo Tinoco levar\u00e1 a vota\u00e7\u00e3o processos sobre embargos de declara\u00e7\u00e3o e o registro de candidatura de Kerinho. <\/p><div class=\"tufrs69ee75a8bbaa2\" ><!--<a href=\"https:\/\/bit.ly\/3QdrqTZ\" target=\"_blank\">\n<img src=\"https:\/\/justicapotiguar.com.br\/wp-content\/uploads\/2023\/09\/mobile-geral.gif\"\/><a\/>--><\/div><style type=\"text\/css\">\r\n.tufrs69ee75a8bbaa2 {\r\ntext-align: center;\r\n}\r\n@media screen and (min-width: 1201px) {\r\n.tufrs69ee75a8bbaa2 {\r\ndisplay: none;\r\n}\r\n}\r\n@media screen and (min-width: 993px) and (max-width: 1200px) {\r\n.tufrs69ee75a8bbaa2 {\r\ndisplay: none;\r\n}\r\n}\r\n@media screen and (min-width: 769px) and (max-width: 992px) {\r\n.tufrs69ee75a8bbaa2 {\r\ndisplay: none;\r\n}\r\n}\r\n@media screen and (min-width: 768px) and (max-width: 768px) {\r\n.tufrs69ee75a8bbaa2 {\r\ndisplay: block;\r\n}\r\n}\r\n@media screen and (max-width: 767px) {\r\n.tufrs69ee75a8bbaa2 {\r\ndisplay: block;\r\n}\r\n}\r\n<\/style>\r\n<div class=\"bmwiz69ee75a8bba8f\" ><!--<a href=\"https:\/\/bit.ly\/3QdrqTZ\" target=\"_blank\">\n<img src=\"https:\/\/justicapotiguar.com.br\/wp-content\/uploads\/2023\/09\/desktop-geral.gif\"\/><a\/>--><\/div><style type=\"text\/css\">\r\n.bmwiz69ee75a8bba8f {\r\ntext-align: center;\nmargin-bottom: 1em;\r\n}\r\n@media screen and (min-width: 1201px) {\r\n.bmwiz69ee75a8bba8f {\r\ndisplay: block;\r\n}\r\n}\r\n@media screen and (min-width: 993px) and (max-width: 1200px) {\r\n.bmwiz69ee75a8bba8f {\r\ndisplay: block;\r\n}\r\n}\r\n@media screen and (min-width: 769px) and (max-width: 992px) {\r\n.bmwiz69ee75a8bba8f {\r\ndisplay: block;\r\n}\r\n}\r\n@media screen and (min-width: 768px) and (max-width: 768px) {\r\n.bmwiz69ee75a8bba8f {\r\ndisplay: none;\r\n}\r\n}\r\n@media screen and (max-width: 767px) {\r\n.bmwiz69ee75a8bba8f {\r\ndisplay: none;\r\n}\r\n}\r\n<\/style>\r\n\n\n\n\n<p>O Justi\u00e7a Proiguar acompanha o caso desde o in\u00edcio, e ao longo do processo v\u00e1rios documentos foram apresentados comprovando que Kerinho infringiu a legisla\u00e7\u00e3o eleitoral ao n\u00e3o se desincompatibilizar do cargo p\u00fablico que tinha na Prefeitura de Monte Alegre para disputar o pleito.<\/p>\n","protected":false},"excerpt":{"rendered":"<p>Est\u00e1 pautado para a sess\u00e3o do pr\u00f3ximo dia 22 de janeiro de 2021, no Plen\u00e1rio do Tribunal Regional Eleitoral (TRE-RN), o caso que ir\u00e1 analisar poss\u00edveis irregularidades no registro de candidatura de Kericles Alves, &#8220;Kerinho&#8221;, para deputado federal nas elei\u00e7\u00f5es de 2018. O julgamento pode causar repercuss\u00e3o na vaga de Beto Rosado (PP) que eventualmente<br \/><a class=\"more-link\" href=\"https:\/\/justicapotiguar.com.br\/index.php\/2020\/12\/17\/caso-kerinho-entra-na-pauta-do-tre-rn-e-julgamento-pode-repercutir-na-vaga-de-beto-rosado-na-camara\/\">Mais&#8230;<\/a><\/p>\n","protected":false},"author":5,"featured_media":7252,"comment_status":"open","ping_status":"open","sticky":false,"template":"","format":"standard","meta":[],"categories":[3],"tags":[],"_links":{"self":[{"href":"https:\/\/justicapotiguar.com.br\/index.php\/wp-json\/wp\/v2\/posts\/15409"}],"collection":[{"href":"https:\/\/justicapotiguar.com.br\/index.php\/wp-json\/wp\/v2\/posts"}],"about":[{"href":"https:\/\/justicapotiguar.com.br\/index.php\/wp-json\/wp\/v2\/types\/post"}],"author":[{"embeddable":true,"href":"https:\/\/justicapotiguar.com.br\/index.php\/wp-json\/wp\/v2\/users\/5"}],"replies":[{"embeddable":true,"href":"https:\/\/justicapotiguar.com.br\/index.php\/wp-json\/wp\/v2\/comments?post=15409"}],"version-history":[{"count":2,"href":"https:\/\/justicapotiguar.com.br\/index.php\/wp-json\/wp\/v2\/posts\/15409\/revisions"}],"predecessor-version":[{"id":15440,"href":"https:\/\/justicapotiguar.com.br\/index.php\/wp-json\/wp\/v2\/posts\/15409\/revisions\/15440"}],"wp:featuredmedia":[{"embeddable":true,"href":"https:\/\/justicapotiguar.com.br\/index.php\/wp-json\/wp\/v2\/media\/7252"}],"wp:attachment":[{"href":"https:\/\/justicapotiguar.com.br\/index.php\/wp-json\/wp\/v2\/media?parent=15409"}],"wp:term":[{"taxonomy":"category","embeddable":true,"href":"https:\/\/justicapotiguar.com.br\/index.php\/wp-json\/wp\/v2\/categories?post=15409"},{"taxonomy":"post_tag","embeddable":true,"href":"https:\/\/justicapotiguar.com.br\/index.php\/wp-json\/wp\/v2\/tags?post=15409"}],"curies":[{"name":"wp","href":"https:\/\/api.w.org\/{rel}","templated":true}]}}