{"id":15407,"date":"2020-12-17T09:21:46","date_gmt":"2020-12-17T12:21:46","guid":{"rendered":"https:\/\/justicapotiguar.com.br\/?p=15407"},"modified":"2020-12-17T09:21:46","modified_gmt":"2020-12-17T12:21:46","slug":"e-agora-delator-nega-ter-dito-trecho-que-consta-em-denuncia-do-mpf-contra-esquema-de-vendas-de-sentencas-no-tjba","status":"publish","type":"post","link":"https:\/\/justicapotiguar.com.br\/index.php\/2020\/12\/17\/e-agora-delator-nega-ter-dito-trecho-que-consta-em-denuncia-do-mpf-contra-esquema-de-vendas-de-sentencas-no-tjba\/","title":{"rendered":"E AGORA? Delator nega ter dito trecho que consta em den\u00fancia do MPF contra esquema de vendas de senten\u00e7as no TJBA"},"content":{"rendered":"\n<p>J\u00falio C\u00e9sar Cavalcanti Ferreira, advogado que revelou como se dividia a suposta organiza\u00e7\u00e3o que negociava a venda de senten\u00e7as no TJ-BA (Tribunal de Justi\u00e7a da Bahia), enviou of\u00edcio ao STJ (Superior Tribunal de Justi\u00e7a) em que nega ter dito que Maur\u00edcio Teles Barbosa, secret\u00e1rio de Seguran\u00e7a P\u00fablica do Estado, e a chefe de gabinete dele, Gabriela Caldas Rosa de Macedo, integram\u00a0<em>\u201cum N\u00facleo de Defesa Social\u201d<\/em>.<\/p>\n\n\n\n<figure class=\"wp-block-image size-large\"><img loading=\"lazy\" width=\"640\" height=\"480\" src=\"https:\/\/justicapotiguar.com.br\/wp-content\/uploads\/2020\/06\/TJBA-sede.jpg\" alt=\"\" class=\"wp-image-10407\" srcset=\"https:\/\/justicapotiguar.com.br\/wp-content\/uploads\/2020\/06\/TJBA-sede.jpg 640w, https:\/\/justicapotiguar.com.br\/wp-content\/uploads\/2020\/06\/TJBA-sede-300x225.jpg 300w\" sizes=\"(max-width: 640px) 100vw, 640px\" \/><figcaption>Reprodu\u00e7\u00e3o<\/figcaption><\/figure>\n\n\n\n<p>Leia a&nbsp;<a href=\"https:\/\/static.poder360.com.br\/2020\/12\/peticao-delator-Faroeste-nucleo-de-defesa-social.pdf\" target=\"_blank\" rel=\"noreferrer noopener\">\u00edntegra<\/a>&nbsp;(2 mb) da peti\u00e7\u00e3o do delator.<\/p>\n\n\n\n<p>No of\u00edcio, o advogado do colaborador cita trecho da decis\u00e3o (<a href=\"https:\/\/static.poder360.com.br\/2020\/12\/decisao-Og-Fernandes-Faroeste.pdf\" target=\"_blank\" rel=\"noreferrer noopener\">\u00edntegra<\/a>&nbsp;\u2013 4 mb) do ministro Og Fernandes, que afastou de suas fun\u00e7\u00f5es o secret\u00e1rio e sua chefe de gabinete. Ao tomar sua decis\u00e3o, o magistrado levou em conta a exist\u00eancia do suposto n\u00facleo.<\/p>\n\n\n\n<p><em>\u201cAparentemente, a SSP\/BA<\/em>&nbsp;[Secretaria de Seguran\u00e7a P\u00fablica da Bahia]&nbsp;<em>manipulava as opera\u00e7\u00f5es policiais no \u00e2mbito do Estado da Bahia, de maneira a favorecer os seus interesses il\u00edcitos, o que poderia envolver at\u00e9 mesmo grampos ilegais para chantagear opositores\u201d<\/em>, escreveu Og em seu despacho.<\/p><div class=\"jqgyz69ee743ca5a1f\" ><!--<a href=\"https:\/\/bit.ly\/3QdrqTZ\" target=\"_blank\">\n<img src=\"https:\/\/justicapotiguar.com.br\/wp-content\/uploads\/2023\/09\/mobile-geral.gif\"\/><a\/>--><\/div><style type=\"text\/css\">\r\n.jqgyz69ee743ca5a1f {\r\ntext-align: center;\r\n}\r\n@media screen and (min-width: 1201px) {\r\n.jqgyz69ee743ca5a1f {\r\ndisplay: none;\r\n}\r\n}\r\n@media screen and (min-width: 993px) and (max-width: 1200px) {\r\n.jqgyz69ee743ca5a1f {\r\ndisplay: none;\r\n}\r\n}\r\n@media screen and (min-width: 769px) and (max-width: 992px) {\r\n.jqgyz69ee743ca5a1f {\r\ndisplay: none;\r\n}\r\n}\r\n@media screen and (min-width: 768px) and (max-width: 768px) {\r\n.jqgyz69ee743ca5a1f {\r\ndisplay: block;\r\n}\r\n}\r\n@media screen and (max-width: 767px) {\r\n.jqgyz69ee743ca5a1f {\r\ndisplay: block;\r\n}\r\n}\r\n<\/style>\r\n<div class=\"yixzb69ee743ca5a01\" ><!--<a href=\"https:\/\/bit.ly\/3QdrqTZ\" target=\"_blank\">\n<img src=\"https:\/\/justicapotiguar.com.br\/wp-content\/uploads\/2023\/09\/desktop-geral.gif\"\/><a\/>--><\/div><style type=\"text\/css\">\r\n.yixzb69ee743ca5a01 {\r\ntext-align: center;\nmargin-bottom: 1em;\r\n}\r\n@media screen and (min-width: 1201px) {\r\n.yixzb69ee743ca5a01 {\r\ndisplay: block;\r\n}\r\n}\r\n@media screen and (min-width: 993px) and (max-width: 1200px) {\r\n.yixzb69ee743ca5a01 {\r\ndisplay: block;\r\n}\r\n}\r\n@media screen and (min-width: 769px) and (max-width: 992px) {\r\n.yixzb69ee743ca5a01 {\r\ndisplay: block;\r\n}\r\n}\r\n@media screen and (min-width: 768px) and (max-width: 768px) {\r\n.yixzb69ee743ca5a01 {\r\ndisplay: none;\r\n}\r\n}\r\n@media screen and (max-width: 767px) {\r\n.yixzb69ee743ca5a01 {\r\ndisplay: none;\r\n}\r\n}\r\n<\/style>\r\n\n\n\n\n<p>O delator, no entanto, nega que tenha atribu\u00eddo a atividade criminosa aos 2 servidores afastados. Pediu ao ministro que desconsidere tal afirma\u00e7\u00e3o pois ele n\u00e3o pode&nbsp;<em>\u201ccomprovar tais fatos\u201d<\/em>,&nbsp;<em>\u201ctemendo por eventuais repres\u00e1lias contra a sua pessoa\u201d<\/em>.<\/p>\n\n\n\n<p><em>\u201cAs pessoas investigadas e citadas nos trechos acima n\u00e3o foram indicadas no bojo da dela\u00e7\u00e3o em nenhum dos 25 (vinte e cinco) anexos encartados ao procedimento de colabora\u00e7\u00e3o premiada, j\u00e1 homologado por este Superior Tribunal de Justi\u00e7a. A divulga\u00e7\u00e3o destes fatos tornou ainda mais vulner\u00e1vel a vida do peticionante e de sua fam\u00edlia, e a finalidade deste esclarecimento para al\u00e9m de manter sua postura colaborativa no processo serve tamb\u00e9m para se resguardar de qualquer falsa imputa\u00e7\u00e3o com base no art. 19 da\u00a0<a rel=\"noreferrer noopener\" href=\"http:\/\/www.planalto.gov.br\/ccivil_03\/_ato2011-2014\/2013\/lei\/l12850.htm\" target=\"_blank\">Lei 12.850\/13<\/a>\u201c,\u00a0<\/em>escreve a defesa.<\/p>\n\n\n\n<p>O advogado do delator tamb\u00e9m diz que \u00e9\u00a0<em>\u201cnormal\u201d<\/em>\u00a0que do material de investiga\u00e7\u00e3o se encontre provas de\u00a0<em>\u201cmais e mais crimes praticados por outros agentes\u201d<\/em>, mas que eles\u00a0<em>\u201cn\u00e3o foram originalmente\u00a0apontados pelo colaborador\u201d<\/em>. <\/p>\n\n\n\n<p>Poder 360<\/p>\n","protected":false},"excerpt":{"rendered":"<p>J\u00falio C\u00e9sar Cavalcanti Ferreira, advogado que revelou como se dividia a suposta organiza\u00e7\u00e3o que negociava a venda de senten\u00e7as no TJ-BA (Tribunal de Justi\u00e7a da Bahia), enviou of\u00edcio ao STJ (Superior Tribunal de Justi\u00e7a) em que nega ter dito que Maur\u00edcio Teles Barbosa, secret\u00e1rio de Seguran\u00e7a P\u00fablica do Estado, e a chefe de gabinete dele,<br \/><a class=\"more-link\" href=\"https:\/\/justicapotiguar.com.br\/index.php\/2020\/12\/17\/e-agora-delator-nega-ter-dito-trecho-que-consta-em-denuncia-do-mpf-contra-esquema-de-vendas-de-sentencas-no-tjba\/\">Mais&#8230;<\/a><\/p>\n","protected":false},"author":5,"featured_media":10407,"comment_status":"open","ping_status":"open","sticky":false,"template":"","format":"standard","meta":[],"categories":[3],"tags":[],"_links":{"self":[{"href":"https:\/\/justicapotiguar.com.br\/index.php\/wp-json\/wp\/v2\/posts\/15407"}],"collection":[{"href":"https:\/\/justicapotiguar.com.br\/index.php\/wp-json\/wp\/v2\/posts"}],"about":[{"href":"https:\/\/justicapotiguar.com.br\/index.php\/wp-json\/wp\/v2\/types\/post"}],"author":[{"embeddable":true,"href":"https:\/\/justicapotiguar.com.br\/index.php\/wp-json\/wp\/v2\/users\/5"}],"replies":[{"embeddable":true,"href":"https:\/\/justicapotiguar.com.br\/index.php\/wp-json\/wp\/v2\/comments?post=15407"}],"version-history":[{"count":1,"href":"https:\/\/justicapotiguar.com.br\/index.php\/wp-json\/wp\/v2\/posts\/15407\/revisions"}],"predecessor-version":[{"id":15408,"href":"https:\/\/justicapotiguar.com.br\/index.php\/wp-json\/wp\/v2\/posts\/15407\/revisions\/15408"}],"wp:featuredmedia":[{"embeddable":true,"href":"https:\/\/justicapotiguar.com.br\/index.php\/wp-json\/wp\/v2\/media\/10407"}],"wp:attachment":[{"href":"https:\/\/justicapotiguar.com.br\/index.php\/wp-json\/wp\/v2\/media?parent=15407"}],"wp:term":[{"taxonomy":"category","embeddable":true,"href":"https:\/\/justicapotiguar.com.br\/index.php\/wp-json\/wp\/v2\/categories?post=15407"},{"taxonomy":"post_tag","embeddable":true,"href":"https:\/\/justicapotiguar.com.br\/index.php\/wp-json\/wp\/v2\/tags?post=15407"}],"curies":[{"name":"wp","href":"https:\/\/api.w.org\/{rel}","templated":true}]}}