{"id":15405,"date":"2020-12-17T09:04:37","date_gmt":"2020-12-17T12:04:37","guid":{"rendered":"https:\/\/justicapotiguar.com.br\/?p=15405"},"modified":"2020-12-17T08:07:00","modified_gmt":"2020-12-17T11:07:00","slug":"tjrn-realiza-sessao-de-encerramento-do-ano-judiciario-nesta-sexta-18","status":"publish","type":"post","link":"https:\/\/justicapotiguar.com.br\/index.php\/2020\/12\/17\/tjrn-realiza-sessao-de-encerramento-do-ano-judiciario-nesta-sexta-18\/","title":{"rendered":"TJRN realiza sess\u00e3o de encerramento do ano judici\u00e1rio, nesta sexta (18)"},"content":{"rendered":"\n<figure class=\"wp-block-image size-large\"><img loading=\"lazy\" width=\"886\" height=\"591\" src=\"https:\/\/justicapotiguar.com.br\/wp-content\/uploads\/2019\/08\/Pleno-TJRN.jpg\" alt=\"\" class=\"wp-image-59\" srcset=\"https:\/\/justicapotiguar.com.br\/wp-content\/uploads\/2019\/08\/Pleno-TJRN.jpg 886w, https:\/\/justicapotiguar.com.br\/wp-content\/uploads\/2019\/08\/Pleno-TJRN-300x200.jpg 300w, https:\/\/justicapotiguar.com.br\/wp-content\/uploads\/2019\/08\/Pleno-TJRN-768x512.jpg 768w\" sizes=\"(max-width: 886px) 100vw, 886px\" \/><figcaption>Reprodu\u00e7\u00e3o<\/figcaption><\/figure>\n\n\n\n<p>O\u00a0Pleno do Tribunal de Justi\u00e7a realiza na sexta-feira (18), a partir das 10h, por sistema de videoconfer\u00eancia a sess\u00e3o de encerramento do Ano Judici\u00e1rio de 2020. A informa\u00e7\u00e3o foi divulgada pelo presidente do TJRN, desembargador Jo\u00e3o Rebou\u00e7as, durante a parte administrativa da sess\u00e3o ordin\u00e1ria da Corte, nessa quarta-feira (16).<\/p>\n\n\n\n<p>A posse dos novos dirigentes do Tribunal vai acontecer em sess\u00e3o por videoconfer\u00eancia, \u00e0s 17h, de 7 de janeiro, de forma virtual. Estar\u00e3o presentes apenas os desembargadores que ir\u00e3o tomar posse.<\/p>\n\n\n\n<p>Al\u00e9m disso, o dirigente do Poder Judici\u00e1rio potiguar adiantou que a solenidade virtual de inaugura\u00e7\u00e3o da nova sede do Tribunal de Justi\u00e7a vai ocorrer em 5 de janeiro, \u00e0s 10h, tamb\u00e9m como o uso de videoconfer\u00eancia, em virtude dos aspectos de biosseguran\u00e7a relacionados a pandemia do novo coronav\u00edrus.<\/p>\n\n\n\n<p>Ainda na sess\u00e3o, Jo\u00e3o Rebou\u00e7as prop\u00f4s o nome do desembargador aposentado Deusdedit Chaves Maia para o audit\u00f3rio do pr\u00e9dio sede, localizado no bairro de Nazar\u00e9, na regi\u00e3o Oeste de Natal.<\/p><div class=\"udxvs69ee741886a21\" ><!--<a href=\"https:\/\/bit.ly\/3QdrqTZ\" target=\"_blank\">\n<img src=\"https:\/\/justicapotiguar.com.br\/wp-content\/uploads\/2023\/09\/mobile-geral.gif\"\/><a\/>--><\/div><style type=\"text\/css\">\r\n.udxvs69ee741886a21 {\r\ntext-align: center;\r\n}\r\n@media screen and (min-width: 1201px) {\r\n.udxvs69ee741886a21 {\r\ndisplay: none;\r\n}\r\n}\r\n@media screen and (min-width: 993px) and (max-width: 1200px) {\r\n.udxvs69ee741886a21 {\r\ndisplay: none;\r\n}\r\n}\r\n@media screen and (min-width: 769px) and (max-width: 992px) {\r\n.udxvs69ee741886a21 {\r\ndisplay: none;\r\n}\r\n}\r\n@media screen and (min-width: 768px) and (max-width: 768px) {\r\n.udxvs69ee741886a21 {\r\ndisplay: block;\r\n}\r\n}\r\n@media screen and (max-width: 767px) {\r\n.udxvs69ee741886a21 {\r\ndisplay: block;\r\n}\r\n}\r\n<\/style>\r\n<div class=\"sdpwf69ee741886a0d\" ><!--<a href=\"https:\/\/bit.ly\/3QdrqTZ\" target=\"_blank\">\n<img src=\"https:\/\/justicapotiguar.com.br\/wp-content\/uploads\/2023\/09\/desktop-geral.gif\"\/><a\/>--><\/div><style type=\"text\/css\">\r\n.sdpwf69ee741886a0d {\r\ntext-align: center;\nmargin-bottom: 1em;\r\n}\r\n@media screen and (min-width: 1201px) {\r\n.sdpwf69ee741886a0d {\r\ndisplay: block;\r\n}\r\n}\r\n@media screen and (min-width: 993px) and (max-width: 1200px) {\r\n.sdpwf69ee741886a0d {\r\ndisplay: block;\r\n}\r\n}\r\n@media screen and (min-width: 769px) and (max-width: 992px) {\r\n.sdpwf69ee741886a0d {\r\ndisplay: block;\r\n}\r\n}\r\n@media screen and (min-width: 768px) and (max-width: 768px) {\r\n.sdpwf69ee741886a0d {\r\ndisplay: none;\r\n}\r\n}\r\n@media screen and (max-width: 767px) {\r\n.sdpwf69ee741886a0d {\r\ndisplay: none;\r\n}\r\n}\r\n<\/style>\r\n\n\n\n\n<p>O desembargador Amaury Moura ressaltou as qualidades de magistrado do desembargador Deusdedit Maia, que \u201cprestou servi\u00e7os \u00e0 magistratura do Rio Grande do Norte e do Brasil\u201d, pontuou o corregedor geral de Justi\u00e7a em posicionamento seguido pelos demais pares. \u201c\u00c9 uma homenagem oportuna, justa e merecida\u201d, acrescentou o magistrado decano da Corte.<\/p>\n\n\n\n<p>Por sugest\u00e3o da secret\u00e1ria judici\u00e1ria do Tribunal, Walte\u00edze Barbosa, os desembargadores tamb\u00e9m aprovaram o nome do servidor, Roberto Lima Barreto, falecido em setembro, para a sala dos oficiais de justi\u00e7a do novo pr\u00e9dio. O desembargador Am\u00edlcar Maia recordou o trabalho do oficial de justi\u00e7a e seu compromisso com o servi\u00e7o, quando tamb\u00e9m atuou no apoio ao Pleno do TJ.<\/p>\n\n\n\n<p>As duas proposi\u00e7\u00f5es foram acompanhadas \u00e0 unanimidade dos votos dos presentes.<\/p>\n\n\n\n<p>Durante a sess\u00e3o, foi anunciada tamb\u00e9m que a sess\u00e3o extraordin\u00e1ria e administrativa de abertura do Ano Judici\u00e1rio de 2021 do TJRN ser\u00e1 realizada por videoconfer\u00eancia em 13 de janeiro, e a primeira sess\u00e3o ordin\u00e1ria da Corte, com julgamento de processos, para 27 de janeiro, \u00e0s 9h, conforme o artigo 220 do CPC.<\/p>\n","protected":false},"excerpt":{"rendered":"<p>O\u00a0Pleno do Tribunal de Justi\u00e7a realiza na sexta-feira (18), a partir das 10h, por sistema de videoconfer\u00eancia a sess\u00e3o de encerramento do Ano Judici\u00e1rio de 2020. A informa\u00e7\u00e3o foi divulgada pelo presidente do TJRN, desembargador Jo\u00e3o Rebou\u00e7as, durante a parte administrativa da sess\u00e3o ordin\u00e1ria da Corte, nessa quarta-feira (16). A posse dos novos dirigentes do<br \/><a class=\"more-link\" href=\"https:\/\/justicapotiguar.com.br\/index.php\/2020\/12\/17\/tjrn-realiza-sessao-de-encerramento-do-ano-judiciario-nesta-sexta-18\/\">Mais&#8230;<\/a><\/p>\n","protected":false},"author":5,"featured_media":59,"comment_status":"open","ping_status":"open","sticky":false,"template":"","format":"standard","meta":[],"categories":[3],"tags":[],"_links":{"self":[{"href":"https:\/\/justicapotiguar.com.br\/index.php\/wp-json\/wp\/v2\/posts\/15405"}],"collection":[{"href":"https:\/\/justicapotiguar.com.br\/index.php\/wp-json\/wp\/v2\/posts"}],"about":[{"href":"https:\/\/justicapotiguar.com.br\/index.php\/wp-json\/wp\/v2\/types\/post"}],"author":[{"embeddable":true,"href":"https:\/\/justicapotiguar.com.br\/index.php\/wp-json\/wp\/v2\/users\/5"}],"replies":[{"embeddable":true,"href":"https:\/\/justicapotiguar.com.br\/index.php\/wp-json\/wp\/v2\/comments?post=15405"}],"version-history":[{"count":1,"href":"https:\/\/justicapotiguar.com.br\/index.php\/wp-json\/wp\/v2\/posts\/15405\/revisions"}],"predecessor-version":[{"id":15406,"href":"https:\/\/justicapotiguar.com.br\/index.php\/wp-json\/wp\/v2\/posts\/15405\/revisions\/15406"}],"wp:featuredmedia":[{"embeddable":true,"href":"https:\/\/justicapotiguar.com.br\/index.php\/wp-json\/wp\/v2\/media\/59"}],"wp:attachment":[{"href":"https:\/\/justicapotiguar.com.br\/index.php\/wp-json\/wp\/v2\/media?parent=15405"}],"wp:term":[{"taxonomy":"category","embeddable":true,"href":"https:\/\/justicapotiguar.com.br\/index.php\/wp-json\/wp\/v2\/categories?post=15405"},{"taxonomy":"post_tag","embeddable":true,"href":"https:\/\/justicapotiguar.com.br\/index.php\/wp-json\/wp\/v2\/tags?post=15405"}],"curies":[{"name":"wp","href":"https:\/\/api.w.org\/{rel}","templated":true}]}}