{"id":15402,"date":"2020-12-17T08:01:26","date_gmt":"2020-12-17T11:01:26","guid":{"rendered":"https:\/\/justicapotiguar.com.br\/?p=15402"},"modified":"2020-12-17T08:01:17","modified_gmt":"2020-12-17T11:01:17","slug":"justica-determina-que-turistas-deixem-a-cidade-de-buzios-rj-em-ate-72-horas","status":"publish","type":"post","link":"https:\/\/justicapotiguar.com.br\/index.php\/2020\/12\/17\/justica-determina-que-turistas-deixem-a-cidade-de-buzios-rj-em-ate-72-horas\/","title":{"rendered":"Justi\u00e7a determina que turistas deixem a cidade de B\u00fazios-RJ em at\u00e9 72 horas"},"content":{"rendered":"\n<p>O Tribunal de<a rel=\"noreferrer noopener\" href=\"https:\/\/buzios.rj.gov.br\/wp-content\/uploads\/2020\/12\/visualizarMandado-2020-12-16T134626.289.pdf\" target=\"_blank\">\u00a0<strong>Justi\u00e7a do Rio de Janeiro determinou, nesta quarta-feira (16), que B\u00fazios, na Regi\u00e3o dos Lagos do Rio, volte para a Bandeira Vermelha \u2013 Risco 3<\/strong><\/a>\u00a0de combate a pandemia da Covid-19. Para isso, os turistas que est\u00e3o na cidade devem deixar o munic\u00edpio em at\u00e9 72 horas.<\/p>\n\n\n\n<figure class=\"wp-block-image size-large\"><img loading=\"lazy\" width=\"1024\" height=\"576\" src=\"https:\/\/justicapotiguar.com.br\/wp-content\/uploads\/2020\/12\/whatsapp-image-2018-09-14-at-16.36.37-1024x576.jpeg\" alt=\"\" class=\"wp-image-15403\" srcset=\"https:\/\/justicapotiguar.com.br\/wp-content\/uploads\/2020\/12\/whatsapp-image-2018-09-14-at-16.36.37-1024x576.jpeg 1024w, https:\/\/justicapotiguar.com.br\/wp-content\/uploads\/2020\/12\/whatsapp-image-2018-09-14-at-16.36.37-300x169.jpeg 300w, https:\/\/justicapotiguar.com.br\/wp-content\/uploads\/2020\/12\/whatsapp-image-2018-09-14-at-16.36.37-768x432.jpeg 768w, https:\/\/justicapotiguar.com.br\/wp-content\/uploads\/2020\/12\/whatsapp-image-2018-09-14-at-16.36.37.jpeg 1200w\" sizes=\"(max-width: 1024px) 100vw, 1024px\" \/><figcaption>Reprodu\u00e7\u00e3o<\/figcaption><\/figure>\n\n\n\n<p>A&nbsp;bandeira vermelha sinaliza o risco muito elevado de colapso da rede de sa\u00fade&nbsp;e necessidade de isolamento social completo.<\/p>\n\n\n\n<p>De acordo com a determina\u00e7\u00e3o, hot\u00e9is, pousadas, pens\u00f5es, hostel, apartamentos de alugueis de temporada e similares n\u00e3o devem realizar novas hospedagens e\/ou reservas a partir desta quarta-feira (16) e os hot\u00e9is que tenham h\u00f3spedes em seus estabelecimentos tem o prazo de 72 horas para suspender as atividades e desocupar os quartos. A medida \u00e9 por prazo indeterminado.<\/p>\n\n\n\n<p>Al\u00e9m da paralisa\u00e7\u00e3o do setor tur\u00edstico,&nbsp;a decis\u00e3o leva a Prefeitura a retroagir imediatamente com todas as medidas de flexibiliza\u00e7\u00e3o&nbsp;adotadas at\u00e9 ent\u00e3o.<\/p>\n\n\n\n<p>De acordo com a Justi\u00e7a, o Decreto 1.366, de mar\u00e7o de 2020, deve voltar a vigorar a partir desta quinta-feira (17) at\u00e9 o fim de dezembro ou at\u00e9 que o munic\u00edpio cumpra as exig\u00eancias sanit\u00e1rias e administrativas estabelecidas no Termo de Ajustamento de Conduta (TAC) firmado pelo munic\u00edpio com a Defensoria P\u00fablica em junho de 2020, e que n\u00e3o teria sido cumprido at\u00e9 o momento.<\/p>\n\n\n\n<p>A determina\u00e7\u00e3o estabelece&nbsp;multa di\u00e1ria de R$ 100 mil em caso de descumprimento.<\/p>\n\n\n\n<p>A Prefeitura de B\u00fazios anunciou que vai cumprir a determina\u00e7\u00e3o judicial, enquanto o departamento jur\u00eddico analisa eventual recurso. De acordo com o governo municipal, desde o dia 21 de outubro, data em que a atual gest\u00e3o assumiu o governo, v\u00e1rios itens do TAC vem sendo cumpridos, como o aumento do n\u00famero de leitos de interna\u00e7\u00e3o para Covid-19 e a disponibiliza\u00e7\u00e3o de tenda de atendimento especial para pacientes com sintomas da doen\u00e7a.<\/p>\n\n\n\n<p><strong>Decreto<\/strong><\/p><div class=\"kyyst69eeaf738cd02\" ><!--<a href=\"https:\/\/bit.ly\/3QdrqTZ\" target=\"_blank\">\n<img src=\"https:\/\/justicapotiguar.com.br\/wp-content\/uploads\/2023\/09\/mobile-geral.gif\"\/><a\/>--><\/div><style type=\"text\/css\">\r\n.kyyst69eeaf738cd02 {\r\ntext-align: center;\r\n}\r\n@media screen and (min-width: 1201px) {\r\n.kyyst69eeaf738cd02 {\r\ndisplay: none;\r\n}\r\n}\r\n@media screen and (min-width: 993px) and (max-width: 1200px) {\r\n.kyyst69eeaf738cd02 {\r\ndisplay: none;\r\n}\r\n}\r\n@media screen and (min-width: 769px) and (max-width: 992px) {\r\n.kyyst69eeaf738cd02 {\r\ndisplay: none;\r\n}\r\n}\r\n@media screen and (min-width: 768px) and (max-width: 768px) {\r\n.kyyst69eeaf738cd02 {\r\ndisplay: block;\r\n}\r\n}\r\n@media screen and (max-width: 767px) {\r\n.kyyst69eeaf738cd02 {\r\ndisplay: block;\r\n}\r\n}\r\n<\/style>\r\n<div class=\"yjztl69eeaf738cce4\" ><!--<a href=\"https:\/\/bit.ly\/3QdrqTZ\" target=\"_blank\">\n<img src=\"https:\/\/justicapotiguar.com.br\/wp-content\/uploads\/2023\/09\/desktop-geral.gif\"\/><a\/>--><\/div><style type=\"text\/css\">\r\n.yjztl69eeaf738cce4 {\r\ntext-align: center;\nmargin-bottom: 1em;\r\n}\r\n@media screen and (min-width: 1201px) {\r\n.yjztl69eeaf738cce4 {\r\ndisplay: block;\r\n}\r\n}\r\n@media screen and (min-width: 993px) and (max-width: 1200px) {\r\n.yjztl69eeaf738cce4 {\r\ndisplay: block;\r\n}\r\n}\r\n@media screen and (min-width: 769px) and (max-width: 992px) {\r\n.yjztl69eeaf738cce4 {\r\ndisplay: block;\r\n}\r\n}\r\n@media screen and (min-width: 768px) and (max-width: 768px) {\r\n.yjztl69eeaf738cce4 {\r\ndisplay: none;\r\n}\r\n}\r\n@media screen and (max-width: 767px) {\r\n.yjztl69eeaf738cce4 {\r\ndisplay: none;\r\n}\r\n}\r\n<\/style>\r\n\n\n\n\n<p>O decreto 1.366 ao qual o Tribunal de Justi\u00e7a se refere estabelece o&nbsp;fechamento de praias, quadras poliesportivas, estabelecimentos comerciais e hot\u00e9is, pousadas e outros meios de hospedagem.<\/p>\n\n\n\n<p>Seguindo o decreto, os restaurantes da cidade voltam a funcionar somente em sistema de&nbsp;<em>delivery<\/em>&nbsp;e s\u00f3 est\u00e1 permitido o funcionamento de lojas que prestem servi\u00e7o essencial, como farm\u00e1cias, mercados, hortifrutigranjeiros, padarias, lojas de produtos para animais, distribuidoras de g\u00e1s e \u00e1gua mineral, respeitando a ocupa\u00e7\u00e3o m\u00e1xima de 30% de sua capacidade.<\/p>\n\n\n\n<p><strong>Aumento de casos de Covid-19<\/strong><\/p>\n\n\n\n<p>A determina\u00e7\u00e3o da Justi\u00e7a levou em conta um levantamento que revela o avan\u00e7o alarmante no n\u00famero da Covid-19 em B\u00fazios nos \u00faltimos meses.<\/p>\n\n\n\n<p>\u201cEm uma semana epidemiol\u00f3gica de outubro de 2020 tinha-se uma d\u00fazia de novos casos para quase uma d\u00fazia de leitos de U.T.I. alegadamente dispon\u00edveis\u201d, j\u00e1 em uma semana epidemiol\u00f3gica de dezembro de 2020, \u00e0s v\u00e9speras das comemora\u00e7\u00f5es de Natal e de R\u00e9veillon, segundo o documento \u201ctem-se 453 novos casos para a mesma \u2018quase-d\u00fazia\u2019 de leitos de U.T.I. alegadamente dispon\u00edveis, com um aumento de 3.775% no n\u00famero de novos casos em uma s\u00f3 semana, a serem amparados pelo mesmo sistema p\u00fablico de sa\u00fade municipal, no que concerne \u00e0s U. T. I\u201d, destacou a determina\u00e7\u00e3o.<\/p>\n\n\n\n<p>De acordo com o \u00faltimo boletim epidemiol\u00f3gico municipal, divulgado nesta quarta (16), desde o in\u00edcio da pandemia, B\u00fazios contabiliza 2.423 casos de Covid-19, com 25 \u00f3bitos causados pela doen\u00e7a.<\/p>\n\n\n\n<p>G1<\/p>\n","protected":false},"excerpt":{"rendered":"<p>O Tribunal de\u00a0Justi\u00e7a do Rio de Janeiro determinou, nesta quarta-feira (16), que B\u00fazios, na Regi\u00e3o dos Lagos do Rio, volte para a Bandeira Vermelha \u2013 Risco 3\u00a0de combate a pandemia da Covid-19. Para isso, os turistas que est\u00e3o na cidade devem deixar o munic\u00edpio em at\u00e9 72 horas. A&nbsp;bandeira vermelha sinaliza o risco muito elevado<br \/><a class=\"more-link\" href=\"https:\/\/justicapotiguar.com.br\/index.php\/2020\/12\/17\/justica-determina-que-turistas-deixem-a-cidade-de-buzios-rj-em-ate-72-horas\/\">Mais&#8230;<\/a><\/p>\n","protected":false},"author":5,"featured_media":15403,"comment_status":"open","ping_status":"open","sticky":false,"template":"","format":"standard","meta":[],"categories":[3],"tags":[],"_links":{"self":[{"href":"https:\/\/justicapotiguar.com.br\/index.php\/wp-json\/wp\/v2\/posts\/15402"}],"collection":[{"href":"https:\/\/justicapotiguar.com.br\/index.php\/wp-json\/wp\/v2\/posts"}],"about":[{"href":"https:\/\/justicapotiguar.com.br\/index.php\/wp-json\/wp\/v2\/types\/post"}],"author":[{"embeddable":true,"href":"https:\/\/justicapotiguar.com.br\/index.php\/wp-json\/wp\/v2\/users\/5"}],"replies":[{"embeddable":true,"href":"https:\/\/justicapotiguar.com.br\/index.php\/wp-json\/wp\/v2\/comments?post=15402"}],"version-history":[{"count":1,"href":"https:\/\/justicapotiguar.com.br\/index.php\/wp-json\/wp\/v2\/posts\/15402\/revisions"}],"predecessor-version":[{"id":15404,"href":"https:\/\/justicapotiguar.com.br\/index.php\/wp-json\/wp\/v2\/posts\/15402\/revisions\/15404"}],"wp:featuredmedia":[{"embeddable":true,"href":"https:\/\/justicapotiguar.com.br\/index.php\/wp-json\/wp\/v2\/media\/15403"}],"wp:attachment":[{"href":"https:\/\/justicapotiguar.com.br\/index.php\/wp-json\/wp\/v2\/media?parent=15402"}],"wp:term":[{"taxonomy":"category","embeddable":true,"href":"https:\/\/justicapotiguar.com.br\/index.php\/wp-json\/wp\/v2\/categories?post=15402"},{"taxonomy":"post_tag","embeddable":true,"href":"https:\/\/justicapotiguar.com.br\/index.php\/wp-json\/wp\/v2\/tags?post=15402"}],"curies":[{"name":"wp","href":"https:\/\/api.w.org\/{rel}","templated":true}]}}