{"id":15399,"date":"2020-12-17T07:10:25","date_gmt":"2020-12-17T10:10:25","guid":{"rendered":"https:\/\/justicapotiguar.com.br\/?p=15399"},"modified":"2020-12-17T07:10:25","modified_gmt":"2020-12-17T10:10:25","slug":"conheca-o-perfil-de-eduardo-rocha-novo-desembargador-do-trt-rn","status":"publish","type":"post","link":"https:\/\/justicapotiguar.com.br\/index.php\/2020\/12\/17\/conheca-o-perfil-de-eduardo-rocha-novo-desembargador-do-trt-rn\/","title":{"rendered":"Conhe\u00e7a o perfil de Eduardo Rocha, novo desembargador do TRT-RN"},"content":{"rendered":"\n<p>Escolhido nesta quinta-feira, 17, para ocupar a vaga de desembargador do Tribunal Regional do Trabalho da 21\u00aa Regi\u00e3o, pelo presidente Jair Bolsonaro, o advogado Eduardo Serrano Rocha tem uma trajet\u00f3ria reconhecida na advocacia trabalhista potiguar.<\/p>\n\n\n\n<figure class=\"wp-block-image size-large\"><img loading=\"lazy\" width=\"480\" height=\"640\" src=\"https:\/\/justicapotiguar.com.br\/wp-content\/uploads\/2020\/12\/images-16.jpeg\" alt=\"\" class=\"wp-image-15400\" srcset=\"https:\/\/justicapotiguar.com.br\/wp-content\/uploads\/2020\/12\/images-16.jpeg 480w, https:\/\/justicapotiguar.com.br\/wp-content\/uploads\/2020\/12\/images-16-225x300.jpeg 225w\" sizes=\"(max-width: 480px) 100vw, 480px\" \/><figcaption>Foto: Elpidio J\u00fanior<\/figcaption><\/figure>\n\n\n\n<p>Filho do ex-desembargador Jos\u00e9 Vasconcelos Rocha, Eduardo Rocha nasceu em Natal, tem 57 anos, dos quais mais de 35 anos de milit\u00e2ncia na advocacia trabalhista e quase 4 mil processos na Justi\u00e7a do Trabalho. <\/p>\n\n\n\n<p>Tem forma\u00e7\u00e3o acad\u00eamica com especializa\u00e7\u00e3o em Direito do Trabalho (FGV\/Rio) e em Direito do Trabalho e Processo do Trabalho (UFRN). Tamb\u00e9m \u00e9 ex-presidente da Associa\u00e7\u00e3o Norte-riograndense dos Advogados Trabalhistas (ANATRA) e j\u00e1 ocupou o posto de conselheiro da OAB\/RN, sendo por duas vezes conselheiro federal da OAB.\u00a0<\/p><div class=\"kevhr69ee8424c2aa3\" ><!--<a href=\"https:\/\/bit.ly\/3QdrqTZ\" target=\"_blank\">\n<img src=\"https:\/\/justicapotiguar.com.br\/wp-content\/uploads\/2023\/09\/mobile-geral.gif\"\/><a\/>--><\/div><style type=\"text\/css\">\r\n.kevhr69ee8424c2aa3 {\r\ntext-align: center;\r\n}\r\n@media screen and (min-width: 1201px) {\r\n.kevhr69ee8424c2aa3 {\r\ndisplay: none;\r\n}\r\n}\r\n@media screen and (min-width: 993px) and (max-width: 1200px) {\r\n.kevhr69ee8424c2aa3 {\r\ndisplay: none;\r\n}\r\n}\r\n@media screen and (min-width: 769px) and (max-width: 992px) {\r\n.kevhr69ee8424c2aa3 {\r\ndisplay: none;\r\n}\r\n}\r\n@media screen and (min-width: 768px) and (max-width: 768px) {\r\n.kevhr69ee8424c2aa3 {\r\ndisplay: block;\r\n}\r\n}\r\n@media screen and (max-width: 767px) {\r\n.kevhr69ee8424c2aa3 {\r\ndisplay: block;\r\n}\r\n}\r\n<\/style>\r\n<div class=\"ownty69ee8424c2a91\" ><!--<a href=\"https:\/\/bit.ly\/3QdrqTZ\" target=\"_blank\">\n<img src=\"https:\/\/justicapotiguar.com.br\/wp-content\/uploads\/2023\/09\/desktop-geral.gif\"\/><a\/>--><\/div><style type=\"text\/css\">\r\n.ownty69ee8424c2a91 {\r\ntext-align: center;\nmargin-bottom: 1em;\r\n}\r\n@media screen and (min-width: 1201px) {\r\n.ownty69ee8424c2a91 {\r\ndisplay: block;\r\n}\r\n}\r\n@media screen and (min-width: 993px) and (max-width: 1200px) {\r\n.ownty69ee8424c2a91 {\r\ndisplay: block;\r\n}\r\n}\r\n@media screen and (min-width: 769px) and (max-width: 992px) {\r\n.ownty69ee8424c2a91 {\r\ndisplay: block;\r\n}\r\n}\r\n@media screen and (min-width: 768px) and (max-width: 768px) {\r\n.ownty69ee8424c2a91 {\r\ndisplay: none;\r\n}\r\n}\r\n@media screen and (max-width: 767px) {\r\n.ownty69ee8424c2a91 {\r\ndisplay: none;\r\n}\r\n}\r\n<\/style>\r\n\n\n\n\n<p>Figurou como segundo nome na Lista Tr\u00edplice para ocupar a vaga do Quinto Constitucional da OAB no TRT-RN, enfrentou longa batalha que foi parar no CNJ para ter sua entrada na lista referendada com a anula\u00e7\u00e3o do voto do presidente do TRT-RN, Bento Herculano que desempatava a disputa votando na ex-mulher, Marisa Almeida.<\/p>\n\n\n\n<p>Eduardo Rocha tamb\u00e9m \u00e9 figura conhecida no desporto potiguar tendo sido presidenre do Am\u00e9rica Futebol Clube.<\/p>\n","protected":false},"excerpt":{"rendered":"<p>Escolhido nesta quinta-feira, 17, para ocupar a vaga de desembargador do Tribunal Regional do Trabalho da 21\u00aa Regi\u00e3o, pelo presidente Jair Bolsonaro, o advogado Eduardo Serrano Rocha tem uma trajet\u00f3ria reconhecida na advocacia trabalhista potiguar. Filho do ex-desembargador Jos\u00e9 Vasconcelos Rocha, Eduardo Rocha nasceu em Natal, tem 57 anos, dos quais mais de 35 anos<br \/><a class=\"more-link\" href=\"https:\/\/justicapotiguar.com.br\/index.php\/2020\/12\/17\/conheca-o-perfil-de-eduardo-rocha-novo-desembargador-do-trt-rn\/\">Mais&#8230;<\/a><\/p>\n","protected":false},"author":5,"featured_media":15400,"comment_status":"open","ping_status":"open","sticky":false,"template":"","format":"standard","meta":[],"categories":[3],"tags":[],"_links":{"self":[{"href":"https:\/\/justicapotiguar.com.br\/index.php\/wp-json\/wp\/v2\/posts\/15399"}],"collection":[{"href":"https:\/\/justicapotiguar.com.br\/index.php\/wp-json\/wp\/v2\/posts"}],"about":[{"href":"https:\/\/justicapotiguar.com.br\/index.php\/wp-json\/wp\/v2\/types\/post"}],"author":[{"embeddable":true,"href":"https:\/\/justicapotiguar.com.br\/index.php\/wp-json\/wp\/v2\/users\/5"}],"replies":[{"embeddable":true,"href":"https:\/\/justicapotiguar.com.br\/index.php\/wp-json\/wp\/v2\/comments?post=15399"}],"version-history":[{"count":1,"href":"https:\/\/justicapotiguar.com.br\/index.php\/wp-json\/wp\/v2\/posts\/15399\/revisions"}],"predecessor-version":[{"id":15401,"href":"https:\/\/justicapotiguar.com.br\/index.php\/wp-json\/wp\/v2\/posts\/15399\/revisions\/15401"}],"wp:featuredmedia":[{"embeddable":true,"href":"https:\/\/justicapotiguar.com.br\/index.php\/wp-json\/wp\/v2\/media\/15400"}],"wp:attachment":[{"href":"https:\/\/justicapotiguar.com.br\/index.php\/wp-json\/wp\/v2\/media?parent=15399"}],"wp:term":[{"taxonomy":"category","embeddable":true,"href":"https:\/\/justicapotiguar.com.br\/index.php\/wp-json\/wp\/v2\/categories?post=15399"},{"taxonomy":"post_tag","embeddable":true,"href":"https:\/\/justicapotiguar.com.br\/index.php\/wp-json\/wp\/v2\/tags?post=15399"}],"curies":[{"name":"wp","href":"https:\/\/api.w.org\/{rel}","templated":true}]}}