{"id":15282,"date":"2020-12-13T10:14:21","date_gmt":"2020-12-13T13:14:21","guid":{"rendered":"https:\/\/justicapotiguar.com.br\/?p=15282"},"modified":"2020-12-12T13:16:14","modified_gmt":"2020-12-12T16:16:14","slug":"novos-dirigentes-do-tce-rn-serao-empossados-em-sessao-telepresencial-no-dia-16","status":"publish","type":"post","link":"https:\/\/justicapotiguar.com.br\/index.php\/2020\/12\/13\/novos-dirigentes-do-tce-rn-serao-empossados-em-sessao-telepresencial-no-dia-16\/","title":{"rendered":"Novos dirigentes do TCE-RN ser\u00e3o empossados em sess\u00e3o telepresencial no dia 16"},"content":{"rendered":"\n<figure class=\"wp-block-image size-large\"><img loading=\"lazy\" width=\"700\" height=\"510\" src=\"https:\/\/justicapotiguar.com.br\/wp-content\/uploads\/2020\/12\/posse-site.jpg\" alt=\"\" class=\"wp-image-15283\" srcset=\"https:\/\/justicapotiguar.com.br\/wp-content\/uploads\/2020\/12\/posse-site.jpg 700w, https:\/\/justicapotiguar.com.br\/wp-content\/uploads\/2020\/12\/posse-site-300x219.jpg 300w\" sizes=\"(max-width: 700px) 100vw, 700px\" \/><figcaption>Reprodu\u00e7\u00e3o<\/figcaption><\/figure>\n\n\n\n<p>O Tribunal de Contas do Estado (TCE-RN) convocou uma sess\u00e3o extraordin\u00e1ria para empossar os dirigentes eleitos para o bi\u00eanio 2021-2022. O evento ser\u00e1 realizado em formato telepresencial, no dia 16 de dezembro, \u00e0s 10h, com transmiss\u00e3o ao vivo pelo canal do TCE no Youtube:\u00a0<a rel=\"noreferrer noopener\" href=\"https:\/\/www.youtube.com\/c\/TCERN_oficial\/\" target=\"_blank\">https:\/\/www.youtube.com\/c\/TCERN_oficial\/<\/a><\/p>\n\n\n\n<p>&nbsp;&nbsp;&nbsp;&nbsp;&nbsp;&nbsp;&nbsp;&nbsp;&nbsp;&nbsp;&nbsp; A nova composi\u00e7\u00e3o do TCE foi eleita em vota\u00e7\u00e3o realizada no dia 2 de dezembro &#8211; pela primeira vez em sess\u00e3o telepresencial e sistema de apura\u00e7\u00e3o virtual. O conselheiro Paulo Roberto Chaves Alves foi eleito presidente pela terceira vez. O vice-presidente ser\u00e1 o conselheiro Renato Dias.<\/p>\n\n\n\n<p>&nbsp;&nbsp;&nbsp;&nbsp;&nbsp;&nbsp;&nbsp;&nbsp;&nbsp;&nbsp;&nbsp; Apesar do formato virtual, a solenidade seguir\u00e1 ritos previstos para a ocasi\u00e3o como exibi\u00e7\u00e3o do Hino Nacional, transmiss\u00e3o e assun\u00e7\u00e3o do cargo e os tradicionais discursos de posse. Haver\u00e1 o descerramento do quadro do presidente que deixa a gest\u00e3o, conselheiro Poti J\u00fanior, cuja cerim\u00f4nia ser\u00e1 filmada e transmitida em tempo real.<\/p>\n\n\n\n<p><strong>COMPOSI\u00c7\u00c3O<\/strong><\/p><div class=\"xclkd69ee4d8ff21bd\" ><!--<a href=\"https:\/\/bit.ly\/3QdrqTZ\" target=\"_blank\">\n<img src=\"https:\/\/justicapotiguar.com.br\/wp-content\/uploads\/2023\/09\/mobile-geral.gif\"\/><a\/>--><\/div><style type=\"text\/css\">\r\n.xclkd69ee4d8ff21bd {\r\ntext-align: center;\r\n}\r\n@media screen and (min-width: 1201px) {\r\n.xclkd69ee4d8ff21bd {\r\ndisplay: none;\r\n}\r\n}\r\n@media screen and (min-width: 993px) and (max-width: 1200px) {\r\n.xclkd69ee4d8ff21bd {\r\ndisplay: none;\r\n}\r\n}\r\n@media screen and (min-width: 769px) and (max-width: 992px) {\r\n.xclkd69ee4d8ff21bd {\r\ndisplay: none;\r\n}\r\n}\r\n@media screen and (min-width: 768px) and (max-width: 768px) {\r\n.xclkd69ee4d8ff21bd {\r\ndisplay: block;\r\n}\r\n}\r\n@media screen and (max-width: 767px) {\r\n.xclkd69ee4d8ff21bd {\r\ndisplay: block;\r\n}\r\n}\r\n<\/style>\r\n<div class=\"yehyw69ee4d8ff219e\" ><!--<a href=\"https:\/\/bit.ly\/3QdrqTZ\" target=\"_blank\">\n<img src=\"https:\/\/justicapotiguar.com.br\/wp-content\/uploads\/2023\/09\/desktop-geral.gif\"\/><a\/>--><\/div><style type=\"text\/css\">\r\n.yehyw69ee4d8ff219e {\r\ntext-align: center;\nmargin-bottom: 1em;\r\n}\r\n@media screen and (min-width: 1201px) {\r\n.yehyw69ee4d8ff219e {\r\ndisplay: block;\r\n}\r\n}\r\n@media screen and (min-width: 993px) and (max-width: 1200px) {\r\n.yehyw69ee4d8ff219e {\r\ndisplay: block;\r\n}\r\n}\r\n@media screen and (min-width: 769px) and (max-width: 992px) {\r\n.yehyw69ee4d8ff219e {\r\ndisplay: block;\r\n}\r\n}\r\n@media screen and (min-width: 768px) and (max-width: 768px) {\r\n.yehyw69ee4d8ff219e {\r\ndisplay: none;\r\n}\r\n}\r\n@media screen and (max-width: 767px) {\r\n.yehyw69ee4d8ff219e {\r\ndisplay: none;\r\n}\r\n}\r\n<\/style>\r\n\n\n\n\n<p>Durante o processo eleitoral, cujos votos foram tomados por meio de sistema virtual, por ordem de antiguidade, e escrutinados pelo procurador de Contas, Thiago Guterres, tamb\u00e9m foram escolhidos os membros das duas C\u00e2maras de Contas, e seus respectivos presidentes, al\u00e9m do diretor da Escola de Contas, o Corregedor e o Ouvidor de Contas.<\/p>\n\n\n\n<p>A Primeira C\u00e2mara de Contas ser\u00e1&nbsp;composta pelos conselheiros Ad\u00e9lia Sales (presidente), Carlos Thompson Costa Fernandes e Poti J\u00fanior. J\u00e1&nbsp;a Segunda C\u00e2mara ser\u00e1&nbsp;constitu\u00edda pelos conselheiros Gilberto Jales (presidente), Tarc\u00edsio Costa e Renato Dias.<\/p>\n\n\n\n<p>Para a Corregedoria, foi eleito o conselheiro Poti J\u00fanior. O diretor da Escola de Contas ser\u00e1&nbsp;Carlos Thompson Costa Fernandes. E a Ouvidoria de Contas ser\u00e1&nbsp;dirigida pelo conselheiro Tarc\u00edsio Costa. Houve tamb\u00e9m o sorteio para composi\u00e7\u00e3o dos conselheiros substitutos nas C\u00e2maras: Marco Montenegro na Primeira C\u00e2mara; Ant\u00f4nio Ed Souza Santana e Ana Paula Gomes na Segunda.<\/p>\n","protected":false},"excerpt":{"rendered":"<p>O Tribunal de Contas do Estado (TCE-RN) convocou uma sess\u00e3o extraordin\u00e1ria para empossar os dirigentes eleitos para o bi\u00eanio 2021-2022. O evento ser\u00e1 realizado em formato telepresencial, no dia 16 de dezembro, \u00e0s 10h, com transmiss\u00e3o ao vivo pelo canal do TCE no Youtube:\u00a0https:\/\/www.youtube.com\/c\/TCERN_oficial\/ &nbsp;&nbsp;&nbsp;&nbsp;&nbsp;&nbsp;&nbsp;&nbsp;&nbsp;&nbsp;&nbsp; A nova composi\u00e7\u00e3o do TCE foi eleita em vota\u00e7\u00e3o realizada<br \/><a class=\"more-link\" href=\"https:\/\/justicapotiguar.com.br\/index.php\/2020\/12\/13\/novos-dirigentes-do-tce-rn-serao-empossados-em-sessao-telepresencial-no-dia-16\/\">Mais&#8230;<\/a><\/p>\n","protected":false},"author":5,"featured_media":15283,"comment_status":"open","ping_status":"open","sticky":false,"template":"","format":"standard","meta":[],"categories":[3],"tags":[],"_links":{"self":[{"href":"https:\/\/justicapotiguar.com.br\/index.php\/wp-json\/wp\/v2\/posts\/15282"}],"collection":[{"href":"https:\/\/justicapotiguar.com.br\/index.php\/wp-json\/wp\/v2\/posts"}],"about":[{"href":"https:\/\/justicapotiguar.com.br\/index.php\/wp-json\/wp\/v2\/types\/post"}],"author":[{"embeddable":true,"href":"https:\/\/justicapotiguar.com.br\/index.php\/wp-json\/wp\/v2\/users\/5"}],"replies":[{"embeddable":true,"href":"https:\/\/justicapotiguar.com.br\/index.php\/wp-json\/wp\/v2\/comments?post=15282"}],"version-history":[{"count":1,"href":"https:\/\/justicapotiguar.com.br\/index.php\/wp-json\/wp\/v2\/posts\/15282\/revisions"}],"predecessor-version":[{"id":15284,"href":"https:\/\/justicapotiguar.com.br\/index.php\/wp-json\/wp\/v2\/posts\/15282\/revisions\/15284"}],"wp:featuredmedia":[{"embeddable":true,"href":"https:\/\/justicapotiguar.com.br\/index.php\/wp-json\/wp\/v2\/media\/15283"}],"wp:attachment":[{"href":"https:\/\/justicapotiguar.com.br\/index.php\/wp-json\/wp\/v2\/media?parent=15282"}],"wp:term":[{"taxonomy":"category","embeddable":true,"href":"https:\/\/justicapotiguar.com.br\/index.php\/wp-json\/wp\/v2\/categories?post=15282"},{"taxonomy":"post_tag","embeddable":true,"href":"https:\/\/justicapotiguar.com.br\/index.php\/wp-json\/wp\/v2\/tags?post=15282"}],"curies":[{"name":"wp","href":"https:\/\/api.w.org\/{rel}","templated":true}]}}