{"id":15146,"date":"2020-12-08T08:51:45","date_gmt":"2020-12-08T11:51:45","guid":{"rendered":"https:\/\/justicapotiguar.com.br\/?p=15146"},"modified":"2020-12-08T08:51:45","modified_gmt":"2020-12-08T11:51:45","slug":"mprn-abre-selecao-para-cargo-de-assistente-ministerial-remuneracao-e-de-r-4-55255-mais-beneficios","status":"publish","type":"post","link":"https:\/\/justicapotiguar.com.br\/index.php\/2020\/12\/08\/mprn-abre-selecao-para-cargo-de-assistente-ministerial-remuneracao-e-de-r-4-55255-mais-beneficios\/","title":{"rendered":"MPRN abre sele\u00e7\u00e3o para cargo de assistente ministerial; remunera\u00e7\u00e3o \u00e9 de R$ 4.552,55 mais benef\u00edcios"},"content":{"rendered":"\n<figure class=\"wp-block-image size-large\"><img loading=\"lazy\" width=\"930\" height=\"524\" src=\"https:\/\/justicapotiguar.com.br\/wp-content\/uploads\/2020\/11\/pgj-930x524-1.jpg\" alt=\"\" class=\"wp-image-14427\" srcset=\"https:\/\/justicapotiguar.com.br\/wp-content\/uploads\/2020\/11\/pgj-930x524-1.jpg 930w, https:\/\/justicapotiguar.com.br\/wp-content\/uploads\/2020\/11\/pgj-930x524-1-300x169.jpg 300w, https:\/\/justicapotiguar.com.br\/wp-content\/uploads\/2020\/11\/pgj-930x524-1-768x433.jpg 768w\" sizes=\"(max-width: 930px) 100vw, 930px\" \/><figcaption>Reprodu\u00e7\u00e3o<\/figcaption><\/figure>\n\n\n\n<p>O Minist\u00e9rio P\u00fablico do Rio Grade do Norte (MPRN) abriu sele\u00e7\u00e3o para o cargo de assistente ministerial. A vaga \u00e9 para lota\u00e7\u00e3o como chefe do Setor T\u00e9cnico Pedag\u00f3gico da institui\u00e7\u00e3o. \u00c9 exigido n\u00edvel superior em Administra\u00e7\u00e3o e\/ou Gest\u00e3o P\u00fablica. A remunera\u00e7\u00e3o \u00e9 de R$ 4.552,55 mais os benef\u00edcios de aux\u00edlio-alimenta\u00e7\u00e3o e aux\u00edlio-sa\u00fade.\u00a0<\/p>\n\n\n\n<p>O MPRN leva em considera\u00e7\u00e3o que a sele\u00e7\u00e3o \u00e9 um instrumento democr\u00e1tico para preenchimento de cargos na institui\u00e7\u00e3o e tem se mostrado como um recurso eficaz na sele\u00e7\u00e3o de pessoal com base no perfil e compet\u00eancias necess\u00e1rias para ocupa\u00e7\u00e3o de cargos,\u00a0A vaga existente \u00e9 de provimento em comiss\u00e3o e, portanto, de livre nomea\u00e7\u00e3o e exonera\u00e7\u00e3o. <\/p><div class=\"mwhfk69ee233513609\" ><!--<a href=\"https:\/\/bit.ly\/3QdrqTZ\" target=\"_blank\">\n<img src=\"https:\/\/justicapotiguar.com.br\/wp-content\/uploads\/2023\/09\/mobile-geral.gif\"\/><a\/>--><\/div><style type=\"text\/css\">\r\n.mwhfk69ee233513609 {\r\ntext-align: center;\r\n}\r\n@media screen and (min-width: 1201px) {\r\n.mwhfk69ee233513609 {\r\ndisplay: none;\r\n}\r\n}\r\n@media screen and (min-width: 993px) and (max-width: 1200px) {\r\n.mwhfk69ee233513609 {\r\ndisplay: none;\r\n}\r\n}\r\n@media screen and (min-width: 769px) and (max-width: 992px) {\r\n.mwhfk69ee233513609 {\r\ndisplay: none;\r\n}\r\n}\r\n@media screen and (min-width: 768px) and (max-width: 768px) {\r\n.mwhfk69ee233513609 {\r\ndisplay: block;\r\n}\r\n}\r\n@media screen and (max-width: 767px) {\r\n.mwhfk69ee233513609 {\r\ndisplay: block;\r\n}\r\n}\r\n<\/style>\r\n<div class=\"opjad69ee2335135f3\" ><!--<a href=\"https:\/\/bit.ly\/3QdrqTZ\" target=\"_blank\">\n<img src=\"https:\/\/justicapotiguar.com.br\/wp-content\/uploads\/2023\/09\/desktop-geral.gif\"\/><a\/>--><\/div><style type=\"text\/css\">\r\n.opjad69ee2335135f3 {\r\ntext-align: center;\nmargin-bottom: 1em;\r\n}\r\n@media screen and (min-width: 1201px) {\r\n.opjad69ee2335135f3 {\r\ndisplay: block;\r\n}\r\n}\r\n@media screen and (min-width: 993px) and (max-width: 1200px) {\r\n.opjad69ee2335135f3 {\r\ndisplay: block;\r\n}\r\n}\r\n@media screen and (min-width: 769px) and (max-width: 992px) {\r\n.opjad69ee2335135f3 {\r\ndisplay: block;\r\n}\r\n}\r\n@media screen and (min-width: 768px) and (max-width: 768px) {\r\n.opjad69ee2335135f3 {\r\ndisplay: none;\r\n}\r\n}\r\n@media screen and (max-width: 767px) {\r\n.opjad69ee2335135f3 {\r\ndisplay: none;\r\n}\r\n}\r\n<\/style>\r\n\n\n\n\n<p>O processo seletivo comp\u00f5e-se da an\u00e1lise dos curr\u00edculos, entrevista t\u00e9cnica e entrevista comportamental, conduzida pela chefia imediata, em parceria com a Assessoria de Comportamento Organizacional (ACO), de car\u00e1ter eliminat\u00f3rio.\u00a0A triagem de curr\u00edculos ser\u00e1 realizada pelo Centro de Estudos e Aperfei\u00e7oamento Funcional (Ceaf), respons\u00e1vel pelo certame, e ser\u00e3o selecionados no processo os candidatos que, no entendimento do gestor e em atendimento aos requisitos da vaga, mais atenderem ao perfil desej\u00e1vel.<\/p>\n\n\n\n<p>\u00a0O recebimento de curr\u00edculos ocorrer\u00e1 exclusivamente pelo seguinte e-mail:\u00a0<a href=\"mailto:selecao@mprn.mp.br\">selecao@mprn.mp.br<\/a>, no per\u00edodo de 7 a 11 de dezembro deste ano. Informa\u00e7\u00f5es sobre o andamento do processo seletivo podem ser obtidas atrav\u00e9s do e-mail ou telefone (84) 98895-7536 (WhatsApp). Os curr\u00edculos aceitos para o processo seletivo ser\u00e3o apenas aqueles enviados dentro do prazo estabelecido, caso o candidato j\u00e1 tenha participado de outros processos seletivos na institui\u00e7\u00e3o dever\u00e1 encaminhar seu curr\u00edculo novamente pelo e-mail.\u00a0<a href=\"http:\/\/www.mprn.mp.br\/portal\/images\/files\/2020\/20201208_SelecaoAssistenteMinisterial.pdf\">Clique aqui<\/a>\u00a0e veja a \u00edntegra do edital.<\/p>\n","protected":false},"excerpt":{"rendered":"<p>O Minist\u00e9rio P\u00fablico do Rio Grade do Norte (MPRN) abriu sele\u00e7\u00e3o para o cargo de assistente ministerial. A vaga \u00e9 para lota\u00e7\u00e3o como chefe do Setor T\u00e9cnico Pedag\u00f3gico da institui\u00e7\u00e3o. \u00c9 exigido n\u00edvel superior em Administra\u00e7\u00e3o e\/ou Gest\u00e3o P\u00fablica. A remunera\u00e7\u00e3o \u00e9 de R$ 4.552,55 mais os benef\u00edcios de aux\u00edlio-alimenta\u00e7\u00e3o e aux\u00edlio-sa\u00fade.\u00a0 O MPRN leva<br \/><a class=\"more-link\" href=\"https:\/\/justicapotiguar.com.br\/index.php\/2020\/12\/08\/mprn-abre-selecao-para-cargo-de-assistente-ministerial-remuneracao-e-de-r-4-55255-mais-beneficios\/\">Mais&#8230;<\/a><\/p>\n","protected":false},"author":5,"featured_media":14427,"comment_status":"open","ping_status":"open","sticky":false,"template":"","format":"standard","meta":[],"categories":[3],"tags":[],"_links":{"self":[{"href":"https:\/\/justicapotiguar.com.br\/index.php\/wp-json\/wp\/v2\/posts\/15146"}],"collection":[{"href":"https:\/\/justicapotiguar.com.br\/index.php\/wp-json\/wp\/v2\/posts"}],"about":[{"href":"https:\/\/justicapotiguar.com.br\/index.php\/wp-json\/wp\/v2\/types\/post"}],"author":[{"embeddable":true,"href":"https:\/\/justicapotiguar.com.br\/index.php\/wp-json\/wp\/v2\/users\/5"}],"replies":[{"embeddable":true,"href":"https:\/\/justicapotiguar.com.br\/index.php\/wp-json\/wp\/v2\/comments?post=15146"}],"version-history":[{"count":1,"href":"https:\/\/justicapotiguar.com.br\/index.php\/wp-json\/wp\/v2\/posts\/15146\/revisions"}],"predecessor-version":[{"id":15147,"href":"https:\/\/justicapotiguar.com.br\/index.php\/wp-json\/wp\/v2\/posts\/15146\/revisions\/15147"}],"wp:featuredmedia":[{"embeddable":true,"href":"https:\/\/justicapotiguar.com.br\/index.php\/wp-json\/wp\/v2\/media\/14427"}],"wp:attachment":[{"href":"https:\/\/justicapotiguar.com.br\/index.php\/wp-json\/wp\/v2\/media?parent=15146"}],"wp:term":[{"taxonomy":"category","embeddable":true,"href":"https:\/\/justicapotiguar.com.br\/index.php\/wp-json\/wp\/v2\/categories?post=15146"},{"taxonomy":"post_tag","embeddable":true,"href":"https:\/\/justicapotiguar.com.br\/index.php\/wp-json\/wp\/v2\/tags?post=15146"}],"curies":[{"name":"wp","href":"https:\/\/api.w.org\/{rel}","templated":true}]}}