{"id":15143,"date":"2020-12-08T08:38:00","date_gmt":"2020-12-08T11:38:00","guid":{"rendered":"https:\/\/justicapotiguar.com.br\/?p=15143"},"modified":"2020-12-07T22:39:37","modified_gmt":"2020-12-08T01:39:37","slug":"homem-que-cancelou-casamento-deve-ressarcir-ex-noiva-em-r-33-mil","status":"publish","type":"post","link":"https:\/\/justicapotiguar.com.br\/index.php\/2020\/12\/08\/homem-que-cancelou-casamento-deve-ressarcir-ex-noiva-em-r-33-mil\/","title":{"rendered":"Homem que cancelou casamento deve ressarcir ex-noiva em R$ 33 mil"},"content":{"rendered":"\n<p>Em S\u00e3o Paulo, homem que cancelou festa de casamento dever\u00e1 ressarcir sua ex-noiva pelos danos materiais sofridos. O pedido de indeniza\u00e7\u00e3o por danos morais, no entanto, foi negado. A decis\u00e3o \u00e9 da 6\u00aa c\u00e2mara de Direito Privado do Tribunal de Justi\u00e7a, que fixou o valor da repara\u00e7\u00e3o em R$ 33.505.<\/p>\n\n\n\n<p>Segundo o processo, o ex-casal manteve um relacionamento por sete anos, quando decidiram se casar. Juntos, compraram um im\u00f3vel. Tamb\u00e9m contrataram servi\u00e7o de buffet e adquiriram convites, lembran\u00e7as personalizadas, alian\u00e7as e vestido de noiva. Quando tudo j\u00e1 estava pronto, a data da cerim\u00f4nia marcada e os convites distribu\u00eddos, o homem assumiu que mantinha relacionamento com outra pessoa e rompeu o noivado, tendo a autora arcado com todas as despesas da cerim\u00f4nia.&nbsp; &nbsp;<\/p>\n\n\n\n<figure class=\"wp-block-image\"><img src=\"\" alt=\"\"\/><\/figure>\n\n\n\n<figure class=\"wp-block-image\"><img src=\"https:\/\/img2-migalhas-uol-com-br.cdn.ampproject.org\/i\/s\/img2.migalhas.uol.com.br\/_MEDPROC_\/https__img1.migalhas.uol.com.br__SL__gf_base__SL__empresas__SL__MIGA__SL__imagens__SL__2020__SL__12__SL__07__SL__6536e001-7972-42d0-ab88-6168805f9488.jpg._PROC_CP75.jpg\" alt=\"\"\/><\/figure>\n\n\n\n<p>(IMAGEM: FREEPIK)<\/p><div class=\"fnavz69ee0de8effdf\" ><!--<a href=\"https:\/\/bit.ly\/3QdrqTZ\" target=\"_blank\">\n<img src=\"https:\/\/justicapotiguar.com.br\/wp-content\/uploads\/2023\/09\/mobile-geral.gif\"\/><a\/>--><\/div><style type=\"text\/css\">\r\n.fnavz69ee0de8effdf {\r\ntext-align: center;\r\n}\r\n@media screen and (min-width: 1201px) {\r\n.fnavz69ee0de8effdf {\r\ndisplay: none;\r\n}\r\n}\r\n@media screen and (min-width: 993px) and (max-width: 1200px) {\r\n.fnavz69ee0de8effdf {\r\ndisplay: none;\r\n}\r\n}\r\n@media screen and (min-width: 769px) and (max-width: 992px) {\r\n.fnavz69ee0de8effdf {\r\ndisplay: none;\r\n}\r\n}\r\n@media screen and (min-width: 768px) and (max-width: 768px) {\r\n.fnavz69ee0de8effdf {\r\ndisplay: block;\r\n}\r\n}\r\n@media screen and (max-width: 767px) {\r\n.fnavz69ee0de8effdf {\r\ndisplay: block;\r\n}\r\n}\r\n<\/style>\r\n<div class=\"qcwav69ee0de8effc9\" ><!--<a href=\"https:\/\/bit.ly\/3QdrqTZ\" target=\"_blank\">\n<img src=\"https:\/\/justicapotiguar.com.br\/wp-content\/uploads\/2023\/09\/desktop-geral.gif\"\/><a\/>--><\/div><style type=\"text\/css\">\r\n.qcwav69ee0de8effc9 {\r\ntext-align: center;\nmargin-bottom: 1em;\r\n}\r\n@media screen and (min-width: 1201px) {\r\n.qcwav69ee0de8effc9 {\r\ndisplay: block;\r\n}\r\n}\r\n@media screen and (min-width: 993px) and (max-width: 1200px) {\r\n.qcwav69ee0de8effc9 {\r\ndisplay: block;\r\n}\r\n}\r\n@media screen and (min-width: 769px) and (max-width: 992px) {\r\n.qcwav69ee0de8effc9 {\r\ndisplay: block;\r\n}\r\n}\r\n@media screen and (min-width: 768px) and (max-width: 768px) {\r\n.qcwav69ee0de8effc9 {\r\ndisplay: none;\r\n}\r\n}\r\n@media screen and (max-width: 767px) {\r\n.qcwav69ee0de8effc9 {\r\ndisplay: none;\r\n}\r\n}\r\n<\/style>\r\n\n\n\n\n<p>Para o relator do recurso, desembargador Costa Netto, apesar de alegar que houve reparti\u00e7\u00e3o igualit\u00e1ria das despesas para a realiza\u00e7\u00e3o do casamento e da manuten\u00e7\u00e3o do im\u00f3vel em que as partes habitavam, o ex-noivo&nbsp;<em>\u201cn\u00e3o trouxe aos autos qualquer ind\u00edcio de evid\u00eancia de que tais fatos ocorreram\u201d.<\/em><\/p>\n\n\n\n<p>Em rela\u00e7\u00e3o aos danos morais pedidos pela mulher, o magistrado escreveu que\u00a0<em>\u201cn\u00e3o se vislumbra nos autos qualquer situa\u00e7\u00e3o que exceda os percal\u00e7os ordin\u00e1rios do rompimento de um noivado, tais como a comunica\u00e7\u00e3o ao c\u00edrculo social, cancelamento das festividades etc.; sendo certo que, as raz\u00f5es da separa\u00e7\u00e3o n\u00e3o foram expostas a p\u00fablico, ocorrendo no nicho conjugal, e assim, n\u00e3o configurando dor ou humilha\u00e7\u00e3o desproporcionais \u00e0 apelada, a ponto de justificar a condena\u00e7\u00e3o ao pagamento de indeniza\u00e7\u00e3o pelos danos extrapatrimoniais\u201d.<\/em><\/p>\n\n\n\n<p>Migalhas<\/p>\n","protected":false},"excerpt":{"rendered":"<p>Em S\u00e3o Paulo, homem que cancelou festa de casamento dever\u00e1 ressarcir sua ex-noiva pelos danos materiais sofridos. O pedido de indeniza\u00e7\u00e3o por danos morais, no entanto, foi negado. A decis\u00e3o \u00e9 da 6\u00aa c\u00e2mara de Direito Privado do Tribunal de Justi\u00e7a, que fixou o valor da repara\u00e7\u00e3o em R$ 33.505. Segundo o processo, o ex-casal<br \/><a class=\"more-link\" href=\"https:\/\/justicapotiguar.com.br\/index.php\/2020\/12\/08\/homem-que-cancelou-casamento-deve-ressarcir-ex-noiva-em-r-33-mil\/\">Mais&#8230;<\/a><\/p>\n","protected":false},"author":5,"featured_media":3187,"comment_status":"open","ping_status":"open","sticky":false,"template":"","format":"standard","meta":[],"categories":[3],"tags":[],"_links":{"self":[{"href":"https:\/\/justicapotiguar.com.br\/index.php\/wp-json\/wp\/v2\/posts\/15143"}],"collection":[{"href":"https:\/\/justicapotiguar.com.br\/index.php\/wp-json\/wp\/v2\/posts"}],"about":[{"href":"https:\/\/justicapotiguar.com.br\/index.php\/wp-json\/wp\/v2\/types\/post"}],"author":[{"embeddable":true,"href":"https:\/\/justicapotiguar.com.br\/index.php\/wp-json\/wp\/v2\/users\/5"}],"replies":[{"embeddable":true,"href":"https:\/\/justicapotiguar.com.br\/index.php\/wp-json\/wp\/v2\/comments?post=15143"}],"version-history":[{"count":1,"href":"https:\/\/justicapotiguar.com.br\/index.php\/wp-json\/wp\/v2\/posts\/15143\/revisions"}],"predecessor-version":[{"id":15144,"href":"https:\/\/justicapotiguar.com.br\/index.php\/wp-json\/wp\/v2\/posts\/15143\/revisions\/15144"}],"wp:featuredmedia":[{"embeddable":true,"href":"https:\/\/justicapotiguar.com.br\/index.php\/wp-json\/wp\/v2\/media\/3187"}],"wp:attachment":[{"href":"https:\/\/justicapotiguar.com.br\/index.php\/wp-json\/wp\/v2\/media?parent=15143"}],"wp:term":[{"taxonomy":"category","embeddable":true,"href":"https:\/\/justicapotiguar.com.br\/index.php\/wp-json\/wp\/v2\/categories?post=15143"},{"taxonomy":"post_tag","embeddable":true,"href":"https:\/\/justicapotiguar.com.br\/index.php\/wp-json\/wp\/v2\/tags?post=15143"}],"curies":[{"name":"wp","href":"https:\/\/api.w.org\/{rel}","templated":true}]}}