{"id":15139,"date":"2020-12-08T09:47:00","date_gmt":"2020-12-08T12:47:00","guid":{"rendered":"https:\/\/justicapotiguar.com.br\/?p=15139"},"modified":"2020-12-08T08:46:17","modified_gmt":"2020-12-08T11:46:17","slug":"jbs-irmaos-batista-vao-pagar-r-1-bilhao-para-salvar-acordo-de-delacao-com-a-pgr","status":"publish","type":"post","link":"https:\/\/justicapotiguar.com.br\/index.php\/2020\/12\/08\/jbs-irmaos-batista-vao-pagar-r-1-bilhao-para-salvar-acordo-de-delacao-com-a-pgr\/","title":{"rendered":"JBS: Irm\u00e3os Batista v\u00e3o pagar R$ 1 bilh\u00e3o para salvar acordo de dela\u00e7\u00e3o com a PGR"},"content":{"rendered":"\n<p>A equipe do procurador-Geral da Rep\u00fablica, Augusto Aras, chegou a um acordo com os representantes dos empres\u00e1rios Joesley e Wesley Batista para preservar o acordo de dela\u00e7\u00e3o premiada feito em 2017, ainda na gest\u00e3o do ent\u00e3o procurador-geral Rodrigo Janot. A informa\u00e7\u00e3o foi confirmada pela PGR.<\/p>\n\n\n\n<figure class=\"wp-block-image\"><img src=\"https:\/\/www.conjur.com.br\/img\/b\/irmaos-joesley-wesley-batista-donos.jpeg\" alt=\"\"\/><figcaption>Os irm\u00e3os Wesley (esq.) e Joesley Batista<br><sup>Reprodu\u00e7\u00e3o<\/sup><\/figcaption><\/figure>\n\n\n\n<p>Pelo acerto assinado nesta segunda-feira (7\/12), os irm\u00e3os Batista, controladores da holding&nbsp;J&amp;F,&nbsp;concordaram em pagar mais de R$ 1 bilh\u00e3o para mant\u00ea-lo. A J&amp;F n\u00e3o se manifestou sobre a repactua\u00e7\u00e3o. No acerto feito com Janot e depois com Raquel Dodge, antecessores de Aras, os valores eram bem menores, na casa dos&nbsp;R$ 25 milh\u00f5es para cada um dos irm\u00e3os.&nbsp;<\/p><div class=\"aphmd69ee0e273a2eb\" ><!--<a href=\"https:\/\/bit.ly\/3QdrqTZ\" target=\"_blank\">\n<img src=\"https:\/\/justicapotiguar.com.br\/wp-content\/uploads\/2023\/09\/mobile-geral.gif\"\/><a\/>--><\/div><style type=\"text\/css\">\r\n.aphmd69ee0e273a2eb {\r\ntext-align: center;\r\n}\r\n@media screen and (min-width: 1201px) {\r\n.aphmd69ee0e273a2eb {\r\ndisplay: none;\r\n}\r\n}\r\n@media screen and (min-width: 993px) and (max-width: 1200px) {\r\n.aphmd69ee0e273a2eb {\r\ndisplay: none;\r\n}\r\n}\r\n@media screen and (min-width: 769px) and (max-width: 992px) {\r\n.aphmd69ee0e273a2eb {\r\ndisplay: none;\r\n}\r\n}\r\n@media screen and (min-width: 768px) and (max-width: 768px) {\r\n.aphmd69ee0e273a2eb {\r\ndisplay: block;\r\n}\r\n}\r\n@media screen and (max-width: 767px) {\r\n.aphmd69ee0e273a2eb {\r\ndisplay: block;\r\n}\r\n}\r\n<\/style>\r\n<div class=\"znfil69ee0e273a2cf\" ><!--<a href=\"https:\/\/bit.ly\/3QdrqTZ\" target=\"_blank\">\n<img src=\"https:\/\/justicapotiguar.com.br\/wp-content\/uploads\/2023\/09\/desktop-geral.gif\"\/><a\/>--><\/div><style type=\"text\/css\">\r\n.znfil69ee0e273a2cf {\r\ntext-align: center;\nmargin-bottom: 1em;\r\n}\r\n@media screen and (min-width: 1201px) {\r\n.znfil69ee0e273a2cf {\r\ndisplay: block;\r\n}\r\n}\r\n@media screen and (min-width: 993px) and (max-width: 1200px) {\r\n.znfil69ee0e273a2cf {\r\ndisplay: block;\r\n}\r\n}\r\n@media screen and (min-width: 769px) and (max-width: 992px) {\r\n.znfil69ee0e273a2cf {\r\ndisplay: block;\r\n}\r\n}\r\n@media screen and (min-width: 768px) and (max-width: 768px) {\r\n.znfil69ee0e273a2cf {\r\ndisplay: none;\r\n}\r\n}\r\n@media screen and (max-width: 767px) {\r\n.znfil69ee0e273a2cf {\r\ndisplay: none;\r\n}\r\n}\r\n<\/style>\r\n\n\n\n\n<p>A colabora\u00e7\u00e3o, no entanto, passou a ser reavaliada depois que grava\u00e7\u00f5es indicaram que o ent\u00e3o procurador Marcelo Miller teria sido contratado pelo escrit\u00f3rio Trench, Rossi e Watanabe que atendia a J&amp;F. A alegada omiss\u00e3o serviu de argumento para que Janot pedisse a anula\u00e7\u00e3o do acordo. Posteriormente, contudo, o Tribunal Regional Federal da 1\u00aa Regi\u00e3o trancou a a\u00e7\u00e3o penal sobre o caso Marcelo Miller por n\u00e3o encontrar ilicitude na contrata\u00e7\u00e3o do ex-procurador pelo escrit\u00f3rio.<br><\/p>\n\n\n\n<p>Conjur<\/p>\n","protected":false},"excerpt":{"rendered":"<p>A equipe do procurador-Geral da Rep\u00fablica, Augusto Aras, chegou a um acordo com os representantes dos empres\u00e1rios Joesley e Wesley Batista para preservar o acordo de dela\u00e7\u00e3o premiada feito em 2017, ainda na gest\u00e3o do ent\u00e3o procurador-geral Rodrigo Janot. A informa\u00e7\u00e3o foi confirmada pela PGR. Pelo acerto assinado nesta segunda-feira (7\/12), os irm\u00e3os Batista, controladores<br \/><a class=\"more-link\" href=\"https:\/\/justicapotiguar.com.br\/index.php\/2020\/12\/08\/jbs-irmaos-batista-vao-pagar-r-1-bilhao-para-salvar-acordo-de-delacao-com-a-pgr\/\">Mais&#8230;<\/a><\/p>\n","protected":false},"author":5,"featured_media":10035,"comment_status":"open","ping_status":"open","sticky":false,"template":"","format":"standard","meta":[],"categories":[3],"tags":[],"_links":{"self":[{"href":"https:\/\/justicapotiguar.com.br\/index.php\/wp-json\/wp\/v2\/posts\/15139"}],"collection":[{"href":"https:\/\/justicapotiguar.com.br\/index.php\/wp-json\/wp\/v2\/posts"}],"about":[{"href":"https:\/\/justicapotiguar.com.br\/index.php\/wp-json\/wp\/v2\/types\/post"}],"author":[{"embeddable":true,"href":"https:\/\/justicapotiguar.com.br\/index.php\/wp-json\/wp\/v2\/users\/5"}],"replies":[{"embeddable":true,"href":"https:\/\/justicapotiguar.com.br\/index.php\/wp-json\/wp\/v2\/comments?post=15139"}],"version-history":[{"count":1,"href":"https:\/\/justicapotiguar.com.br\/index.php\/wp-json\/wp\/v2\/posts\/15139\/revisions"}],"predecessor-version":[{"id":15140,"href":"https:\/\/justicapotiguar.com.br\/index.php\/wp-json\/wp\/v2\/posts\/15139\/revisions\/15140"}],"wp:featuredmedia":[{"embeddable":true,"href":"https:\/\/justicapotiguar.com.br\/index.php\/wp-json\/wp\/v2\/media\/10035"}],"wp:attachment":[{"href":"https:\/\/justicapotiguar.com.br\/index.php\/wp-json\/wp\/v2\/media?parent=15139"}],"wp:term":[{"taxonomy":"category","embeddable":true,"href":"https:\/\/justicapotiguar.com.br\/index.php\/wp-json\/wp\/v2\/categories?post=15139"},{"taxonomy":"post_tag","embeddable":true,"href":"https:\/\/justicapotiguar.com.br\/index.php\/wp-json\/wp\/v2\/tags?post=15139"}],"curies":[{"name":"wp","href":"https:\/\/api.w.org\/{rel}","templated":true}]}}