{"id":15134,"date":"2020-12-07T18:54:04","date_gmt":"2020-12-07T21:54:04","guid":{"rendered":"https:\/\/justicapotiguar.com.br\/?p=15134"},"modified":"2020-12-07T18:55:16","modified_gmt":"2020-12-07T21:55:16","slug":"inss-prova-que-kerinho-nao-deixou-cargo-publico-para-se-candidatar-e-deixa-situacao-de-beto-rosado-mais-complicada","status":"publish","type":"post","link":"https:\/\/justicapotiguar.com.br\/index.php\/2020\/12\/07\/inss-prova-que-kerinho-nao-deixou-cargo-publico-para-se-candidatar-e-deixa-situacao-de-beto-rosado-mais-complicada\/","title":{"rendered":"INSS prova que Kerinho n\u00e3o deixou cargo p\u00fablico para se candidatar e situa\u00e7\u00e3o de Beto Rosado mais complicada"},"content":{"rendered":"\n<figure class=\"wp-block-image size-large\"><img loading=\"lazy\" width=\"363\" height=\"363\" src=\"https:\/\/justicapotiguar.com.br\/wp-content\/uploads\/2020\/09\/images-33.jpeg\" alt=\"\" class=\"wp-image-13460\" srcset=\"https:\/\/justicapotiguar.com.br\/wp-content\/uploads\/2020\/09\/images-33.jpeg 363w, https:\/\/justicapotiguar.com.br\/wp-content\/uploads\/2020\/09\/images-33-150x150.jpeg 150w, https:\/\/justicapotiguar.com.br\/wp-content\/uploads\/2020\/09\/images-33-300x300.jpeg 300w\" sizes=\"(max-width: 363px) 100vw, 363px\" \/><figcaption>Reprodu\u00e7\u00e3o<\/figcaption><\/figure>\n\n\n\n<p>No processo que tramita no Tribunal Regional Eleitoral (TRE-RN) sobre a not\u00edcia de inelegibidade do ent\u00e3o candidato a deputado federal em 2018, Kericles Alves, o Kerinho, por n\u00e3o ter se desincompatibilizado de cargo p\u00fablico,  oInstituto Nacional de Seguridade Social (INSS) informou por meio de documenta\u00e7\u00e3o que o v\u00ednculo permaneceu ativo de janeiro de 2017 a dezembro de 2018, sem qualquer interrup\u00e7\u00e3o, o que viola a legisla\u00e7\u00e3o para quem se candidata nas elei\u00e7\u00f5es.<\/p>\n\n\n\n<figure class=\"wp-block-image size-large\"><img loading=\"lazy\" width=\"790\" height=\"1024\" src=\"https:\/\/justicapotiguar.com.br\/wp-content\/uploads\/2020\/12\/SEI_INSS-2377337-Oficio-SEI-pdf-790x1024.jpg\" alt=\"\" class=\"wp-image-15135\"\/><\/figure>\n\n\n\n<p>O caso avan\u00e7a e pode ter como desfecho uma possivel anula\u00e7\u00e3o dos votos de Kerinho, o que poderia causar uma mudan\u00e7a na totaliza\u00e7\u00e3o dos votos e a sa\u00edda de Beto Rosado (PP) para entrada de Fernando Mineiro (PT) pelo novo quociente eleitoral.<\/p><div class=\"pilhx69ee0d5b8b005\" ><!--<a href=\"https:\/\/bit.ly\/3QdrqTZ\" target=\"_blank\">\n<img src=\"https:\/\/justicapotiguar.com.br\/wp-content\/uploads\/2023\/09\/mobile-geral.gif\"\/><a\/>--><\/div><style type=\"text\/css\">\r\n.pilhx69ee0d5b8b005 {\r\ntext-align: center;\r\n}\r\n@media screen and (min-width: 1201px) {\r\n.pilhx69ee0d5b8b005 {\r\ndisplay: none;\r\n}\r\n}\r\n@media screen and (min-width: 993px) and (max-width: 1200px) {\r\n.pilhx69ee0d5b8b005 {\r\ndisplay: none;\r\n}\r\n}\r\n@media screen and (min-width: 769px) and (max-width: 992px) {\r\n.pilhx69ee0d5b8b005 {\r\ndisplay: none;\r\n}\r\n}\r\n@media screen and (min-width: 768px) and (max-width: 768px) {\r\n.pilhx69ee0d5b8b005 {\r\ndisplay: block;\r\n}\r\n}\r\n@media screen and (max-width: 767px) {\r\n.pilhx69ee0d5b8b005 {\r\ndisplay: block;\r\n}\r\n}\r\n<\/style>\r\n<div class=\"ersnz69ee0d5b8afe4\" ><!--<a href=\"https:\/\/bit.ly\/3QdrqTZ\" target=\"_blank\">\n<img src=\"https:\/\/justicapotiguar.com.br\/wp-content\/uploads\/2023\/09\/desktop-geral.gif\"\/><a\/>--><\/div><style type=\"text\/css\">\r\n.ersnz69ee0d5b8afe4 {\r\ntext-align: center;\nmargin-bottom: 1em;\r\n}\r\n@media screen and (min-width: 1201px) {\r\n.ersnz69ee0d5b8afe4 {\r\ndisplay: block;\r\n}\r\n}\r\n@media screen and (min-width: 993px) and (max-width: 1200px) {\r\n.ersnz69ee0d5b8afe4 {\r\ndisplay: block;\r\n}\r\n}\r\n@media screen and (min-width: 769px) and (max-width: 992px) {\r\n.ersnz69ee0d5b8afe4 {\r\ndisplay: block;\r\n}\r\n}\r\n@media screen and (min-width: 768px) and (max-width: 768px) {\r\n.ersnz69ee0d5b8afe4 {\r\ndisplay: none;\r\n}\r\n}\r\n@media screen and (max-width: 767px) {\r\n.ersnz69ee0d5b8afe4 {\r\ndisplay: none;\r\n}\r\n}\r\n<\/style>\r\n\n\n\n\n<figure class=\"wp-block-image size-large\"><img loading=\"lazy\" width=\"1024\" height=\"574\" src=\"https:\/\/justicapotiguar.com.br\/wp-content\/uploads\/2020\/12\/IMG-20201207-WA0018-1024x574.jpg\" alt=\"\" class=\"wp-image-15136\" srcset=\"https:\/\/justicapotiguar.com.br\/wp-content\/uploads\/2020\/12\/IMG-20201207-WA0018-1024x574.jpg 1024w, https:\/\/justicapotiguar.com.br\/wp-content\/uploads\/2020\/12\/IMG-20201207-WA0018-300x168.jpg 300w, https:\/\/justicapotiguar.com.br\/wp-content\/uploads\/2020\/12\/IMG-20201207-WA0018-768x430.jpg 768w, https:\/\/justicapotiguar.com.br\/wp-content\/uploads\/2020\/12\/IMG-20201207-WA0018.jpg 1280w\" sizes=\"(max-width: 1024px) 100vw, 1024px\" \/><\/figure>\n\n\n\n<p>Na den\u00fancia, v\u00e1rios documentos j\u00e1 foram apresentados que mostram a irregularidade de Kerinho em n\u00e3o deixar o cargo na Prefeitura de Monte Alegre. A defesa tenta argumentar que haveria ocorrido erros alheios ao candidato. O caso tem como relator o juiz Ricardo Tinoco.<\/p>\n","protected":false},"excerpt":{"rendered":"<p>No processo que tramita no Tribunal Regional Eleitoral (TRE-RN) sobre a not\u00edcia de inelegibidade do ent\u00e3o candidato a deputado federal em 2018, Kericles Alves, o Kerinho, por n\u00e3o ter se desincompatibilizado de cargo p\u00fablico, oInstituto Nacional de Seguridade Social (INSS) informou por meio de documenta\u00e7\u00e3o que o v\u00ednculo permaneceu ativo de janeiro de 2017 a<br \/><a class=\"more-link\" href=\"https:\/\/justicapotiguar.com.br\/index.php\/2020\/12\/07\/inss-prova-que-kerinho-nao-deixou-cargo-publico-para-se-candidatar-e-deixa-situacao-de-beto-rosado-mais-complicada\/\">Mais&#8230;<\/a><\/p>\n","protected":false},"author":5,"featured_media":15136,"comment_status":"open","ping_status":"open","sticky":false,"template":"","format":"standard","meta":[],"categories":[1],"tags":[],"_links":{"self":[{"href":"https:\/\/justicapotiguar.com.br\/index.php\/wp-json\/wp\/v2\/posts\/15134"}],"collection":[{"href":"https:\/\/justicapotiguar.com.br\/index.php\/wp-json\/wp\/v2\/posts"}],"about":[{"href":"https:\/\/justicapotiguar.com.br\/index.php\/wp-json\/wp\/v2\/types\/post"}],"author":[{"embeddable":true,"href":"https:\/\/justicapotiguar.com.br\/index.php\/wp-json\/wp\/v2\/users\/5"}],"replies":[{"embeddable":true,"href":"https:\/\/justicapotiguar.com.br\/index.php\/wp-json\/wp\/v2\/comments?post=15134"}],"version-history":[{"count":2,"href":"https:\/\/justicapotiguar.com.br\/index.php\/wp-json\/wp\/v2\/posts\/15134\/revisions"}],"predecessor-version":[{"id":15138,"href":"https:\/\/justicapotiguar.com.br\/index.php\/wp-json\/wp\/v2\/posts\/15134\/revisions\/15138"}],"wp:featuredmedia":[{"embeddable":true,"href":"https:\/\/justicapotiguar.com.br\/index.php\/wp-json\/wp\/v2\/media\/15136"}],"wp:attachment":[{"href":"https:\/\/justicapotiguar.com.br\/index.php\/wp-json\/wp\/v2\/media?parent=15134"}],"wp:term":[{"taxonomy":"category","embeddable":true,"href":"https:\/\/justicapotiguar.com.br\/index.php\/wp-json\/wp\/v2\/categories?post=15134"},{"taxonomy":"post_tag","embeddable":true,"href":"https:\/\/justicapotiguar.com.br\/index.php\/wp-json\/wp\/v2\/tags?post=15134"}],"curies":[{"name":"wp","href":"https:\/\/api.w.org\/{rel}","templated":true}]}}