{"id":15132,"date":"2020-12-07T17:06:46","date_gmt":"2020-12-07T20:06:46","guid":{"rendered":"https:\/\/justicapotiguar.com.br\/?p=15132"},"modified":"2020-12-07T15:28:07","modified_gmt":"2020-12-07T18:28:07","slug":"o-papel-da-justica-eleitoral-no-combate-a-corrupcao-sera-tema-de-evento-do-tre-rn","status":"publish","type":"post","link":"https:\/\/justicapotiguar.com.br\/index.php\/2020\/12\/07\/o-papel-da-justica-eleitoral-no-combate-a-corrupcao-sera-tema-de-evento-do-tre-rn\/","title":{"rendered":"O papel da Justi\u00e7a Eleitoral no Combate \u00e0 Corrup\u00e7\u00e3o ser\u00e1 tema de evento do TRE-RN"},"content":{"rendered":"\n<figure class=\"wp-block-image\" id=\"imagem-principal-texto\"><img src=\"https:\/\/www.tre-rn.jus.br\/imagens\/imagens\/tre-rn-noticia-combate-corrupcao\/@@images\/27ad876d-6738-43cb-91b9-7f7baef33a9f.jpeg\" alt=\"TRE_RN-noticia-combate-corrupcao\"\/><\/figure>\n\n\n\n<p>O Tribunal Regional do Rio Grande do Norte realizar\u00e1 um evento on-line em alus\u00e3o ao Dia Internacional de Combate \u00e0 Corrup\u00e7\u00e3o, com o tema: \u201cO papel da Justi\u00e7a Eleitoral no Combate \u00e0 Corrup\u00e7\u00e3o\u201d. O Corregedor Regional Eleitoral, Desembargador Claudio Santos, e o Procurador Regional Eleitoral, Ronaldo Chaves, ser\u00e3o os expositores, e contar\u00e3o com a media\u00e7\u00e3o da secret\u00e1ria judici\u00e1ria do TRE-RN, Karla Aranha. A Live ser\u00e1 no dia 9 de dezembro, a partir das 17h, com transmiss\u00e3o ao vivo pelo canal do YouTube do TRE-RN.<\/p>\n\n\n\n<p>Na Live, ser\u00e1 exposto como a Justi\u00e7a Eleitoral atua diretamente no enfrentamento \u00e0 corrup\u00e7\u00e3o, desde a esfera penal, na qual \u00e9 competente para o julgamento de crimes eleitorais ou il\u00edcitos relacionados \u00e0 corrup\u00e7\u00e3o, at\u00e9 a esfera c\u00edvel eleitoral, com a presta\u00e7\u00e3o de contas, na qual se fiscaliza a movimenta\u00e7\u00e3o financeira de campanha de candidatos e de partidos pol\u00edticos. \u00c9 miss\u00e3o da Justi\u00e7a Eleitoral a garantia da transpar\u00eancia, higidez, integridade e lisura do processo democr\u00e1tico brasileiro.<\/p><div class=\"nchqq69ee0dca4018f\" ><!--<a href=\"https:\/\/bit.ly\/3QdrqTZ\" target=\"_blank\">\n<img src=\"https:\/\/justicapotiguar.com.br\/wp-content\/uploads\/2023\/09\/mobile-geral.gif\"\/><a\/>--><\/div><style type=\"text\/css\">\r\n.nchqq69ee0dca4018f {\r\ntext-align: center;\r\n}\r\n@media screen and (min-width: 1201px) {\r\n.nchqq69ee0dca4018f {\r\ndisplay: none;\r\n}\r\n}\r\n@media screen and (min-width: 993px) and (max-width: 1200px) {\r\n.nchqq69ee0dca4018f {\r\ndisplay: none;\r\n}\r\n}\r\n@media screen and (min-width: 769px) and (max-width: 992px) {\r\n.nchqq69ee0dca4018f {\r\ndisplay: none;\r\n}\r\n}\r\n@media screen and (min-width: 768px) and (max-width: 768px) {\r\n.nchqq69ee0dca4018f {\r\ndisplay: block;\r\n}\r\n}\r\n@media screen and (max-width: 767px) {\r\n.nchqq69ee0dca4018f {\r\ndisplay: block;\r\n}\r\n}\r\n<\/style>\r\n<div class=\"rxohf69ee0dca40179\" ><!--<a href=\"https:\/\/bit.ly\/3QdrqTZ\" target=\"_blank\">\n<img src=\"https:\/\/justicapotiguar.com.br\/wp-content\/uploads\/2023\/09\/desktop-geral.gif\"\/><a\/>--><\/div><style type=\"text\/css\">\r\n.rxohf69ee0dca40179 {\r\ntext-align: center;\nmargin-bottom: 1em;\r\n}\r\n@media screen and (min-width: 1201px) {\r\n.rxohf69ee0dca40179 {\r\ndisplay: block;\r\n}\r\n}\r\n@media screen and (min-width: 993px) and (max-width: 1200px) {\r\n.rxohf69ee0dca40179 {\r\ndisplay: block;\r\n}\r\n}\r\n@media screen and (min-width: 769px) and (max-width: 992px) {\r\n.rxohf69ee0dca40179 {\r\ndisplay: block;\r\n}\r\n}\r\n@media screen and (min-width: 768px) and (max-width: 768px) {\r\n.rxohf69ee0dca40179 {\r\ndisplay: none;\r\n}\r\n}\r\n@media screen and (max-width: 767px) {\r\n.rxohf69ee0dca40179 {\r\ndisplay: none;\r\n}\r\n}\r\n<\/style>\r\n\n\n\n\n<p>O Dia Internacional de Combate \u00e0 Corrup\u00e7\u00e3o \u00e9 celebrado desde a assinatura da Conven\u00e7\u00e3o das Na\u00e7\u00f5es Unidas Contra a Corrup\u00e7\u00e3o, no dia 9 de dezembro de 2003, na cidade de M\u00e9rida, no M\u00e9xico, sendo uma data marcada pela luta para coibir mecanismos que refor\u00e7am os privil\u00e9gios e aprofundam as desigualdades.<\/p>\n","protected":false},"excerpt":{"rendered":"<p>O Tribunal Regional do Rio Grande do Norte realizar\u00e1 um evento on-line em alus\u00e3o ao Dia Internacional de Combate \u00e0 Corrup\u00e7\u00e3o, com o tema: \u201cO papel da Justi\u00e7a Eleitoral no Combate \u00e0 Corrup\u00e7\u00e3o\u201d. O Corregedor Regional Eleitoral, Desembargador Claudio Santos, e o Procurador Regional Eleitoral, Ronaldo Chaves, ser\u00e3o os expositores, e contar\u00e3o com a media\u00e7\u00e3o<br \/><a class=\"more-link\" href=\"https:\/\/justicapotiguar.com.br\/index.php\/2020\/12\/07\/o-papel-da-justica-eleitoral-no-combate-a-corrupcao-sera-tema-de-evento-do-tre-rn\/\">Mais&#8230;<\/a><\/p>\n","protected":false},"author":5,"featured_media":7252,"comment_status":"open","ping_status":"open","sticky":false,"template":"","format":"standard","meta":[],"categories":[3],"tags":[],"_links":{"self":[{"href":"https:\/\/justicapotiguar.com.br\/index.php\/wp-json\/wp\/v2\/posts\/15132"}],"collection":[{"href":"https:\/\/justicapotiguar.com.br\/index.php\/wp-json\/wp\/v2\/posts"}],"about":[{"href":"https:\/\/justicapotiguar.com.br\/index.php\/wp-json\/wp\/v2\/types\/post"}],"author":[{"embeddable":true,"href":"https:\/\/justicapotiguar.com.br\/index.php\/wp-json\/wp\/v2\/users\/5"}],"replies":[{"embeddable":true,"href":"https:\/\/justicapotiguar.com.br\/index.php\/wp-json\/wp\/v2\/comments?post=15132"}],"version-history":[{"count":1,"href":"https:\/\/justicapotiguar.com.br\/index.php\/wp-json\/wp\/v2\/posts\/15132\/revisions"}],"predecessor-version":[{"id":15133,"href":"https:\/\/justicapotiguar.com.br\/index.php\/wp-json\/wp\/v2\/posts\/15132\/revisions\/15133"}],"wp:featuredmedia":[{"embeddable":true,"href":"https:\/\/justicapotiguar.com.br\/index.php\/wp-json\/wp\/v2\/media\/7252"}],"wp:attachment":[{"href":"https:\/\/justicapotiguar.com.br\/index.php\/wp-json\/wp\/v2\/media?parent=15132"}],"wp:term":[{"taxonomy":"category","embeddable":true,"href":"https:\/\/justicapotiguar.com.br\/index.php\/wp-json\/wp\/v2\/categories?post=15132"},{"taxonomy":"post_tag","embeddable":true,"href":"https:\/\/justicapotiguar.com.br\/index.php\/wp-json\/wp\/v2\/tags?post=15132"}],"curies":[{"name":"wp","href":"https:\/\/api.w.org\/{rel}","templated":true}]}}