{"id":15130,"date":"2020-12-07T15:52:12","date_gmt":"2020-12-07T18:52:12","guid":{"rendered":"https:\/\/justicapotiguar.com.br\/?p=15130"},"modified":"2020-12-07T15:25:34","modified_gmt":"2020-12-07T18:25:34","slug":"bolsonaro-nao-pode-recusar-depoimento-antes-do-stf-definir-o-interrogatorio-diz-moraes","status":"publish","type":"post","link":"https:\/\/justicapotiguar.com.br\/index.php\/2020\/12\/07\/bolsonaro-nao-pode-recusar-depoimento-antes-do-stf-definir-o-interrogatorio-diz-moraes\/","title":{"rendered":"Bolsonaro n\u00e3o pode recusar depoimento antes do STF definir o interrogat\u00f3rio, diz Moraes"},"content":{"rendered":"\n<p>N\u00e3o \u00e9 o investigado quem deve decidir de forma pr\u00e9via e genericamente&nbsp;a possibilidade ou n\u00e3o de fazer atos procedimentais ou processuais durante a investiga\u00e7\u00e3o criminal ou a instru\u00e7\u00e3o processual penal.&nbsp;Com esse entendimento, o ministro Alexandre de Moraes, do Supremo Tribunal Federal, negou pedido de que o inqu\u00e9rito seja remetido de&nbsp;imediato para a&nbsp;Pol\u00edcia Federal elaborar o relat\u00f3rio final.<\/p>\n\n\n\n<figure class=\"wp-block-image\"><img src=\"https:\/\/www.conjur.com.br\/img\/b\/alexandre-moraes-2020.jpeg\" alt=\"\"\/><figcaption>Alexandre de Moares pede que Fux paute com urg\u00eancia a continuidade do julgamento<br><sup>Carlos Moura\/STF<\/sup><\/figcaption><\/figure>\n\n\n\n<p>O inqu\u00e9rito que investiga as&nbsp;<a href=\"https:\/\/www.conjur.com.br\/2020-abr-24\/moro-deixa-ministerio-justica-exoneracao-diretor-pf\" target=\"_blank\" rel=\"noreferrer noopener\">declara\u00e7\u00f5es<\/a>&nbsp;do ex-ministro da Justi\u00e7a Sergio Moro sobre poss\u00edvel interfer\u00eancia do presidente Jair Bolsonaro na Pol\u00edcia Federal.&nbsp;Em novembro, Bolsonaro informou ao relator no Supremo que&nbsp;<a href=\"https:\/\/www.conjur.com.br\/2020-nov-26\/bolsonaro-abre-mao-depor-interferencia-pf2\" target=\"_blank\" rel=\"noreferrer noopener\">declinava<\/a>&nbsp;de prestar depoimento.<\/p>\n\n\n\n<p>No despacho deste s\u00e1bado (5\/12), Alexandre afirma que&nbsp;n\u00e3o o investigado n\u00e3o pode recusar pr\u00e9via&nbsp;e genericamente a participa\u00e7\u00e3o de atos procedimentais ou processuais futuros. No caso, a forma de interrogat\u00f3rio do presidente ainda ser\u00e1 definida pelo STF.<\/p><div class=\"lkmtu69ee0e0c9d63f\" ><!--<a href=\"https:\/\/bit.ly\/3QdrqTZ\" target=\"_blank\">\n<img src=\"https:\/\/justicapotiguar.com.br\/wp-content\/uploads\/2023\/09\/mobile-geral.gif\"\/><a\/>--><\/div><style type=\"text\/css\">\r\n.lkmtu69ee0e0c9d63f {\r\ntext-align: center;\r\n}\r\n@media screen and (min-width: 1201px) {\r\n.lkmtu69ee0e0c9d63f {\r\ndisplay: none;\r\n}\r\n}\r\n@media screen and (min-width: 993px) and (max-width: 1200px) {\r\n.lkmtu69ee0e0c9d63f {\r\ndisplay: none;\r\n}\r\n}\r\n@media screen and (min-width: 769px) and (max-width: 992px) {\r\n.lkmtu69ee0e0c9d63f {\r\ndisplay: none;\r\n}\r\n}\r\n@media screen and (min-width: 768px) and (max-width: 768px) {\r\n.lkmtu69ee0e0c9d63f {\r\ndisplay: block;\r\n}\r\n}\r\n@media screen and (max-width: 767px) {\r\n.lkmtu69ee0e0c9d63f {\r\ndisplay: block;\r\n}\r\n}\r\n<\/style>\r\n<div class=\"vkipr69ee0e0c9d623\" ><!--<a href=\"https:\/\/bit.ly\/3QdrqTZ\" target=\"_blank\">\n<img src=\"https:\/\/justicapotiguar.com.br\/wp-content\/uploads\/2023\/09\/desktop-geral.gif\"\/><a\/>--><\/div><style type=\"text\/css\">\r\n.vkipr69ee0e0c9d623 {\r\ntext-align: center;\nmargin-bottom: 1em;\r\n}\r\n@media screen and (min-width: 1201px) {\r\n.vkipr69ee0e0c9d623 {\r\ndisplay: block;\r\n}\r\n}\r\n@media screen and (min-width: 993px) and (max-width: 1200px) {\r\n.vkipr69ee0e0c9d623 {\r\ndisplay: block;\r\n}\r\n}\r\n@media screen and (min-width: 769px) and (max-width: 992px) {\r\n.vkipr69ee0e0c9d623 {\r\ndisplay: block;\r\n}\r\n}\r\n@media screen and (min-width: 768px) and (max-width: 768px) {\r\n.vkipr69ee0e0c9d623 {\r\ndisplay: none;\r\n}\r\n}\r\n@media screen and (max-width: 767px) {\r\n.vkipr69ee0e0c9d623 {\r\ndisplay: none;\r\n}\r\n}\r\n<\/style>\r\n\n\n\n\n<p>&#8220;O absoluto e intransigente respeito \u00e0s garantias fundamentais n\u00e3o deve ser interpretado para limitar indevidamente o dever estatal de exercer a investiga\u00e7\u00e3o e a persecu\u00e7\u00e3o criminal, fun\u00e7\u00e3o de natureza essencial e que visa a garantir, tamb\u00e9m, o direito fundamental \u00e0 probidade e seguran\u00e7a de todos os cidad\u00e3os&#8221;, diz o ministro.&nbsp;<\/p>\n\n\n\n<p>Alexandre pede que o presidente da corte, Luiz Fux, paute com urg\u00eancia a\u00a0continuidade do julgamento, j\u00e1 que o inqu\u00e9rito est\u00e1 parado desde 8 de outubro esperando resposta definitiva do STF.<\/p>\n\n\n\n<p>Conjur<\/p>\n","protected":false},"excerpt":{"rendered":"<p>N\u00e3o \u00e9 o investigado quem deve decidir de forma pr\u00e9via e genericamente&nbsp;a possibilidade ou n\u00e3o de fazer atos procedimentais ou processuais durante a investiga\u00e7\u00e3o criminal ou a instru\u00e7\u00e3o processual penal.&nbsp;Com esse entendimento, o ministro Alexandre de Moraes, do Supremo Tribunal Federal, negou pedido de que o inqu\u00e9rito seja remetido de&nbsp;imediato para a&nbsp;Pol\u00edcia Federal elaborar o<br \/><a class=\"more-link\" href=\"https:\/\/justicapotiguar.com.br\/index.php\/2020\/12\/07\/bolsonaro-nao-pode-recusar-depoimento-antes-do-stf-definir-o-interrogatorio-diz-moraes\/\">Mais&#8230;<\/a><\/p>\n","protected":false},"author":5,"featured_media":8031,"comment_status":"open","ping_status":"open","sticky":false,"template":"","format":"standard","meta":[],"categories":[3],"tags":[],"_links":{"self":[{"href":"https:\/\/justicapotiguar.com.br\/index.php\/wp-json\/wp\/v2\/posts\/15130"}],"collection":[{"href":"https:\/\/justicapotiguar.com.br\/index.php\/wp-json\/wp\/v2\/posts"}],"about":[{"href":"https:\/\/justicapotiguar.com.br\/index.php\/wp-json\/wp\/v2\/types\/post"}],"author":[{"embeddable":true,"href":"https:\/\/justicapotiguar.com.br\/index.php\/wp-json\/wp\/v2\/users\/5"}],"replies":[{"embeddable":true,"href":"https:\/\/justicapotiguar.com.br\/index.php\/wp-json\/wp\/v2\/comments?post=15130"}],"version-history":[{"count":1,"href":"https:\/\/justicapotiguar.com.br\/index.php\/wp-json\/wp\/v2\/posts\/15130\/revisions"}],"predecessor-version":[{"id":15131,"href":"https:\/\/justicapotiguar.com.br\/index.php\/wp-json\/wp\/v2\/posts\/15130\/revisions\/15131"}],"wp:featuredmedia":[{"embeddable":true,"href":"https:\/\/justicapotiguar.com.br\/index.php\/wp-json\/wp\/v2\/media\/8031"}],"wp:attachment":[{"href":"https:\/\/justicapotiguar.com.br\/index.php\/wp-json\/wp\/v2\/media?parent=15130"}],"wp:term":[{"taxonomy":"category","embeddable":true,"href":"https:\/\/justicapotiguar.com.br\/index.php\/wp-json\/wp\/v2\/categories?post=15130"},{"taxonomy":"post_tag","embeddable":true,"href":"https:\/\/justicapotiguar.com.br\/index.php\/wp-json\/wp\/v2\/tags?post=15130"}],"curies":[{"name":"wp","href":"https:\/\/api.w.org\/{rel}","templated":true}]}}