{"id":15128,"date":"2020-12-07T16:32:20","date_gmt":"2020-12-07T19:32:20","guid":{"rendered":"https:\/\/justicapotiguar.com.br\/?p=15128"},"modified":"2020-12-07T15:25:57","modified_gmt":"2020-12-07T18:25:57","slug":"stj-aplica-lei-maria-da-penha-em-crime-cometido-pelo-neto-da-patroa-contra-empregada","status":"publish","type":"post","link":"https:\/\/justicapotiguar.com.br\/index.php\/2020\/12\/07\/stj-aplica-lei-maria-da-penha-em-crime-cometido-pelo-neto-da-patroa-contra-empregada\/","title":{"rendered":"STJ aplica Lei Maria da Penha em crime cometido pelo neto da patroa contra empregada"},"content":{"rendered":"\n<p><br>O ministro&nbsp;<strong>Sebasti\u00e3o Reis J\u00fanior<\/strong>, do STJ, restabeleceu senten\u00e7a que condenou um homem pelo crime de atentado violento ao pudor (atual delito de estupro) praticado contra a empregada dom\u00e9stica que trabalhava na casa da av\u00f3 dele.<\/p>\n\n\n\n<p>O Tribunal de Justi\u00e7a de Goi\u00e1s, na an\u00e1lise de revis\u00e3o criminal, entendeu que a vara especializada em viol\u00eancia dom\u00e9stica seria incompetente para julgar o caso, e anulou a senten\u00e7a condenat\u00f3ria. Para a corte estadual, como o neto n\u00e3o morava na casa da av\u00f3, n\u00e3o seria aplic\u00e1vel a&nbsp;<a href=\"http:\/\/www.planalto.gov.br\/ccivil_03\/_ato2004-2006\/2006\/lei\/l11340.htm\" target=\"_blank\" rel=\"noreferrer noopener\">Lei Maria da Penha<\/a>, que prev\u00ea a compet\u00eancia da vara especializada para os crimes de viol\u00eancia dom\u00e9stica e familiar contra a mulher.<\/p>\n\n\n\n<figure class=\"wp-block-image\"><img src=\"https:\/\/img2.migalhas.uol.com.br\/_MEDPROC_\/https__img1.migalhas.uol.com.br__SL__gf_base__SL__empresas__SL__MIGA__SL__imagens__SL__2020__SL__12__SL__07__SL__a348b121-f8ae-44f8-b76b-005d1a9ed0f5.jpg._PROC_CP75.jpg\" alt=\"(Imagem: STJ)\" title=\"(Imagem: STJ)\"\/><\/figure>\n\n\n\n<p>(Imagem: STJ)<\/p>\n\n\n\n<p>Entretanto, segundo o ministro Sebasti\u00e3o Reis J\u00fanior, relator do caso no STJ, o pr\u00f3prio TJ\/GO reconheceu tratar-se de crime que teria sido praticado pelo neto da patroa contra a empregada que trabalhava na resid\u00eancia. Tais circunst\u00e2ncias &#8211; afirmou o ministro &#8211; confirmam a situa\u00e7\u00e3o de vulnerabilidade da v\u00edtima e atraem a compet\u00eancia do juizado de viol\u00eancia dom\u00e9stica.<\/p>\n\n\n\n<p>S. Exa. ressaltou que, de acordo com a senten\u00e7a condenat\u00f3ria, o crime foi cometido em ambiente dom\u00e9stico, tendo o neto da patroa se aproveitado do conv\u00edvio com a empregada da casa &#8211; ainda que espor\u00e1dico &#8211; para pratic\u00e1-lo, situa\u00e7\u00e3o que se enquadra na hip\u00f3tese do artigo 5\u00ba, inciso I, da Lei Maria da Penha.<\/p>\n\n\n\n<p><strong>Rela\u00e7\u00e3o de intimidade<\/strong><\/p><div class=\"qyyzw69ee0dc9721f5\" ><!--<a href=\"https:\/\/bit.ly\/3QdrqTZ\" target=\"_blank\">\n<img src=\"https:\/\/justicapotiguar.com.br\/wp-content\/uploads\/2023\/09\/mobile-geral.gif\"\/><a\/>--><\/div><style type=\"text\/css\">\r\n.qyyzw69ee0dc9721f5 {\r\ntext-align: center;\r\n}\r\n@media screen and (min-width: 1201px) {\r\n.qyyzw69ee0dc9721f5 {\r\ndisplay: none;\r\n}\r\n}\r\n@media screen and (min-width: 993px) and (max-width: 1200px) {\r\n.qyyzw69ee0dc9721f5 {\r\ndisplay: none;\r\n}\r\n}\r\n@media screen and (min-width: 769px) and (max-width: 992px) {\r\n.qyyzw69ee0dc9721f5 {\r\ndisplay: none;\r\n}\r\n}\r\n@media screen and (min-width: 768px) and (max-width: 768px) {\r\n.qyyzw69ee0dc9721f5 {\r\ndisplay: block;\r\n}\r\n}\r\n@media screen and (max-width: 767px) {\r\n.qyyzw69ee0dc9721f5 {\r\ndisplay: block;\r\n}\r\n}\r\n<\/style>\r\n<div class=\"jsrdw69ee0dc9721d5\" ><!--<a href=\"https:\/\/bit.ly\/3QdrqTZ\" target=\"_blank\">\n<img src=\"https:\/\/justicapotiguar.com.br\/wp-content\/uploads\/2023\/09\/desktop-geral.gif\"\/><a\/>--><\/div><style type=\"text\/css\">\r\n.jsrdw69ee0dc9721d5 {\r\ntext-align: center;\nmargin-bottom: 1em;\r\n}\r\n@media screen and (min-width: 1201px) {\r\n.jsrdw69ee0dc9721d5 {\r\ndisplay: block;\r\n}\r\n}\r\n@media screen and (min-width: 993px) and (max-width: 1200px) {\r\n.jsrdw69ee0dc9721d5 {\r\ndisplay: block;\r\n}\r\n}\r\n@media screen and (min-width: 769px) and (max-width: 992px) {\r\n.jsrdw69ee0dc9721d5 {\r\ndisplay: block;\r\n}\r\n}\r\n@media screen and (min-width: 768px) and (max-width: 768px) {\r\n.jsrdw69ee0dc9721d5 {\r\ndisplay: none;\r\n}\r\n}\r\n@media screen and (max-width: 767px) {\r\n.jsrdw69ee0dc9721d5 {\r\ndisplay: none;\r\n}\r\n}\r\n<\/style>\r\n\n\n\n\n<p>O relator tamb\u00e9m destacou que o fato de o r\u00e9u n\u00e3o morar na resid\u00eancia &#8211; circunst\u00e2ncia considerada pelo TJ\/GO para anular a senten\u00e7a &#8211; n\u00e3o afasta a aplicabilidade da Lei Maria da Penha.<\/p>\n\n\n\n<p>De acordo com o ministro,&nbsp;<em>&#8220;o que se exige \u00e9 um nexo de causalidade entre a conduta criminosa e a rela\u00e7\u00e3o de intimidade pr\u00e9-existente, gerada pelo conv\u00edvio dom\u00e9stico, sendo desnecess\u00e1ria coabita\u00e7\u00e3o ou conv\u00edvio cont\u00ednuo entre o agressor e a v\u00edtima, podendo o contato ocorrer de forma espor\u00e1dica&#8221;.<\/em><\/p>\n\n\n\n<p>Ao restabelecer a senten\u00e7a, Sebasti\u00e3o Reis J\u00fanior ressaltou parecer do Minist\u00e9rio P\u00fablico Federal no sentido de que, no caso dos autos, considerando a exist\u00eancia de rela\u00e7\u00e3o hier\u00e1rquica e de hipossufici\u00eancia da v\u00edtima, n\u00e3o h\u00e1 d\u00favidas de que a hip\u00f3tese \u00e9 de viol\u00eancia dom\u00e9stica contra a mulher, sendo competente a vara especializada<\/p>\n\n\n\n<p>O n\u00famero deste processo n\u00e3o \u00e9 divulgado em raz\u00e3o de segredo judicial.<\/p>\n\n\n\n<p>Migalhas<\/p>\n","protected":false},"excerpt":{"rendered":"<p>O ministro&nbsp;Sebasti\u00e3o Reis J\u00fanior, do STJ, restabeleceu senten\u00e7a que condenou um homem pelo crime de atentado violento ao pudor (atual delito de estupro) praticado contra a empregada dom\u00e9stica que trabalhava na casa da av\u00f3 dele. O Tribunal de Justi\u00e7a de Goi\u00e1s, na an\u00e1lise de revis\u00e3o criminal, entendeu que a vara especializada em viol\u00eancia dom\u00e9stica seria<br \/><a class=\"more-link\" href=\"https:\/\/justicapotiguar.com.br\/index.php\/2020\/12\/07\/stj-aplica-lei-maria-da-penha-em-crime-cometido-pelo-neto-da-patroa-contra-empregada\/\">Mais&#8230;<\/a><\/p>\n","protected":false},"author":5,"featured_media":2336,"comment_status":"open","ping_status":"open","sticky":false,"template":"","format":"standard","meta":[],"categories":[3],"tags":[],"_links":{"self":[{"href":"https:\/\/justicapotiguar.com.br\/index.php\/wp-json\/wp\/v2\/posts\/15128"}],"collection":[{"href":"https:\/\/justicapotiguar.com.br\/index.php\/wp-json\/wp\/v2\/posts"}],"about":[{"href":"https:\/\/justicapotiguar.com.br\/index.php\/wp-json\/wp\/v2\/types\/post"}],"author":[{"embeddable":true,"href":"https:\/\/justicapotiguar.com.br\/index.php\/wp-json\/wp\/v2\/users\/5"}],"replies":[{"embeddable":true,"href":"https:\/\/justicapotiguar.com.br\/index.php\/wp-json\/wp\/v2\/comments?post=15128"}],"version-history":[{"count":1,"href":"https:\/\/justicapotiguar.com.br\/index.php\/wp-json\/wp\/v2\/posts\/15128\/revisions"}],"predecessor-version":[{"id":15129,"href":"https:\/\/justicapotiguar.com.br\/index.php\/wp-json\/wp\/v2\/posts\/15128\/revisions\/15129"}],"wp:featuredmedia":[{"embeddable":true,"href":"https:\/\/justicapotiguar.com.br\/index.php\/wp-json\/wp\/v2\/media\/2336"}],"wp:attachment":[{"href":"https:\/\/justicapotiguar.com.br\/index.php\/wp-json\/wp\/v2\/media?parent=15128"}],"wp:term":[{"taxonomy":"category","embeddable":true,"href":"https:\/\/justicapotiguar.com.br\/index.php\/wp-json\/wp\/v2\/categories?post=15128"},{"taxonomy":"post_tag","embeddable":true,"href":"https:\/\/justicapotiguar.com.br\/index.php\/wp-json\/wp\/v2\/tags?post=15128"}],"curies":[{"name":"wp","href":"https:\/\/api.w.org\/{rel}","templated":true}]}}