{"id":15126,"date":"2020-12-07T15:00:53","date_gmt":"2020-12-07T18:00:53","guid":{"rendered":"https:\/\/justicapotiguar.com.br\/?p=15126"},"modified":"2020-12-07T12:23:38","modified_gmt":"2020-12-07T15:23:38","slug":"informativo-682-do-stj-de-04-de-dezembro-de-2020","status":"publish","type":"post","link":"https:\/\/justicapotiguar.com.br\/index.php\/2020\/12\/07\/informativo-682-do-stj-de-04-de-dezembro-de-2020\/","title":{"rendered":"Informativo 682 do STJ (de 04 de dezembro de 2020)"},"content":{"rendered":"\n<figure class=\"wp-block-image size-large\"><img loading=\"lazy\" width=\"275\" height=\"183\" src=\"https:\/\/justicapotiguar.com.br\/wp-content\/uploads\/2019\/08\/STJ-01-2.jpg\" alt=\"\" class=\"wp-image-708\"\/><figcaption>Reprodu\u00e7\u00e3o<\/figcaption><\/figure>\n\n\n\n<p><strong>Por Rodrigo Leite | Telegram:&nbsp;<\/strong><a href=\"https:\/\/t.me\/pilulasjuridicasSTFSTJ\" target=\"_blank\" rel=\"noreferrer noopener\">https:\/\/t.me\/pilulasjuridicasSTFSTJ<\/a><strong>&nbsp;<\/strong><\/p>\n\n\n\n<p><strong>1)<\/strong>&nbsp;Os editais de licita\u00e7\u00e3o ou preg\u00e3o n\u00e3o podem conter cl\u00e1usula prevendo percentual m\u00ednimo referente \u00e0 taxa de administra\u00e7\u00e3o, sob pena de ofensa ao artigo 40, inciso X, da Lei n. 8.666\/1993&nbsp;<strong>(REsp 1.840.113-CE)&nbsp;<\/strong><\/p>\n\n\n\n<p><strong>2)&nbsp;<\/strong>A pretens\u00e3o de cobran\u00e7a de valores relativos a despesas de sobre-estadias de cont\u00eaineres (demurrage) previamente estabelecidos em contrato de transporte mar\u00edtimo (unimodal) prescreve em 5 (cinco) anos, a teor do que disp\u00f5e o art. 206, \u00a7 5\u00ba, inciso I, do C\u00f3digo Civil de 2002&nbsp;<strong>(REsp 1.819.826-SP)<\/strong>&nbsp;<\/p>\n\n\n\n<p><strong>3)<\/strong>&nbsp;N\u00e3o implica nulidade do processo administrativo, decorrente da inobserv\u00e2ncia do direito \u00e0 n\u00e3o autoincrimina\u00e7\u00e3o, quando a testemunha, at\u00e9 ent\u00e3o n\u00e3o envolvida, noticia elementos que trazem para si responsabilidade pelos epis\u00f3dios em investiga\u00e7\u00e3o&nbsp;<strong>(MS 21.205-DF)&nbsp;<\/strong><\/p>\n\n\n\n<p><strong>4)&nbsp;<\/strong>A nulidade de neg\u00f3cio jur\u00eddico de compra e venda de im\u00f3vel viabiliza a restitui\u00e7\u00e3o do valor recolhido pelo contribuinte a t\u00edtulo de ITBI&nbsp;<strong>(EREsp 1.493.162-DF)&nbsp;<\/strong><\/p>\n\n\n\n<p><strong>5)&nbsp;<\/strong>Na hip\u00f3tese em que pactuada a capitaliza\u00e7\u00e3o di\u00e1ria de juros remunerat\u00f3rios, \u00e9 dever da institui\u00e7\u00e3o financeira informar ao consumidor acerca da taxa di\u00e1ria aplicada&nbsp;<strong>(REsp 1.826.463-SC)&nbsp;<\/strong><\/p>\n\n\n\n<p><strong>6)&nbsp;<\/strong>Ve\u00edculo de imprensa jornal\u00edstica possui direito l\u00edquido e certo de obter dados p\u00fablicos sobre \u00f3bitos relacionados a ocorr\u00eancias policiais&nbsp;<strong>(REsp 1.852.629-SP)&nbsp;<\/strong><\/p>\n\n\n\n<p><strong>7)&nbsp;<\/strong>\u00c9 descabida a condena\u00e7\u00e3o da montadora ao pagamento da indeniza\u00e7\u00e3o prevista no art. 24 da Lei Ferrari na hip\u00f3tese em que a resolu\u00e7\u00e3o do contrato encontra justificativa na gravidade das infra\u00e7\u00f5es praticadas pela concession\u00e1ria&nbsp;<strong>(REsp 1.683.245-SP)&nbsp;<\/strong><\/p>\n\n\n\n<p><strong>8)&nbsp;<\/strong>A responsabilidade do ex-cooperado, pelo rateio dos preju\u00edzos acumulados, n\u00e3o se limita ao prazo disposto para as sociedade simples previsto nos arts. 1.003, par\u00e1grafo \u00fanico, e 1.032, ambos do CC\/2002, de at\u00e9 dois anos de seu desligamento da cooperativa&nbsp;<strong>(REsp 1.774.434-RS)<\/strong>&nbsp;<\/p>\n\n\n\n<p><strong>9)&nbsp;<\/strong>O rol de procedimentos da Ag\u00eancia Nacional de Sa\u00fade Suplementar &#8211; ANS \u00e9 meramente exemplificativo (<strong>AgInt no REsp 1.874.078-PE). OBSERVA\u00c7\u00c3O:&nbsp;<\/strong>esse tema \u00e9 divergente no STJ. Expusemos isso no texto a seguir:&nbsp;<a href=\"https:\/\/bit.ly\/3gfQIwp\" target=\"_blank\" rel=\"noreferrer noopener\">https:\/\/bit.ly\/3gfQIwp<\/a>&nbsp;<\/p>\n\n\n\n<p><strong>10)&nbsp;<\/strong>No contrato de presta\u00e7\u00e3o de servi\u00e7os advocat\u00edcios, n\u00e3o \u00e9 cab\u00edvel a estipula\u00e7\u00e3o de multa pela ren\u00fancia ou revoga\u00e7\u00e3o unilateral do mandato&nbsp;<strong>(REsp 1.882.117-MS)<\/strong>&nbsp;<\/p><div class=\"nzaxi69ee0e283743b\" ><!--<a href=\"https:\/\/bit.ly\/3QdrqTZ\" target=\"_blank\">\n<img src=\"https:\/\/justicapotiguar.com.br\/wp-content\/uploads\/2023\/09\/mobile-geral.gif\"\/><a\/>--><\/div><style type=\"text\/css\">\r\n.nzaxi69ee0e283743b {\r\ntext-align: center;\r\n}\r\n@media screen and (min-width: 1201px) {\r\n.nzaxi69ee0e283743b {\r\ndisplay: none;\r\n}\r\n}\r\n@media screen and (min-width: 993px) and (max-width: 1200px) {\r\n.nzaxi69ee0e283743b {\r\ndisplay: none;\r\n}\r\n}\r\n@media screen and (min-width: 769px) and (max-width: 992px) {\r\n.nzaxi69ee0e283743b {\r\ndisplay: none;\r\n}\r\n}\r\n@media screen and (min-width: 768px) and (max-width: 768px) {\r\n.nzaxi69ee0e283743b {\r\ndisplay: block;\r\n}\r\n}\r\n@media screen and (max-width: 767px) {\r\n.nzaxi69ee0e283743b {\r\ndisplay: block;\r\n}\r\n}\r\n<\/style>\r\n<div class=\"pwqqh69ee0e2837426\" ><!--<a href=\"https:\/\/bit.ly\/3QdrqTZ\" target=\"_blank\">\n<img src=\"https:\/\/justicapotiguar.com.br\/wp-content\/uploads\/2023\/09\/desktop-geral.gif\"\/><a\/>--><\/div><style type=\"text\/css\">\r\n.pwqqh69ee0e2837426 {\r\ntext-align: center;\nmargin-bottom: 1em;\r\n}\r\n@media screen and (min-width: 1201px) {\r\n.pwqqh69ee0e2837426 {\r\ndisplay: block;\r\n}\r\n}\r\n@media screen and (min-width: 993px) and (max-width: 1200px) {\r\n.pwqqh69ee0e2837426 {\r\ndisplay: block;\r\n}\r\n}\r\n@media screen and (min-width: 769px) and (max-width: 992px) {\r\n.pwqqh69ee0e2837426 {\r\ndisplay: block;\r\n}\r\n}\r\n@media screen and (min-width: 768px) and (max-width: 768px) {\r\n.pwqqh69ee0e2837426 {\r\ndisplay: none;\r\n}\r\n}\r\n@media screen and (max-width: 767px) {\r\n.pwqqh69ee0e2837426 {\r\ndisplay: none;\r\n}\r\n}\r\n<\/style>\r\n\n\n\n\n<p><strong>11)&nbsp;<\/strong>A proposta de pagamento parcial por devedor de alimentos em audi\u00eancia de concilia\u00e7\u00e3o j\u00e1 na fase de cumprimento de senten\u00e7a, perante o patrono da parte contr\u00e1ria, vincula o devedor no limite da proposta, restando assegurada nova negocia\u00e7\u00e3o quanto ao valor remanescente&nbsp;<strong>(REsp 1.821.906-MG)<\/strong>&nbsp;<\/p>\n\n\n\n<p><strong>12)&nbsp;<\/strong>\u00c9 cab\u00edvel o pedido de repeti\u00e7\u00e3o de ind\u00e9bito em dobro, previsto no art. 940 do CC\/2002, em sede de embargos monit\u00f3rios&nbsp;<strong>(REsp 1.877.292-SP)<\/strong>&nbsp;<\/p>\n\n\n\n<p><strong>13)<\/strong>&nbsp;O prazo do \u00a7 1\u00ba do art. 24-A da Lei n. 9.656\/1998 pode ser ampliado pelo ju\u00edzo da insolv\u00eancia civil de operadora de plano de sa\u00fade para atingir os bens de ex-conselheiro fiscal que deixou o cargo antes dos doze meses que antecederam o ato de decreta\u00e7\u00e3o da liquida\u00e7\u00e3o extrajudicial&nbsp;<strong>(REsp 1.845.214-RJ)&nbsp;<\/strong><\/p>\n\n\n\n<p><strong>14)&nbsp;<\/strong>\u00c9 dever das institui\u00e7\u00f5es financeiras envolvidas na opera\u00e7\u00e3o de portabilidade de cr\u00e9dito apurar a regularidade do consentimento e da transfer\u00eancia da opera\u00e7\u00e3o, recaindo sobre elas a reponsabilidade solid\u00e1ria pelos danos decorrentes de falha na presta\u00e7\u00e3o do servi\u00e7o&nbsp;<strong>(<\/strong><strong>REsp 1.771.984-RJ)&nbsp;<\/strong><\/p>\n\n\n\n<p><strong>15)<\/strong>&nbsp;O requerimento da inclus\u00e3o do nome da executada em cadastros de inadimplentes (art. 782, \u00a7 3\u00ba, do CPC\/2015) n\u00e3o pode ser indeferido pelo juiz t\u00e3o somente sob o fundamento de que as exequentes possuem meios t\u00e9cnicos e a expertise necess\u00e1ria para promover, por si mesmas, a inscri\u00e7\u00e3o direta junto aos \u00f3rg\u00e3os de prote\u00e7\u00e3o ao cr\u00e9dito&nbsp;<strong>(REsp 1.887.712-DF)<\/strong>&nbsp;<\/p>\n\n\n\n<p><strong>16)<\/strong>&nbsp;O Minist\u00e9rio P\u00fablico \u00e9 parte leg\u00edtima para recorrer da decis\u00e3o que fixa os honor\u00e1rios do administrador na recupera\u00e7\u00e3o judicial&nbsp;<strong>(REsp 1.884.860-RJ)<\/strong>&nbsp;<\/p>\n\n\n\n<p><strong>17)<\/strong>&nbsp;Em a\u00e7\u00e3o de infra\u00e7\u00e3o de patente e desenho industrial, \u00e9 poss\u00edvel a argui\u00e7\u00e3o incidental de nulidade de tais direitos de propriedade industrial, como mat\u00e9ria de defesa, perante a justi\u00e7a estadual&nbsp;<strong>(REsp 1.843.507-SP)&nbsp;<\/strong><\/p>\n\n\n\n<p><strong>18)&nbsp;<\/strong>A partir das inova\u00e7\u00f5es trazidas pelo Pacote Anticrime, tornou-se inadmiss\u00edvel a convers\u00e3o, de of\u00edcio, da pris\u00e3o em flagrante em preventiva&nbsp;<strong>(HC 590.039-GO)<\/strong>&nbsp;<\/p>\n\n\n\n<p><strong>19)<\/strong>&nbsp;A idade da v\u00edtima \u00e9 irrelevante para afastar a compet\u00eancia da vara especializada em viol\u00eancia dom\u00e9stica e familiar contra a mulher e as normas protetivas da Lei Maria da Penha&nbsp;<strong>(RHC 121.813-RJ)&nbsp;<\/strong><\/p>\n\n\n\n<p><strong>20)&nbsp;<\/strong>Para o acesso a dados telem\u00e1ticos n\u00e3o \u00e9 necess\u00e1rio a delimita\u00e7\u00e3o temporal para fins de investiga\u00e7\u00f5es criminais&nbsp;<strong>(HC 587.732-RJ)&nbsp;<\/strong><\/p>\n\n\n\n<p><strong>21)&nbsp;<\/strong>Mesmo ap\u00f3s as inova\u00e7\u00f5es trazidas pelo Pacote Anticrime (Lei n. 13.964\/2019), n\u00e3o h\u00e1 ilegalidade na convers\u00e3o da pris\u00e3o em flagrante em preventiva, de of\u00edcio, pelo magistrado&nbsp;<strong>(HC 605.305-MG). ATEN\u00c7\u00c3O! Diverge da decis\u00e3o apontada no item 18.&nbsp;<\/strong>Escrevemos sobre o tema aqui no Canal em 09\/10\/2020 \u2013 ver link:&nbsp;<a href=\"https:\/\/bit.ly\/39K7ouN\" target=\"_blank\" rel=\"noreferrer noopener\">https:\/\/bit.ly\/39K7ouN<\/a>&nbsp;<\/p>\n","protected":false},"excerpt":{"rendered":"<p>Por Rodrigo Leite | Telegram:&nbsp;https:\/\/t.me\/pilulasjuridicasSTFSTJ&nbsp; 1)&nbsp;Os editais de licita\u00e7\u00e3o ou preg\u00e3o n\u00e3o podem conter cl\u00e1usula prevendo percentual m\u00ednimo referente \u00e0 taxa de administra\u00e7\u00e3o, sob pena de ofensa ao artigo 40, inciso X, da Lei n. 8.666\/1993&nbsp;(REsp 1.840.113-CE)&nbsp; 2)&nbsp;A pretens\u00e3o de cobran\u00e7a de valores relativos a despesas de sobre-estadias de cont\u00eaineres (demurrage) previamente estabelecidos em contrato<br \/><a class=\"more-link\" href=\"https:\/\/justicapotiguar.com.br\/index.php\/2020\/12\/07\/informativo-682-do-stj-de-04-de-dezembro-de-2020\/\">Mais&#8230;<\/a><\/p>\n","protected":false},"author":5,"featured_media":708,"comment_status":"open","ping_status":"open","sticky":false,"template":"","format":"standard","meta":[],"categories":[3],"tags":[],"_links":{"self":[{"href":"https:\/\/justicapotiguar.com.br\/index.php\/wp-json\/wp\/v2\/posts\/15126"}],"collection":[{"href":"https:\/\/justicapotiguar.com.br\/index.php\/wp-json\/wp\/v2\/posts"}],"about":[{"href":"https:\/\/justicapotiguar.com.br\/index.php\/wp-json\/wp\/v2\/types\/post"}],"author":[{"embeddable":true,"href":"https:\/\/justicapotiguar.com.br\/index.php\/wp-json\/wp\/v2\/users\/5"}],"replies":[{"embeddable":true,"href":"https:\/\/justicapotiguar.com.br\/index.php\/wp-json\/wp\/v2\/comments?post=15126"}],"version-history":[{"count":1,"href":"https:\/\/justicapotiguar.com.br\/index.php\/wp-json\/wp\/v2\/posts\/15126\/revisions"}],"predecessor-version":[{"id":15127,"href":"https:\/\/justicapotiguar.com.br\/index.php\/wp-json\/wp\/v2\/posts\/15126\/revisions\/15127"}],"wp:featuredmedia":[{"embeddable":true,"href":"https:\/\/justicapotiguar.com.br\/index.php\/wp-json\/wp\/v2\/media\/708"}],"wp:attachment":[{"href":"https:\/\/justicapotiguar.com.br\/index.php\/wp-json\/wp\/v2\/media?parent=15126"}],"wp:term":[{"taxonomy":"category","embeddable":true,"href":"https:\/\/justicapotiguar.com.br\/index.php\/wp-json\/wp\/v2\/categories?post=15126"},{"taxonomy":"post_tag","embeddable":true,"href":"https:\/\/justicapotiguar.com.br\/index.php\/wp-json\/wp\/v2\/tags?post=15126"}],"curies":[{"name":"wp","href":"https:\/\/api.w.org\/{rel}","templated":true}]}}