{"id":15089,"date":"2020-12-04T18:32:31","date_gmt":"2020-12-04T21:32:31","guid":{"rendered":"https:\/\/justicapotiguar.com.br\/?p=15089"},"modified":"2020-12-04T15:56:48","modified_gmt":"2020-12-04T18:56:48","slug":"stf-compra-da-coronavac-pelo-governo-federal-sera-julgada-no-proximo-dia-16","status":"publish","type":"post","link":"https:\/\/justicapotiguar.com.br\/index.php\/2020\/12\/04\/stf-compra-da-coronavac-pelo-governo-federal-sera-julgada-no-proximo-dia-16\/","title":{"rendered":"STF: Compra da CoronaVac pelo governo Federal ser\u00e1 julgada no pr\u00f3ximo dia 16"},"content":{"rendered":"\n<p>Est\u00e1 pautado para o pr\u00f3ximo dia 16, no STF, a\u00e7\u00e3o que discute a compra de 46 milh\u00f5es de doses da vacina CoronaVac. O caso estava pautado para julgamento em plen\u00e1rio virtual que se iniciaria hoje, se n\u00e3o fosse um&nbsp;<a href=\"https:\/\/migalhas.uol.com.br\/quentes\/337353\/fux-determina-que-plenario-julgue-acao-que-pode-obrigar-governo-a-adquirir-coronavac\" target=\"_blank\" rel=\"noreferrer noopener\">pedido<\/a>&nbsp;de destaque do presidente Fux.<\/p>\n\n\n\n<p>O relator da a\u00e7\u00e3o, ministro Lewandowski, pautou em lista a a\u00e7\u00e3o, que poder\u00e1 ser apregoada e julgada por videoconfer\u00eancia. Veja o&nbsp;<a href=\"https:\/\/migalhas.uol.com.br\/arquivos\/2020\/11\/0DF5AC4E9DAC6D_relatorio.pdf\" target=\"_blank\" rel=\"noreferrer noopener\">relat\u00f3rio<\/a>&nbsp;da a\u00e7\u00e3o.&nbsp;<\/p>\n\n\n\n<p>Para o Ministro Lewandowski, o julgamento das a\u00e7\u00f5es, ainda neste ano, \u00e9 de car\u00e1ter urgente para o resguardo da vida de centenas de milhares de brasileiros em face da pandemia do corona v\u00edrus e da necessidade de um plano eficaz de vacina\u00e7\u00e3o.<\/p>\n\n\n\n<p>O autor da a\u00e7\u00e3o \u00e9 o partido Rede Sustentabilidade, o qual pretende compelir o governo Federal a adquirir 46 milh\u00f5es de doses da vacina chinesa. Em outubro, o minist\u00e9rio da Sa\u00fade sinalizou a inten\u00e7\u00e3o de comprar a CoronaVac, mas logo depois, o presidente Bolsonaro afirmou que as doses n\u00e3o seriam adquiridas, alegando necessitar de &#8220;comprova\u00e7\u00e3o cient\u00edfica pelo MS e certifica\u00e7\u00e3o pela Anvisa&#8221;.<\/p>\n\n\n\n<figure class=\"wp-block-image\"><img src=\"https:\/\/img2.migalhas.uol.com.br\/_MEDPROC_\/https__img1.migalhas.uol.com.br__SL__gf_base__SL__empresas__SL__MIGA__SL__imagens__SL__2020__SL__12__SL__04__SL__7bab81b9-d4d1-4e62-b1a9-e4bd96534fdb.jpg._PROC_CP75.jpg\" alt=\"(Imagem: Freepik)\" title=\"(Imagem: Freepik)\"\/><\/figure>\n\n\n\n<p>(Imagem: Freepik)<\/p>\n\n\n\n<p><strong>Percal\u00e7os<\/strong><\/p><div class=\"vzovt69edfca4b4ab9\" ><!--<a href=\"https:\/\/bit.ly\/3QdrqTZ\" target=\"_blank\">\n<img src=\"https:\/\/justicapotiguar.com.br\/wp-content\/uploads\/2023\/09\/mobile-geral.gif\"\/><a\/>--><\/div><style type=\"text\/css\">\r\n.vzovt69edfca4b4ab9 {\r\ntext-align: center;\r\n}\r\n@media screen and (min-width: 1201px) {\r\n.vzovt69edfca4b4ab9 {\r\ndisplay: none;\r\n}\r\n}\r\n@media screen and (min-width: 993px) and (max-width: 1200px) {\r\n.vzovt69edfca4b4ab9 {\r\ndisplay: none;\r\n}\r\n}\r\n@media screen and (min-width: 769px) and (max-width: 992px) {\r\n.vzovt69edfca4b4ab9 {\r\ndisplay: none;\r\n}\r\n}\r\n@media screen and (min-width: 768px) and (max-width: 768px) {\r\n.vzovt69edfca4b4ab9 {\r\ndisplay: block;\r\n}\r\n}\r\n@media screen and (max-width: 767px) {\r\n.vzovt69edfca4b4ab9 {\r\ndisplay: block;\r\n}\r\n}\r\n<\/style>\r\n<div class=\"dqxtu69edfca4b4aa4\" ><!--<a href=\"https:\/\/bit.ly\/3QdrqTZ\" target=\"_blank\">\n<img src=\"https:\/\/justicapotiguar.com.br\/wp-content\/uploads\/2023\/09\/desktop-geral.gif\"\/><a\/>--><\/div><style type=\"text\/css\">\r\n.dqxtu69edfca4b4aa4 {\r\ntext-align: center;\nmargin-bottom: 1em;\r\n}\r\n@media screen and (min-width: 1201px) {\r\n.dqxtu69edfca4b4aa4 {\r\ndisplay: block;\r\n}\r\n}\r\n@media screen and (min-width: 993px) and (max-width: 1200px) {\r\n.dqxtu69edfca4b4aa4 {\r\ndisplay: block;\r\n}\r\n}\r\n@media screen and (min-width: 769px) and (max-width: 992px) {\r\n.dqxtu69edfca4b4aa4 {\r\ndisplay: block;\r\n}\r\n}\r\n@media screen and (min-width: 768px) and (max-width: 768px) {\r\n.dqxtu69edfca4b4aa4 {\r\ndisplay: none;\r\n}\r\n}\r\n@media screen and (max-width: 767px) {\r\n.dqxtu69edfca4b4aa4 {\r\ndisplay: none;\r\n}\r\n}\r\n<\/style>\r\n\n\n\n\n<p>No come\u00e7o de novembro, a&nbsp;Anvisa suspendeu os testes da vacina alegando que houve &#8220;erro adverso grave&#8221;, mas n\u00e3o explicou detalhes da suspens\u00e3o.<\/p>\n\n\n\n<p>Ap\u00f3s repercuss\u00e3o, o diretor-presidente da Ag\u00eancia, Antonio Barra Torres, disse em coletiva que a decis\u00e3o de suspender os testes foi &#8220;t\u00e9cnica&#8221; e baseada no fato de que as informa\u00e7\u00f5es repassadas pelo Instituto Butantan eram &#8220;insuficientes&#8221; e &#8220;incompletas&#8221;.<\/p>\n\n\n\n<p>O presidente Jair Bolsonaro respondeu a um seguidor no Facebook comentando a suspens\u00e3o dos testes. O internauta questionava se Bolsonaro compraria a vacina caso fosse segura. O presidente, ent\u00e3o, respondeu \u00e0 pergunta falando que &#8220;ganhou mais uma&#8221; e colocou publica\u00e7\u00e3o da suspens\u00e3o dos testes.<\/p>\n\n\n\n<p><em>&#8220;Morte, invalidez, anomalia. Esta \u00e9 a vacina que o D\u00f3ria queria obrigar a todos os paulistanos tom\u00e1-la. O presidente disse que a vacina jamais poderia ser obrigat\u00f3ria. Mais uma que Jair Bolsonaro ganha&#8221;,<\/em>&nbsp;publicou.<\/p>\n\n\n\n<p>Posteriormente, a&nbsp;Anvisa autorizou a retomada dos estudos da Coronavac. A institui\u00e7\u00e3o&nbsp;comunicou que ap\u00f3s avaliar os novos dados apresentados, entendeu que tem subs\u00eddios suficientes para permitir a retomada da vacina\u00e7\u00e3o.<\/p>\n\n\n\n<ul><li>Processo:\u00a0ADPF\u00a0<a rel=\"noreferrer noopener\" href=\"http:\/\/portal.stf.jus.br\/processos\/detalhe.asp?incidente=6034102\" target=\"_blank\">754<\/a><\/li><\/ul>\n\n\n\n<p>Migalhas<\/p>\n","protected":false},"excerpt":{"rendered":"<p>Est\u00e1 pautado para o pr\u00f3ximo dia 16, no STF, a\u00e7\u00e3o que discute a compra de 46 milh\u00f5es de doses da vacina CoronaVac. O caso estava pautado para julgamento em plen\u00e1rio virtual que se iniciaria hoje, se n\u00e3o fosse um&nbsp;pedido&nbsp;de destaque do presidente Fux. O relator da a\u00e7\u00e3o, ministro Lewandowski, pautou em lista a a\u00e7\u00e3o, que<br \/><a class=\"more-link\" href=\"https:\/\/justicapotiguar.com.br\/index.php\/2020\/12\/04\/stf-compra-da-coronavac-pelo-governo-federal-sera-julgada-no-proximo-dia-16\/\">Mais&#8230;<\/a><\/p>\n","protected":false},"author":5,"featured_media":7450,"comment_status":"open","ping_status":"open","sticky":false,"template":"","format":"standard","meta":[],"categories":[3],"tags":[],"_links":{"self":[{"href":"https:\/\/justicapotiguar.com.br\/index.php\/wp-json\/wp\/v2\/posts\/15089"}],"collection":[{"href":"https:\/\/justicapotiguar.com.br\/index.php\/wp-json\/wp\/v2\/posts"}],"about":[{"href":"https:\/\/justicapotiguar.com.br\/index.php\/wp-json\/wp\/v2\/types\/post"}],"author":[{"embeddable":true,"href":"https:\/\/justicapotiguar.com.br\/index.php\/wp-json\/wp\/v2\/users\/5"}],"replies":[{"embeddable":true,"href":"https:\/\/justicapotiguar.com.br\/index.php\/wp-json\/wp\/v2\/comments?post=15089"}],"version-history":[{"count":1,"href":"https:\/\/justicapotiguar.com.br\/index.php\/wp-json\/wp\/v2\/posts\/15089\/revisions"}],"predecessor-version":[{"id":15090,"href":"https:\/\/justicapotiguar.com.br\/index.php\/wp-json\/wp\/v2\/posts\/15089\/revisions\/15090"}],"wp:featuredmedia":[{"embeddable":true,"href":"https:\/\/justicapotiguar.com.br\/index.php\/wp-json\/wp\/v2\/media\/7450"}],"wp:attachment":[{"href":"https:\/\/justicapotiguar.com.br\/index.php\/wp-json\/wp\/v2\/media?parent=15089"}],"wp:term":[{"taxonomy":"category","embeddable":true,"href":"https:\/\/justicapotiguar.com.br\/index.php\/wp-json\/wp\/v2\/categories?post=15089"},{"taxonomy":"post_tag","embeddable":true,"href":"https:\/\/justicapotiguar.com.br\/index.php\/wp-json\/wp\/v2\/tags?post=15089"}],"curies":[{"name":"wp","href":"https:\/\/api.w.org\/{rel}","templated":true}]}}