{"id":15001,"date":"2020-12-02T12:00:45","date_gmt":"2020-12-02T15:00:45","guid":{"rendered":"https:\/\/justicapotiguar.com.br\/?p=15001"},"modified":"2020-12-02T11:18:59","modified_gmt":"2020-12-02T14:18:59","slug":"orgao-vota-a-favor-de-paridade-de-genero-mas-apenas-15-de-cotas-para-negros-em-disputa-eleitoral-na-oab","status":"publish","type":"post","link":"https:\/\/justicapotiguar.com.br\/index.php\/2020\/12\/02\/orgao-vota-a-favor-de-paridade-de-genero-mas-apenas-15-de-cotas-para-negros-em-disputa-eleitoral-na-oab\/","title":{"rendered":"\u00d3rg\u00e3o vota a favor de paridade de g\u00eanero, mas apenas 15% de cotas para negros em disputa eleitoral na OAB"},"content":{"rendered":"\n<p>O Col\u00e9gio de Presidentes da OAB (Ordem dos Advogados do Brasil), em decis\u00e3o consultiva, votou favoravelmente \u00e0 paridade de g\u00eanero nos \u00f3rg\u00e3os da entidade e a\u00a0<a href=\"https:\/\/www1.folha.uol.com.br\/poder\/2020\/11\/plano-de-cota-racial-na-oab-abre-brecha-para-que-negros-sigam-fora-das-diretorias.shtml\">cotas raciais\u00a0<\/a>de 15%, nesta ter\u00e7a-feira (1\u00ba ).<\/p>\n\n\n\n<figure class=\"wp-block-image size-large\"><img loading=\"lazy\" width=\"550\" height=\"310\" src=\"https:\/\/justicapotiguar.com.br\/wp-content\/uploads\/2020\/12\/images-9.jpeg\" alt=\"\" class=\"wp-image-15002\" srcset=\"https:\/\/justicapotiguar.com.br\/wp-content\/uploads\/2020\/12\/images-9.jpeg 550w, https:\/\/justicapotiguar.com.br\/wp-content\/uploads\/2020\/12\/images-9-300x169.jpeg 300w\" sizes=\"(max-width: 550px) 100vw, 550px\" \/><figcaption>Ilustrativa<\/figcaption><\/figure>\n\n\n\n<p>O percentual inicial de 15% dever\u00e1 ser posteriormente avaliado, a partir da realiza\u00e7\u00e3o de um censo da advocacia.<\/p>\n\n\n\n<p>Caso o entendimento se mantenha no Conselho Federal, \u00f3rg\u00e3o m\u00e1ximo da ordem, as regras j\u00e1 devem valer nas elei\u00e7\u00f5es de 2021 para chapas e cargos de dire\u00e7\u00e3o da OAB.<\/p>\n\n\n\n<p>Em meio a intensa press\u00e3o da advocacia feminina nas redes sociais, a reuni\u00e3o dos 27 presidentes das OABs estaduais come\u00e7ou pela manh\u00e3 e se estendeu at\u00e9 a noite.<\/p><div class=\"wxmxy69f3bc4d312c5\" ><!--<a href=\"https:\/\/bit.ly\/3QdrqTZ\" target=\"_blank\">\n<img src=\"https:\/\/justicapotiguar.com.br\/wp-content\/uploads\/2023\/09\/mobile-geral.gif\"\/><a\/>--><\/div><style type=\"text\/css\">\r\n.wxmxy69f3bc4d312c5 {\r\ntext-align: center;\r\n}\r\n@media screen and (min-width: 1201px) {\r\n.wxmxy69f3bc4d312c5 {\r\ndisplay: none;\r\n}\r\n}\r\n@media screen and (min-width: 993px) and (max-width: 1200px) {\r\n.wxmxy69f3bc4d312c5 {\r\ndisplay: none;\r\n}\r\n}\r\n@media screen and (min-width: 769px) and (max-width: 992px) {\r\n.wxmxy69f3bc4d312c5 {\r\ndisplay: none;\r\n}\r\n}\r\n@media screen and (min-width: 768px) and (max-width: 768px) {\r\n.wxmxy69f3bc4d312c5 {\r\ndisplay: block;\r\n}\r\n}\r\n@media screen and (max-width: 767px) {\r\n.wxmxy69f3bc4d312c5 {\r\ndisplay: block;\r\n}\r\n}\r\n<\/style>\r\n<div class=\"fdqii69f3bc4d312aa\" ><!--<a href=\"https:\/\/bit.ly\/3QdrqTZ\" target=\"_blank\">\n<img src=\"https:\/\/justicapotiguar.com.br\/wp-content\/uploads\/2023\/09\/desktop-geral.gif\"\/><a\/>--><\/div><style type=\"text\/css\">\r\n.fdqii69f3bc4d312aa {\r\ntext-align: center;\nmargin-bottom: 1em;\r\n}\r\n@media screen and (min-width: 1201px) {\r\n.fdqii69f3bc4d312aa {\r\ndisplay: block;\r\n}\r\n}\r\n@media screen and (min-width: 993px) and (max-width: 1200px) {\r\n.fdqii69f3bc4d312aa {\r\ndisplay: block;\r\n}\r\n}\r\n@media screen and (min-width: 769px) and (max-width: 992px) {\r\n.fdqii69f3bc4d312aa {\r\ndisplay: block;\r\n}\r\n}\r\n@media screen and (min-width: 768px) and (max-width: 768px) {\r\n.fdqii69f3bc4d312aa {\r\ndisplay: none;\r\n}\r\n}\r\n@media screen and (max-width: 767px) {\r\n.fdqii69f3bc4d312aa {\r\ndisplay: none;\r\n}\r\n}\r\n<\/style>\r\n\n\n\n\n<p>A reuni\u00e3o foi realizada de maneira h\u00edbrida, contando com participa\u00e7\u00f5es virtuais e presenciais. Da diretoria da OAB Nacional, que \u00e9 composta por cinco integrantes, o \u00fanico que n\u00e3o compareceu presencialmente \u00e0 sess\u00e3o desta ter\u00e7a foi o presidente nacional da ordem, Felipe Santa Cruz.<\/p>\n\n\n\n<p>Ao longo da sess\u00e3o, houve a tentativa de condicionar a aprova\u00e7\u00e3o da paridade de g\u00eanero \u00e0 realiza\u00e7\u00e3o de um plebiscito com toda a advocacia, e a aprova\u00e7\u00e3o da cotas raciais \u00e0 realiza\u00e7\u00e3o de um censo da advocacia. As propostas foram barradas.<\/p>\n\n\n\n<p>Folha de S Paulo<\/p>\n","protected":false},"excerpt":{"rendered":"<p>O Col\u00e9gio de Presidentes da OAB (Ordem dos Advogados do Brasil), em decis\u00e3o consultiva, votou favoravelmente \u00e0 paridade de g\u00eanero nos \u00f3rg\u00e3os da entidade e a\u00a0cotas raciais\u00a0de 15%, nesta ter\u00e7a-feira (1\u00ba ). O percentual inicial de 15% dever\u00e1 ser posteriormente avaliado, a partir da realiza\u00e7\u00e3o de um censo da advocacia. Caso o entendimento se mantenha<br \/><a class=\"more-link\" href=\"https:\/\/justicapotiguar.com.br\/index.php\/2020\/12\/02\/orgao-vota-a-favor-de-paridade-de-genero-mas-apenas-15-de-cotas-para-negros-em-disputa-eleitoral-na-oab\/\">Mais&#8230;<\/a><\/p>\n","protected":false},"author":5,"featured_media":15002,"comment_status":"open","ping_status":"open","sticky":false,"template":"","format":"standard","meta":[],"categories":[3],"tags":[],"_links":{"self":[{"href":"https:\/\/justicapotiguar.com.br\/index.php\/wp-json\/wp\/v2\/posts\/15001"}],"collection":[{"href":"https:\/\/justicapotiguar.com.br\/index.php\/wp-json\/wp\/v2\/posts"}],"about":[{"href":"https:\/\/justicapotiguar.com.br\/index.php\/wp-json\/wp\/v2\/types\/post"}],"author":[{"embeddable":true,"href":"https:\/\/justicapotiguar.com.br\/index.php\/wp-json\/wp\/v2\/users\/5"}],"replies":[{"embeddable":true,"href":"https:\/\/justicapotiguar.com.br\/index.php\/wp-json\/wp\/v2\/comments?post=15001"}],"version-history":[{"count":1,"href":"https:\/\/justicapotiguar.com.br\/index.php\/wp-json\/wp\/v2\/posts\/15001\/revisions"}],"predecessor-version":[{"id":15003,"href":"https:\/\/justicapotiguar.com.br\/index.php\/wp-json\/wp\/v2\/posts\/15001\/revisions\/15003"}],"wp:featuredmedia":[{"embeddable":true,"href":"https:\/\/justicapotiguar.com.br\/index.php\/wp-json\/wp\/v2\/media\/15002"}],"wp:attachment":[{"href":"https:\/\/justicapotiguar.com.br\/index.php\/wp-json\/wp\/v2\/media?parent=15001"}],"wp:term":[{"taxonomy":"category","embeddable":true,"href":"https:\/\/justicapotiguar.com.br\/index.php\/wp-json\/wp\/v2\/categories?post=15001"},{"taxonomy":"post_tag","embeddable":true,"href":"https:\/\/justicapotiguar.com.br\/index.php\/wp-json\/wp\/v2\/tags?post=15001"}],"curies":[{"name":"wp","href":"https:\/\/api.w.org\/{rel}","templated":true}]}}