{"id":14994,"date":"2020-12-02T10:00:01","date_gmt":"2020-12-02T13:00:01","guid":{"rendered":"https:\/\/justicapotiguar.com.br\/?p=14994"},"modified":"2020-12-02T09:16:23","modified_gmt":"2020-12-02T12:16:23","slug":"caso-da-bebe-kyara-para-mpf-uniao-nao-deve-pagar-remedio-mais-caro-do-mundo","status":"publish","type":"post","link":"https:\/\/justicapotiguar.com.br\/index.php\/2020\/12\/02\/caso-da-bebe-kyara-para-mpf-uniao-nao-deve-pagar-remedio-mais-caro-do-mundo\/","title":{"rendered":"Caso da beb\u00ea Kyara: Para MPF, Uni\u00e3o n\u00e3o deve pagar rem\u00e9dio mais caro do mundo"},"content":{"rendered":"\n<p><br><br>Em parecer emitido nesta quarta-feira (1\u00ba), o Minist\u00e9rio P\u00fablico Federal (MPF) defende que a Uni\u00e3o n\u00e3o deve arcar com parte do pagamento do f\u00e1rmaco Zolgensma &#8211; conhecido como o &#8220;rem\u00e9dio mais caro do mundo&#8221; &#8211; no tratamento da beb\u00ea&nbsp;<a href=\"https:\/\/www.cnnbrasil.com.br\/saude\/2020\/11\/19\/bebe-com-atrofia-muscular-espinhal-ame-recebe-remedio-de-r-12-milhoes\">Kyara Lis Rocha<\/a>, de 1 ano e tr\u00eas meses,&nbsp;diagnosticada com Atrofia Muscular Espinhal (AME) Tipo II.<\/p>\n\n\n\n<figure class=\"wp-block-image size-large\"><img loading=\"lazy\" width=\"678\" height=\"452\" src=\"https:\/\/justicapotiguar.com.br\/wp-content\/uploads\/2020\/12\/images-7.jpeg\" alt=\"\" class=\"wp-image-14995\" srcset=\"https:\/\/justicapotiguar.com.br\/wp-content\/uploads\/2020\/12\/images-7.jpeg 678w, https:\/\/justicapotiguar.com.br\/wp-content\/uploads\/2020\/12\/images-7-300x200.jpeg 300w\" sizes=\"(max-width: 678px) 100vw, 678px\" \/><figcaption>Reprodu\u00e7\u00e3o<\/figcaption><\/figure>\n\n\n\n<p>Em outubro, em decis\u00e3o monocr\u00e1tica, o ministro Napole\u00e3o Nunes Maia Filho determinou que o Minist\u00e9rio da Sa\u00fade realizasse dep\u00f3sito no valor R$ 6,6 milh\u00f5es para completar o custo do rem\u00e9dio &#8211; avaliado em cerca de R$ 12 milh\u00f5es &#8211; depois que R$ 5,3 milh\u00f5es j\u00e1 haviam sido arrecadados pela fam\u00edlia de Kyara, por meio de doa\u00e7\u00f5es.<\/p>\n\n\n\n<p>Recentemente, a Advocacia-Geral da Uni\u00e3o (AGU) recorreu ao Superior Tribunal de Justi\u00e7a (STJ) para que o governo receba a restitui\u00e7\u00e3o do valor.<\/p>\n\n\n\n<p>Analisando o caso, a subprocuradora-geral da Rep\u00fablica Darcy Santana Vitobello chegou ao entendimento de que o Estado n\u00e3o \u00e9 obrigado a fornecer o rem\u00e9dio, que est\u00e1 fora da lista do SUS.<\/p><div class=\"xvsov69f3bc3bbd722\" ><!--<a href=\"https:\/\/bit.ly\/3QdrqTZ\" target=\"_blank\">\n<img src=\"https:\/\/justicapotiguar.com.br\/wp-content\/uploads\/2023\/09\/mobile-geral.gif\"\/><a\/>--><\/div><style type=\"text\/css\">\r\n.xvsov69f3bc3bbd722 {\r\ntext-align: center;\r\n}\r\n@media screen and (min-width: 1201px) {\r\n.xvsov69f3bc3bbd722 {\r\ndisplay: none;\r\n}\r\n}\r\n@media screen and (min-width: 993px) and (max-width: 1200px) {\r\n.xvsov69f3bc3bbd722 {\r\ndisplay: none;\r\n}\r\n}\r\n@media screen and (min-width: 769px) and (max-width: 992px) {\r\n.xvsov69f3bc3bbd722 {\r\ndisplay: none;\r\n}\r\n}\r\n@media screen and (min-width: 768px) and (max-width: 768px) {\r\n.xvsov69f3bc3bbd722 {\r\ndisplay: block;\r\n}\r\n}\r\n@media screen and (max-width: 767px) {\r\n.xvsov69f3bc3bbd722 {\r\ndisplay: block;\r\n}\r\n}\r\n<\/style>\r\n<div class=\"rsuaw69f3bc3bbd70d\" ><!--<a href=\"https:\/\/bit.ly\/3QdrqTZ\" target=\"_blank\">\n<img src=\"https:\/\/justicapotiguar.com.br\/wp-content\/uploads\/2023\/09\/desktop-geral.gif\"\/><a\/>--><\/div><style type=\"text\/css\">\r\n.rsuaw69f3bc3bbd70d {\r\ntext-align: center;\nmargin-bottom: 1em;\r\n}\r\n@media screen and (min-width: 1201px) {\r\n.rsuaw69f3bc3bbd70d {\r\ndisplay: block;\r\n}\r\n}\r\n@media screen and (min-width: 993px) and (max-width: 1200px) {\r\n.rsuaw69f3bc3bbd70d {\r\ndisplay: block;\r\n}\r\n}\r\n@media screen and (min-width: 769px) and (max-width: 992px) {\r\n.rsuaw69f3bc3bbd70d {\r\ndisplay: block;\r\n}\r\n}\r\n@media screen and (min-width: 768px) and (max-width: 768px) {\r\n.rsuaw69f3bc3bbd70d {\r\ndisplay: none;\r\n}\r\n}\r\n@media screen and (max-width: 767px) {\r\n.rsuaw69f3bc3bbd70d {\r\ndisplay: none;\r\n}\r\n}\r\n<\/style>\r\n\n\n\n\n<p>Segundo ela, um medicamento deve ser custeado mesmo fora do SUS&nbsp;&#8220;se comprovada efic\u00e1cia e imprescindibilidade para o tratamento&#8221;.&nbsp;Vitobello entende que, no caso de Kyara,&nbsp;os laudos m\u00e9dicos &#8220;n\u00e3o afirmam que o tratamento com o f\u00e1rmaco milion\u00e1rio \u00e9 curativo, tampouco garantem que a paciente n\u00e3o retornar\u00e1 a usar o rem\u00e9dio de alto de custo j\u00e1 assegurado pelo SUS&#8221;.<\/p>\n\n\n\n<h4>Governo pede restitui\u00e7\u00e3o de R$ 6,6 milh\u00f5es<\/h4>\n\n\n\n<p>Na \u00faltima semana, a Advocacia-Geral da Uni\u00e3o (AGU) recorreu ao Superior Tribunal de Justi\u00e7a (STJ) para que os pais de Kyara restituam depositado pelo Minist\u00e9rio da Sa\u00fade para completar a diferen\u00e7a para a aquisi\u00e7\u00e3o do Zolgensma, avaliado em cerca de R$ 12 milh\u00f5es. A CNN teve acesso ao documento. O caso est\u00e1 sob segredo de justi\u00e7a.<\/p>\n\n\n\n<p>Pelo entendimento do MPF, o &#8220;fornecimento pelo Poder P\u00fablico de medicamento n\u00e3o previsto na lista do Sistema \u00danico de Sa\u00fade (SUS) est\u00e1 vinculado \u00e0 demonstra\u00e7\u00e3o cient\u00edfica da imprescindibilidade do rem\u00e9dio para tratamento da doen\u00e7a, bem como da inefic\u00e1cia da alternativa oferecida pelo Estado&#8221;.<\/p>\n\n\n\n<p>CNN Brasil<\/p>\n","protected":false},"excerpt":{"rendered":"<p>Em parecer emitido nesta quarta-feira (1\u00ba), o Minist\u00e9rio P\u00fablico Federal (MPF) defende que a Uni\u00e3o n\u00e3o deve arcar com parte do pagamento do f\u00e1rmaco Zolgensma &#8211; conhecido como o &#8220;rem\u00e9dio mais caro do mundo&#8221; &#8211; no tratamento da beb\u00ea&nbsp;Kyara Lis Rocha, de 1 ano e tr\u00eas meses,&nbsp;diagnosticada com Atrofia Muscular Espinhal (AME) Tipo II. Em<br \/><a class=\"more-link\" href=\"https:\/\/justicapotiguar.com.br\/index.php\/2020\/12\/02\/caso-da-bebe-kyara-para-mpf-uniao-nao-deve-pagar-remedio-mais-caro-do-mundo\/\">Mais&#8230;<\/a><\/p>\n","protected":false},"author":5,"featured_media":14995,"comment_status":"open","ping_status":"open","sticky":false,"template":"","format":"standard","meta":[],"categories":[3],"tags":[],"_links":{"self":[{"href":"https:\/\/justicapotiguar.com.br\/index.php\/wp-json\/wp\/v2\/posts\/14994"}],"collection":[{"href":"https:\/\/justicapotiguar.com.br\/index.php\/wp-json\/wp\/v2\/posts"}],"about":[{"href":"https:\/\/justicapotiguar.com.br\/index.php\/wp-json\/wp\/v2\/types\/post"}],"author":[{"embeddable":true,"href":"https:\/\/justicapotiguar.com.br\/index.php\/wp-json\/wp\/v2\/users\/5"}],"replies":[{"embeddable":true,"href":"https:\/\/justicapotiguar.com.br\/index.php\/wp-json\/wp\/v2\/comments?post=14994"}],"version-history":[{"count":1,"href":"https:\/\/justicapotiguar.com.br\/index.php\/wp-json\/wp\/v2\/posts\/14994\/revisions"}],"predecessor-version":[{"id":14996,"href":"https:\/\/justicapotiguar.com.br\/index.php\/wp-json\/wp\/v2\/posts\/14994\/revisions\/14996"}],"wp:featuredmedia":[{"embeddable":true,"href":"https:\/\/justicapotiguar.com.br\/index.php\/wp-json\/wp\/v2\/media\/14995"}],"wp:attachment":[{"href":"https:\/\/justicapotiguar.com.br\/index.php\/wp-json\/wp\/v2\/media?parent=14994"}],"wp:term":[{"taxonomy":"category","embeddable":true,"href":"https:\/\/justicapotiguar.com.br\/index.php\/wp-json\/wp\/v2\/categories?post=14994"},{"taxonomy":"post_tag","embeddable":true,"href":"https:\/\/justicapotiguar.com.br\/index.php\/wp-json\/wp\/v2\/tags?post=14994"}],"curies":[{"name":"wp","href":"https:\/\/api.w.org\/{rel}","templated":true}]}}