{"id":1497,"date":"2019-08-28T10:07:05","date_gmt":"2019-08-28T13:07:05","guid":{"rendered":"https:\/\/justicapotiguar.com.br\/?p=1497"},"modified":"2019-08-28T10:07:05","modified_gmt":"2019-08-28T13:07:05","slug":"camara-criminal-nega-habeas-corpus-para-acusado-de-planejar-morte-de-hoteleiro-em-ponta-negra","status":"publish","type":"post","link":"https:\/\/justicapotiguar.com.br\/index.php\/2019\/08\/28\/camara-criminal-nega-habeas-corpus-para-acusado-de-planejar-morte-de-hoteleiro-em-ponta-negra\/","title":{"rendered":"C\u00e2mara Criminal nega Habeas Corpus para acusado de planejar morte de hoteleiro em Ponta Negra"},"content":{"rendered":"\n<figure class=\"wp-block-image\"><img loading=\"lazy\" width=\"860\" height=\"645\" src=\"https:\/\/justicapotiguar.com.br\/wp-content\/uploads\/2019\/08\/TJRN-01-1.jpg\" alt=\"\" class=\"wp-image-497\" srcset=\"https:\/\/justicapotiguar.com.br\/wp-content\/uploads\/2019\/08\/TJRN-01-1.jpg 860w, https:\/\/justicapotiguar.com.br\/wp-content\/uploads\/2019\/08\/TJRN-01-1-300x225.jpg 300w, https:\/\/justicapotiguar.com.br\/wp-content\/uploads\/2019\/08\/TJRN-01-1-768x576.jpg 768w\" sizes=\"(max-width: 860px) 100vw, 860px\" \/><figcaption>Foto: Divulga\u00e7\u00e3o<\/figcaption><\/figure>\n\n\n\n<p>A C\u00e2mara Criminal do Tribunal de Justi\u00e7a do RN julgou, na sess\u00e3o desta ter\u00e7a-feira (27), um recurso relacionado ao homic\u00eddio do empres\u00e1rio do ramo de hotelaria, Ademar Miranda Neto, ocorrido em junho de 2016, em Natal. O \u00f3rg\u00e3o julgador apreciou e negou pedido de Habeas Corpus movido pela defesa de Ant\u00f4nio Ribeiro de Andrade Neto, que teria encomendado o crime junto \u00e0 namorada, a socialite Martha Renatta Borsatto Messias Miranda, ent\u00e3o esposa do hoteleiro. Ap\u00f3s j\u00fari popular realizado em abril deste ano, eles foram condenados a 20 e 14 anos de pris\u00e3o, respectivamente.<\/p>\n\n\n\n<p>Segundo o advogado de Ant\u00f4nio Ribeiro, o acusado n\u00e3o teria sido denunciado pelos fatos que resultaram na pris\u00e3o e n\u00e3o existiria uma suposta tentativa de corromper testemunhas por parte do r\u00e9u. Ainda de acordo com a defesa, h\u00e1 um extenso lapso temporal, ao considerar o per\u00edodo entre o crime (2016) e a decreta\u00e7\u00e3o da nova pris\u00e3o, em abril deste ano. Argumentos n\u00e3o acolhidos pelos desembargadores.<\/p>\n\n\n\n<p>Para a representante do Minist\u00e9rio P\u00fablico na C\u00e2mara Criminal, a procuradora Naide Pinheiro, deve se considerar o entendimento jurisprudencial do Supremo Tribunal Federal (STF), no que se relaciona \u00e0 soberania dos veredictos do j\u00fari popular, somente contorn\u00e1vel quando de provas contr\u00e1rias aos autos, o que n\u00e3o \u00e9 o caso do novo Habeas Corpus. \u201cFato esse que n\u00e3o elimina o princ\u00edpio da presun\u00e7\u00e3o de inoc\u00eancia\u201d, destaca a procuradora.<\/p><div class=\"fquxl69f459883016c\" ><!--<a href=\"https:\/\/bit.ly\/3QdrqTZ\" target=\"_blank\">\n<img src=\"https:\/\/justicapotiguar.com.br\/wp-content\/uploads\/2023\/09\/mobile-geral.gif\"\/><a\/>--><\/div><style type=\"text\/css\">\r\n.fquxl69f459883016c {\r\ntext-align: center;\r\n}\r\n@media screen and (min-width: 1201px) {\r\n.fquxl69f459883016c {\r\ndisplay: none;\r\n}\r\n}\r\n@media screen and (min-width: 993px) and (max-width: 1200px) {\r\n.fquxl69f459883016c {\r\ndisplay: none;\r\n}\r\n}\r\n@media screen and (min-width: 769px) and (max-width: 992px) {\r\n.fquxl69f459883016c {\r\ndisplay: none;\r\n}\r\n}\r\n@media screen and (min-width: 768px) and (max-width: 768px) {\r\n.fquxl69f459883016c {\r\ndisplay: block;\r\n}\r\n}\r\n@media screen and (max-width: 767px) {\r\n.fquxl69f459883016c {\r\ndisplay: block;\r\n}\r\n}\r\n<\/style>\r\n<div class=\"uvoaz69f4598830153\" ><!--<a href=\"https:\/\/bit.ly\/3QdrqTZ\" target=\"_blank\">\n<img src=\"https:\/\/justicapotiguar.com.br\/wp-content\/uploads\/2023\/09\/desktop-geral.gif\"\/><a\/>--><\/div><style type=\"text\/css\">\r\n.uvoaz69f4598830153 {\r\ntext-align: center;\nmargin-bottom: 1em;\r\n}\r\n@media screen and (min-width: 1201px) {\r\n.uvoaz69f4598830153 {\r\ndisplay: block;\r\n}\r\n}\r\n@media screen and (min-width: 993px) and (max-width: 1200px) {\r\n.uvoaz69f4598830153 {\r\ndisplay: block;\r\n}\r\n}\r\n@media screen and (min-width: 769px) and (max-width: 992px) {\r\n.uvoaz69f4598830153 {\r\ndisplay: block;\r\n}\r\n}\r\n@media screen and (min-width: 768px) and (max-width: 768px) {\r\n.uvoaz69f4598830153 {\r\ndisplay: none;\r\n}\r\n}\r\n@media screen and (max-width: 767px) {\r\n.uvoaz69f4598830153 {\r\ndisplay: none;\r\n}\r\n}\r\n<\/style>\r\n\n\n\n\n<p>\u201cSeria muito estranho um indiv\u00edduo ser condenado em um j\u00fari popular e sair em liberdade porque o advogado vai recorrer do veredicto\u201d, acrescenta um dos desembargadores da C\u00e2mara Criminal, enquanto o relator do HC destaca que a pris\u00e3o \u00e9 necess\u00e1ria para a garantia da ordem p\u00fablica e diante da gravidade concreta do delito. \u201cFoi um crime em via p\u00fablica, com planejamento de emboscada\u201d, enfatizou.<\/p>\n\n\n\n<p>O empres\u00e1rio de 58 anos foi morto por disparos de arma de fogo por dois criminosos ao parar seu ve\u00edculo em um sinal de tr\u00e2nsito na Avenida Roberto Freire, na zona Sul de Natal.<\/p>\n","protected":false},"excerpt":{"rendered":"<p>O \u00f3rg\u00e3o julgador apreciou e negou pedido de Habeas Corpus<br \/><a class=\"more-link\" href=\"https:\/\/justicapotiguar.com.br\/index.php\/2019\/08\/28\/camara-criminal-nega-habeas-corpus-para-acusado-de-planejar-morte-de-hoteleiro-em-ponta-negra\/\">Mais&#8230;<\/a><\/p>\n","protected":false},"author":5,"featured_media":615,"comment_status":"open","ping_status":"open","sticky":false,"template":"","format":"standard","meta":[],"categories":[3],"tags":[],"_links":{"self":[{"href":"https:\/\/justicapotiguar.com.br\/index.php\/wp-json\/wp\/v2\/posts\/1497"}],"collection":[{"href":"https:\/\/justicapotiguar.com.br\/index.php\/wp-json\/wp\/v2\/posts"}],"about":[{"href":"https:\/\/justicapotiguar.com.br\/index.php\/wp-json\/wp\/v2\/types\/post"}],"author":[{"embeddable":true,"href":"https:\/\/justicapotiguar.com.br\/index.php\/wp-json\/wp\/v2\/users\/5"}],"replies":[{"embeddable":true,"href":"https:\/\/justicapotiguar.com.br\/index.php\/wp-json\/wp\/v2\/comments?post=1497"}],"version-history":[{"count":1,"href":"https:\/\/justicapotiguar.com.br\/index.php\/wp-json\/wp\/v2\/posts\/1497\/revisions"}],"predecessor-version":[{"id":1498,"href":"https:\/\/justicapotiguar.com.br\/index.php\/wp-json\/wp\/v2\/posts\/1497\/revisions\/1498"}],"wp:featuredmedia":[{"embeddable":true,"href":"https:\/\/justicapotiguar.com.br\/index.php\/wp-json\/wp\/v2\/media\/615"}],"wp:attachment":[{"href":"https:\/\/justicapotiguar.com.br\/index.php\/wp-json\/wp\/v2\/media?parent=1497"}],"wp:term":[{"taxonomy":"category","embeddable":true,"href":"https:\/\/justicapotiguar.com.br\/index.php\/wp-json\/wp\/v2\/categories?post=1497"},{"taxonomy":"post_tag","embeddable":true,"href":"https:\/\/justicapotiguar.com.br\/index.php\/wp-json\/wp\/v2\/tags?post=1497"}],"curies":[{"name":"wp","href":"https:\/\/api.w.org\/{rel}","templated":true}]}}